{"id":85983,"date":"2024-10-20T15:43:02","date_gmt":"2024-10-20T15:43:02","guid":{"rendered":"https:\/\/www.ole.com.ar\/internacional\/italia\/video-golazo-mateo-retegui-lucas-beltran-serie_0_2Pa8WT22aR.html"},"modified":"2024-10-20T15:43:02","modified_gmt":"2024-10-20T15:43:02","slug":"videos-golazo-de-mateo-retegui-y-otro-tanto-de-lucas-beltran-en-la-serie-a","status":"publish","type":"post","link":"http:\/\/hoycordobaweb.com\/index.php\/2024\/10\/20\/videos-golazo-de-mateo-retegui-y-otro-tanto-de-lucas-beltran-en-la-serie-a\/","title":{"rendered":"Videos: golazo de Mateo Retegui y otro tanto de Lucas Beltr\u00e1n en la Serie A"},"content":{"rendered":"<p><img src=\"http:\/\/hoycordobaweb.com\/wp-content\/uploads\/2024\/10\/videos-golazo-de-mateo-retegui-y-otro-tanto-de-lucas-beltran-en-la-serie-a.jpg\"><\/p>\n<p><time class=\"createDate\" datetime=\"2024-10-20T12:43:02-03:00\">20\/10\/2024 12:43hs.<\/time><\/p>\n<div id=\"storyBody\">\n<div class=\"custom-text \" readability=\"28.442307692308\">\n<p><a href=\"https:\/\/www.ole.com.ar\/tema\/mateo-retegui.html\" title=\"Mateo Retegui\" alt=\"Mateo Retegui\" class=\"slug\">Mateo Retegui<\/a> y <a href=\"https:\/\/www.ole.com.ar\/tema\/lucas-beltran.html\" title=\"Lucas Beltr\u00e1n\" alt=\"Lucas Beltr\u00e1n\" class=\"slug\">Lucas Beltr\u00e1n<\/a> se despacharon con goles este domingo en las victorias del Atalanta y la Fiorentina respectivamente. Alegr\u00edas dobles y una fecha ocho muy productiva para los dos en la <a href=\"https:\/\/www.ole.com.ar\/tema\/serie-a.html\" title=\"Serie A\" alt=\"Serie A\" class=\"slug\">Serie A<\/a>.<\/p>\n<\/div>\n<div class=\"custom-text \" readability=\"39\">\n<p>En el arranque de la segunda mitad ante el Venezia, Retegui aprovech\u00f3 un error defensivo y se fue solo contra el arco. Pese a los tironeos de su rival, mantuvo siempre el control de la pelota y, apenas lo vio al arquero adelantado, <strong>se la pic\u00f3 para un golazo que sell\u00f3 la victoria del Atalanta por 2-0.<\/strong><\/p>\n<\/div>\n<div class=\"custom-text \" readability=\"39\">\n<p>Beltr\u00e1n, por su parte, marc\u00f3 el quinto gol del triunfo 6-0 de la Fiorentina ante el Lecce. Su tanto fue bien de 9 cazador: olfate\u00f3 el tanto, se ubic\u00f3 de frente al arco y, tras unos rebotes, <strong>la pelota le lleg\u00f3 para empujarla y estirar a\u00fan m\u00e1s la goleada de su equipo. <\/strong><\/p>\n<\/div>\n<div class=\"custom-text \" readability=\"36\">\n<p>Con estas victorias, tanto la Fiore como el Atalanta llegaron a las 13 unidades. Sin embargo, los de Beltr\u00e1n tienen una mejor posici\u00f3n (5\u00b0) que los de Retegui (6\u00b0), por mejor diferencia de gol.<\/p>\n<\/div>\n<p><h2><strong>Videos: los goles de Retegui y Beltr\u00e1n<\/strong><\/h2>\n<\/p>\n<div type=\"embed\" class=\"sc-3f46f5ae-0 djVTgz\">\n<div class=\"sc-3f46f5ae-1 fTjZec videoText\" id=\"contentTitleembedQa2LBGyS\" type=\"embed\"><svg fill=\"#ffffff\"><symbol id=\"play\" viewBox=\"0 0 512 512\"><path d=\"M512 256C512 397.4 397.4 512 256 512C114.6 512 0 397.4 0 256C0 114.6 114.6 0 256 0C397.4 0 512 114.6 512 256zM176 168V344C176 352.7 180.7 360.7 188.3 364.9C195.8 369.2 205.1 369 212.5 364.5L356.5 276.5C363.6 272.1 368 264.4 368 256C368 247.6 363.6 239.9 356.5 235.5L212.5 147.5C205.1 142.1 195.8 142.8 188.3 147.1C180.7 151.3 176 159.3 176 168V168z\" \/><\/symbol><use xlink:href=\"#play\" \/><\/svg><\/p>\n<div class=\"right\">\n<p>Mateo Retegui<!-- --> &#8211;<!-- --> <span>&nbsp;<\/span><\/p>\n<h2 class=\"title-vid\">El golazo de Mateo Retegui ante el Venezia<\/h2>\n<\/div>\n<\/div>\n<p><span class=\"back\" id=\"spanBackembedQa2LBGyS\"><\/span><\/div>\n<div type=\"embed\" class=\"sc-3f46f5ae-0 djVTgz\">\n<div class=\"sc-3f46f5ae-1 fTjZec videoText\" id=\"contentTitleembedASwNyfhO\" type=\"embed\"><svg fill=\"#ffffff\"><symbol id=\"play\" viewBox=\"0 0 512 512\"><path d=\"M512 256C512 397.4 397.4 512 256 512C114.6 512 0 397.4 0 256C0 114.6 114.6 0 256 0C397.4 0 512 114.6 512 256zM176 168V344C176 352.7 180.7 360.7 188.3 364.9C195.8 369.2 205.1 369 212.5 364.5L356.5 276.5C363.6 272.1 368 264.4 368 256C368 247.6 363.6 239.9 356.5 235.5L212.5 147.5C205.1 142.1 195.8 142.8 188.3 147.1C180.7 151.3 176 159.3 176 168V168z\" \/><\/symbol><use xlink:href=\"#play\" \/><\/svg><\/p>\n<div class=\"right\">\n<p>Lucas Beltr\u00e1n<!-- --> &#8211;<!-- --> <span>&nbsp;<\/span><\/p>\n<h2 class=\"title-vid\">Gol de Lucas Beltr\u00e1n en el triunfazo de la Fiorentina<\/h2>\n<\/div>\n<\/div>\n<p><span class=\"back\" id=\"spanBackembedASwNyfhO\"><\/span><\/div>\n<div class=\"sc-a7166897-0 eoLsBE\" readability=\"6.5\">\n<section readability=\"3\"><picture><img alt=\"Manchester City gan\u00f3 en el quinto minuto de descuento ante el peor de la Premier y lleg\u00f3 a la punta\" loading=\"lazy\" width=\"290\" height=\"290\" decoding=\"async\" data-nimg=\"1\" src=\"http:\/\/hoycordobaweb.com\/wp-content\/uploads\/2024\/10\/videos-golazo-de-mateo-retegui-y-otro-tanto-de-lucas-beltran-en-la-serie-a-2.jpg\"><\/picture>\n<p><span>Mir\u00e1 tambi\u00e9n<\/span><\/p>\n<hr>\n<h3>Manchester City gan\u00f3 en el quinto minuto de descuento ante el peor de la Premier y lleg\u00f3 a la punta<\/h3>\n<\/p>\n<\/section>\n<\/div>\n<div class=\"sc-a7166897-0 eoLsBE\" readability=\"6.5\">\n<section readability=\"3\"><picture><img alt=\"El duro reclamo de las futbolistas de Corinthians tras consagrarse pentacampeonas de la Libertadores \" loading=\"lazy\" width=\"290\" height=\"290\" decoding=\"async\" data-nimg=\"1\" src=\"http:\/\/hoycordobaweb.com\/wp-content\/uploads\/2024\/10\/videos-golazo-de-mateo-retegui-y-otro-tanto-de-lucas-beltran-en-la-serie-a-3.jpg\"><\/picture>\n<p><span>Mir\u00e1 tambi\u00e9n<\/span><\/p>\n<hr>\n<h3>El duro reclamo de las futbolistas de Corinthians tras consagrarse pentacampeonas de la Libertadores <\/h3>\n<\/p>\n<\/section>\n<\/div>\n<\/div>\n","protected":false},"excerpt":{"rendered":"<p>20\/10\/2024 12:43hs. Mateo Retegui y Lucas Beltr\u00e1n se despacharon con goles este domingo en las victorias del Atalanta y la Fiorentina respectivamente. Alegr\u00edas dobles y una fecha ocho muy productiva para los dos en la Serie A. En el arranque de la segunda mitad ante el Venezia, Retegui aprovech\u00f3 un error defensivo y se fue [&hellip;]<\/p>\n","protected":false},"author":1,"featured_media":85984,"comment_status":"open","ping_status":"closed","sticky":false,"template":"","format":"standard","meta":[],"categories":[16],"tags":[],"_links":{"self":[{"href":"http:\/\/hoycordobaweb.com\/index.php\/wp-json\/wp\/v2\/posts\/85983"}],"collection":[{"href":"http:\/\/hoycordobaweb.com\/index.php\/wp-json\/wp\/v2\/posts"}],"about":[{"href":"http:\/\/hoycordobaweb.com\/index.php\/wp-json\/wp\/v2\/types\/post"}],"author":[{"embeddable":true,"href":"http:\/\/hoycordobaweb.com\/index.php\/wp-json\/wp\/v2\/users\/1"}],"replies":[{"embeddable":true,"href":"http:\/\/hoycordobaweb.com\/index.php\/wp-json\/wp\/v2\/comments?post=85983"}],"version-history":[{"count":0,"href":"http:\/\/hoycordobaweb.com\/index.php\/wp-json\/wp\/v2\/posts\/85983\/revisions"}],"wp:featuredmedia":[{"embeddable":true,"href":"http:\/\/hoycordobaweb.com\/index.php\/wp-json\/wp\/v2\/media\/85984"}],"wp:attachment":[{"href":"http:\/\/hoycordobaweb.com\/index.php\/wp-json\/wp\/v2\/media?parent=85983"}],"wp:term":[{"taxonomy":"category","embeddable":true,"href":"http:\/\/hoycordobaweb.com\/index.php\/wp-json\/wp\/v2\/categories?post=85983"},{"taxonomy":"post_tag","embeddable":true,"href":"http:\/\/hoycordobaweb.com\/index.php\/wp-json\/wp\/v2\/tags?post=85983"}],"curies":[{"name":"wp","href":"https:\/\/api.w.org\/{rel}","templated":true}]}}