{"id":85878,"date":"2024-10-19T12:22:22","date_gmt":"2024-10-19T12:22:22","guid":{"rendered":"https:\/\/ladecimaweb.com\/?p=29656"},"modified":"2024-10-19T12:22:22","modified_gmt":"2024-10-19T12:22:22","slug":"estudiantes-de-escuela-municipal-de-santa-isabel-ii-se-destacaron-en-un-concurso-de-literatura","status":"publish","type":"post","link":"http:\/\/hoycordobaweb.com\/index.php\/2024\/10\/19\/estudiantes-de-escuela-municipal-de-santa-isabel-ii-se-destacaron-en-un-concurso-de-literatura\/","title":{"rendered":"Estudiantes de escuela municipal de Santa Isabel II se destacaron en un concurso de literatura"},"content":{"rendered":"<div class=\"boldgrid-section\">\n<div class=\"container\">\n<div class=\"row\">\n<div class=\"col-md-12 col-xs-12 col-sm-12\">\n<p class=\"\">En el marco del <strong>28\u00ba Concurso de Literatura y Matem\u00e1tica<\/strong> <strong>\u201cCuentos con cuentas\u201d,<\/strong> estudiantes de las escuelas municipales lograron destacarse en la ronda nacional obteniendo importantes premios en distintas categor\u00edas.<\/p>\n<p class=\"\">El evento, organizado por la Organizaci\u00f3n Matem\u00e1tica Argentina (OMA), se realiz\u00f3 en el Hotel FATSA de La Falda, C\u00f3rdoba, con la participaci\u00f3n de alumnos de entre 5 y 12 a\u00f1os de todo el pa\u00eds.<\/p>\n<p class=\"\"><strong>Los estudiantes de 5to y 6to grado<\/strong> accedieron a la instancia final tras superar las primeras dos rondas del certamen, que tuvieron lugar en los meses de junio y agosto.<\/p>\n<p class=\"\">El concurso promueve la interdisciplinariedad entre lengua, literatura y matem\u00e1tica, desafiando a los estudiantes a resolver problemas matem\u00e1ticos mientras desarrollan sus habilidades literarias.<\/p>\n<p class=\"\">En esta edici\u00f3n, los alumnos municipales <strong>se destacaron<\/strong> en la categor\u00eda Nivel Elemental A: Campe\u00f3n en poes\u00eda: Kenneth Luques Sosa (Escuela Dr. Pedro Carande Carro),<strong> Subcampe\u00f3n en poes\u00eda: Ciro Sosa Orod\u00e1 (Escuela Dr. Carlos Fern\u00e1ndez Ord\u00f3\u00f1ez), Campeona en prosa: Luz Martina Carrera (Escuela Dr. Carlos Fern\u00e1ndez Ord\u00f3\u00f1ez) y Subcampe\u00f3n en prosa: Ciro Sosa Orod\u00e1 (Escuela Dr. Carlos Fern\u00e1ndez Ord\u00f3\u00f1ez)<\/strong><\/p>\n<p class=\"\">Adem\u00e1s, se otorgaron menciones especiales por <strong>desempe\u00f1o, creatividad y producci\u00f3n literaria<\/strong> a los siguientes estudiantes: <strong>Mia Godoy (Escuela Dr. Carlos Fern\u00e1ndez Ord\u00f3\u00f1ez)<\/strong>, Lautaro Pensa (Escuela Dr. Pedro Carande Carro) y Agust\u00edn Puj\u00f3n Oropel (Escuela Brigadier San Mart\u00edn).<\/p>\n<p class=\"\">\u00abEs un orgullo para nuestra ciudad contar con estudiantes que, a trav\u00e9s de su esfuerzo y creatividad, nos representan en instancias nacionales de tanto prestigio como este concurso\u00bb, expres\u00f3 la secretaria de Educaci\u00f3n, Alicia La Terza.<\/p>\n<p><strong>Sobre el concurso<\/strong><\/p>\n<p class=\"\">En los t\u00e9rminos de la Organizaci\u00f3n Matem\u00e1tica Argentina (OMA), la intenci\u00f3n de este concurso es promover la interdisciplinariedad de las materias Lengua y Matem\u00e1tica, atendiendo a la importancia de la lengua (es decir, el c\u00f3digo verbal) como eje de interacci\u00f3n humana.<\/p>\n<p>El prop\u00f3sito es instruir y enriquecer el vocabulario de los participantes, como as\u00ed tambi\u00e9n la capacidad de expresarse fluidamente frente a situaciones de exposici\u00f3n, sin olvidar del deseo de estimular la imaginaci\u00f3n y el pensamiento anal\u00edtico y cr\u00edtico de las chicas y chicos.<\/p>\n<p>La competencia se hace entre alumnos regulares de 5 a 12 a\u00f1os de escolaridad, de todos los establecimientos del pa\u00eds que lo deseen, desarroll\u00e1ndose en por lo menos tres rondas eliminatorias de acuerdo al cronograma de OMA.<\/p>\n<p>En cada ronda los participantes escriben una versi\u00f3n literaria y libre, en prosa o poes\u00eda, de uno de los tres problemas propuestos. Hay cuatro (4) niveles de participaci\u00f3n: Nivel Elemental A, alumnos de 5 y 6 a\u00f1os de escolaridad, Nivel Elemental B alumnos de 7 y 8 a\u00f1os de escolaridad; Nivel Medio, alumnos de 9 y 10 a\u00f1os de escolaridad y Nivel Superior, alumnos de 11 y 12 a\u00f1os de escolaridad.<\/p>\n<p>En los trabajos presentados se evalu\u00f3: a) un intento serio de resoluci\u00f3n de la situaci\u00f3n planteada; b) la resoluci\u00f3n deber\u00e1 estar incluida en el relato; c) el relato no deber\u00e1 superar las<\/p>\n<\/div>\n<\/div>\n<\/div>\n<\/div>\n<p>La entrada <a rel=\"nofollow\" href=\"https:\/\/ladecimaweb.com\/estudiantes-de-escuela-municipal-de-santa-isabel-ii-se-destacaron-en-un-concurso-de-literatura\/\">Estudiantes de escuela municipal de Santa Isabel II se destacaron en un concurso de literatura<\/a> se public\u00f3 primero en <a rel=\"nofollow\" href=\"https:\/\/ladecimaweb.com\">LaDecima<\/a>.<\/p>\n","protected":false},"excerpt":{"rendered":"<p>En el marco del 28\u00ba Concurso de Literatura y Matem\u00e1tica \u201cCuentos con cuentas\u201d, estudiantes de las escuelas municipales lograron destacarse en la ronda nacional obteniendo importantes premios en distintas categor\u00edas. El evento, organizado por la Organizaci\u00f3n Matem\u00e1tica Argentina (OMA), se realiz\u00f3 en el Hotel FATSA de La Falda, C\u00f3rdoba, con la participaci\u00f3n de alumnos de [&hellip;]<\/p>\n","protected":false},"author":1,"featured_media":0,"comment_status":"closed","ping_status":"closed","sticky":false,"template":"","format":"standard","meta":[],"categories":[32],"tags":[],"_links":{"self":[{"href":"http:\/\/hoycordobaweb.com\/index.php\/wp-json\/wp\/v2\/posts\/85878"}],"collection":[{"href":"http:\/\/hoycordobaweb.com\/index.php\/wp-json\/wp\/v2\/posts"}],"about":[{"href":"http:\/\/hoycordobaweb.com\/index.php\/wp-json\/wp\/v2\/types\/post"}],"author":[{"embeddable":true,"href":"http:\/\/hoycordobaweb.com\/index.php\/wp-json\/wp\/v2\/users\/1"}],"replies":[{"embeddable":true,"href":"http:\/\/hoycordobaweb.com\/index.php\/wp-json\/wp\/v2\/comments?post=85878"}],"version-history":[{"count":0,"href":"http:\/\/hoycordobaweb.com\/index.php\/wp-json\/wp\/v2\/posts\/85878\/revisions"}],"wp:attachment":[{"href":"http:\/\/hoycordobaweb.com\/index.php\/wp-json\/wp\/v2\/media?parent=85878"}],"wp:term":[{"taxonomy":"category","embeddable":true,"href":"http:\/\/hoycordobaweb.com\/index.php\/wp-json\/wp\/v2\/categories?post=85878"},{"taxonomy":"post_tag","embeddable":true,"href":"http:\/\/hoycordobaweb.com\/index.php\/wp-json\/wp\/v2\/tags?post=85878"}],"curies":[{"name":"wp","href":"https:\/\/api.w.org\/{rel}","templated":true}]}}