{"id":85795,"date":"2024-10-18T15:57:47","date_gmt":"2024-10-18T15:57:47","guid":{"rendered":"http:\/\/hoycordobaweb.com\/index.php\/2024\/10\/18\/murio-el-exministro-de-salud-gines-gonzalez-garcia\/"},"modified":"2024-10-18T15:57:47","modified_gmt":"2024-10-18T15:57:47","slug":"murio-el-exministro-de-salud-gines-gonzalez-garcia","status":"publish","type":"post","link":"http:\/\/hoycordobaweb.com\/index.php\/2024\/10\/18\/murio-el-exministro-de-salud-gines-gonzalez-garcia\/","title":{"rendered":"Muri\u00f3 el exministro de Salud Gin\u00e9s Gonz\u00e1lez Garc\u00eda"},"content":{"rendered":"<div class=\"media_block\"><\/div>\n<div><img src=\"http:\/\/hoycordobaweb.com\/wp-content\/uploads\/2024\/10\/murio-el-exministro-de-salud-gines-gonzalez-garcia-1.jpg\" class=\"ff-og-image-inserted\"><\/div>\n<p>Muri\u00f3 el exministro de Salud<strong> Gin\u00e9s Gonz\u00e1lez Garc\u00eda<\/strong>. El m\u00e9dico sanitarista ten\u00eda 79 a\u00f1os. Sucedi\u00f3 poco despu\u00e9s&nbsp;de que este jueves&nbsp;la C\u00e1mara Federal porte\u00f1a confirmara el procesamiento &nbsp;del exfuncionario de Alberto Fern\u00e1ndez<strong> en la causa por el vacunatorio VIP.&nbsp;<\/strong><\/p>\n<p>Gonz\u00e1lez Garc\u00eda estaba internado en el Centro Quir\u00fargico Callao.&nbsp; A trav\u00e9s de un posteo realizado por la familia en la cuenta de Instagram del exministro fue recordaron como \u00ab<strong>un hombre distinto, cuya vida y legado han marcado un antes y un despu\u00e9s<\/strong>\u00ab.<\/p>\n<p>\u00abFue hijo, hermano, padre, abuelo y amigo. Su paso por este mundo dej\u00f3 una huella y una impronta que seguir\u00e1n abriendo caminos en cada uno de nosotros y nosotras\u00bb, agregaron.<\/p>\n<div class=\"subscription\" readability=\"6.683257918552\">\n<p>\nEsto no les gusta a los autoritarios\n<\/p>\n<div class=\"subscription__container\" readability=\"6.1467391304348\">\n<div class=\"subscription__text-wrapper\" readability=\"31.20652173913\">\n<p>\nEl ejercicio del periodismo profesional y cr\u00edtico es un pilar fundamental de la democracia. Por eso molesta a quienes creen ser los due\u00f1os de la verdad.\n<\/p>\n<\/p><\/div>\n<\/div><\/div>\n<p>Este jueves, la C\u00e1mara Federal porte\u00f1a confirm\u00f3 el procesamiento por presunto&nbsp;<strong>\u201cabuso de autoridad y peculado\u201d,<\/strong>&nbsp;&nbsp;en una decisi\u00f3n que tambi\u00e9n alcanz\u00f3 al exsecretario privado del ex funcionario&nbsp;<strong>Marcelo Guille<\/strong>&nbsp;y al director del Hospital Posadas,&nbsp;<strong>Alberto Maceira.<\/strong>&nbsp;<\/p>\n<p>Los jueces&nbsp;<strong>Leopoldo Bruglia, Pablo Bertuzzi y Mariano Llorens&nbsp;<\/strong>dispusieron tambi\u00e9n que se profundice la investigaci\u00f3n para determinar si quienes se inocularon por fuera del orden que establec\u00eda el Plan Nacional de Vacunaci\u00f3n cometieron alg\u00fan delito.<\/p>\n<p>En desarrollo<\/p>\n<p>LT<\/p>\n","protected":false},"excerpt":{"rendered":"<p>Muri\u00f3 el exministro de Salud Gin\u00e9s Gonz\u00e1lez Garc\u00eda. El m\u00e9dico sanitarista ten\u00eda 79 a\u00f1os. Sucedi\u00f3 poco despu\u00e9s&nbsp;de que este jueves&nbsp;la C\u00e1mara Federal porte\u00f1a confirmara el procesamiento &nbsp;del exfuncionario de Alberto Fern\u00e1ndez en la causa por el vacunatorio VIP.&nbsp; Gonz\u00e1lez Garc\u00eda estaba internado en el Centro Quir\u00fargico Callao.&nbsp; A trav\u00e9s de un posteo realizado por la [&hellip;]<\/p>\n","protected":false},"author":1,"featured_media":85796,"comment_status":"closed","ping_status":"closed","sticky":false,"template":"","format":"standard","meta":[],"categories":[19],"tags":[575],"_links":{"self":[{"href":"http:\/\/hoycordobaweb.com\/index.php\/wp-json\/wp\/v2\/posts\/85795"}],"collection":[{"href":"http:\/\/hoycordobaweb.com\/index.php\/wp-json\/wp\/v2\/posts"}],"about":[{"href":"http:\/\/hoycordobaweb.com\/index.php\/wp-json\/wp\/v2\/types\/post"}],"author":[{"embeddable":true,"href":"http:\/\/hoycordobaweb.com\/index.php\/wp-json\/wp\/v2\/users\/1"}],"replies":[{"embeddable":true,"href":"http:\/\/hoycordobaweb.com\/index.php\/wp-json\/wp\/v2\/comments?post=85795"}],"version-history":[{"count":0,"href":"http:\/\/hoycordobaweb.com\/index.php\/wp-json\/wp\/v2\/posts\/85795\/revisions"}],"wp:featuredmedia":[{"embeddable":true,"href":"http:\/\/hoycordobaweb.com\/index.php\/wp-json\/wp\/v2\/media\/85796"}],"wp:attachment":[{"href":"http:\/\/hoycordobaweb.com\/index.php\/wp-json\/wp\/v2\/media?parent=85795"}],"wp:term":[{"taxonomy":"category","embeddable":true,"href":"http:\/\/hoycordobaweb.com\/index.php\/wp-json\/wp\/v2\/categories?post=85795"},{"taxonomy":"post_tag","embeddable":true,"href":"http:\/\/hoycordobaweb.com\/index.php\/wp-json\/wp\/v2\/tags?post=85795"}],"curies":[{"name":"wp","href":"https:\/\/api.w.org\/{rel}","templated":true}]}}