{"id":8573,"date":"2020-12-28T06:50:00","date_gmt":"2020-12-28T06:50:00","guid":{"rendered":"https:\/\/www.perfil.com\/noticias\/actualidad\/ano-nuevo-como-estara-el-clima-durante-el-31-de-diciembre-y-1-de-enero.phtml"},"modified":"2020-12-28T06:50:00","modified_gmt":"2020-12-28T06:50:00","slug":"ano-nuevo-como-estara-el-clima-durante-el-31-de-diciembre-y-1-de-enero","status":"publish","type":"post","link":"http:\/\/hoycordobaweb.com\/index.php\/2020\/12\/28\/ano-nuevo-como-estara-el-clima-durante-el-31-de-diciembre-y-1-de-enero\/","title":{"rendered":"A\u00f1o Nuevo: \u00bfc\u00f3mo estar\u00e1 el clima durante el 31 de diciembre y 1 de enero?"},"content":{"rendered":"<p><img src=\"http:\/\/hoycordobaweb.com\/wp-content\/uploads\/2020\/12\/ano-nuevo-como-estara-el-clima-durante-el-31-de-diciembre-y-1-de-enero.jpg\"><\/p>\n<div><img src=\"http:\/\/hoycordobaweb.com\/wp-content\/uploads\/2020\/12\/ano-nuevo-como-estara-el-clima-durante-el-31-de-diciembre-y-1-de-enero-2.jpg\" class=\"ff-og-image-inserted\"><\/div>\n<aside class=\"relatedPost\">\n<h3>Noticias Relacionadas<\/h3>\n<\/aside>\n<p>El <strong>Servicio Meteorol\u00f3gico Nacional<\/strong> (SMN) asegur\u00f3 este domingo que, de la misma manera que ocurri\u00f3 en <strong>Navidad<\/strong>, la celebraci\u00f3n por la llegada del<strong> <a target=\"_blank\" href=\"https:\/\/www.perfil.com\/noticias\/actualidad\/por-el-asueto-no-habra-partes-de-covid-en-navidad-y-ano-nuevo.phtml\" rel=\"noopener noreferrer\">A\u00f1o Nuevo<\/a><\/strong> contar\u00e1 con una jornada nublada y calurosa. Por lo tanto, las familias podr\u00e1n volver a organizar tanto la cena de la v\u00edspera como el primer almuerzo de 2021 al aire libre.&nbsp;<\/p>\n<p>Para el jueves 31 de diciembre, se espera un <strong>cielo parcialmente cubierto<\/strong>, con vientos del sur y temperaturas que ir\u00e1n de <strong>los 15 a los 27 grados<\/strong>.&nbsp;En tanto, para el viernes 1 de enero se prev\u00e9<strong> cielo nublado<\/strong>, vientos del este rotando al sudeste y marcas t\u00e9rmicas que oscilar\u00e1n entre<strong> los 17 y los 29 grados<\/strong>.<\/p>\n<p>Las familias podr\u00e1n tener como alternativa, sobre todo haciendo hincapi\u00e9 en las medidas de&nbsp;prevenci\u00f3n para evitar contagios, la posibilidad de <strong>reunirse al aire libre en las casas<\/strong>.<\/p>\n<p class=\"destacadoNota\"><a target=\"_blank\" href=\"https:\/\/www.perfil.com\/noticias\/internacional\/navidad-y-ano-nuevo-con-restricciones-para-la-mayoria-de-los-europeos.phtml\" rel=\"noopener noreferrer\">Los cinco consejos de Rodr\u00edguez Larreta para unas fiestas \u00ablibres de coronavirus\u00bb<\/a><\/p>\n<h3><u><strong>D\u00edas previos a Fin de A\u00f1o<\/strong><\/u><\/h3>\n<p>Ser\u00e1 una semana de bastante calor. En la mayor\u00eda de los casos, los term\u00f3metros alcanzar\u00e1n la barrera de los <strong>30 grados<\/strong>.<\/p>\n<p>Este lunes el cielo estar\u00e1 mayormente nublado, los vientos ser\u00e1n del noreste rotando al este y los term\u00f3metros marcar\u00e1n entre<strong> 22 y 30 grados<\/strong>. El martes, por su parte, contar\u00e1 con <strong>chaparrones por la ma\u00f1ana<\/strong>,&nbsp;mejorando hacia la tarde, con vientos del norte y marcas t\u00e9rmicas que ir\u00e1n de los <strong>23 a los 30 grados<\/strong>.<\/p>\n<p>Por su parte, el mi\u00e9rcoles <strong>se prev\u00e9n tormentas por la ma\u00f1ana<\/strong> y cielo parcialmente nublado por la tarde, con vientos del sudoeste y temperaturas que estar\u00e1n entre <strong>los 21 y los 27 grados<\/strong>. Finalmente, el s\u00e1bado 2 de enero comenzar\u00e1 ligeramente nublado, con&nbsp;vientos del este cambiando al noreste y con <strong>una temperatura m\u00ednima de 24 grados y una m\u00e1xima de 32<\/strong>.<\/p>\n<p>jfg \/ ds<\/p>\n","protected":false},"excerpt":{"rendered":"<p>Noticias Relacionadas El Servicio Meteorol\u00f3gico Nacional (SMN) asegur\u00f3 este domingo que, de la misma manera que ocurri\u00f3 en Navidad, la celebraci\u00f3n por la llegada del A\u00f1o Nuevo contar\u00e1 con una jornada nublada y calurosa. Por lo tanto, las familias podr\u00e1n volver a organizar tanto la cena de la v\u00edspera como el primer almuerzo de 2021 [&hellip;]<\/p>\n","protected":false},"author":1,"featured_media":8574,"comment_status":"closed","ping_status":"closed","sticky":false,"template":"","format":"standard","meta":[],"categories":[1],"tags":[],"_links":{"self":[{"href":"http:\/\/hoycordobaweb.com\/index.php\/wp-json\/wp\/v2\/posts\/8573"}],"collection":[{"href":"http:\/\/hoycordobaweb.com\/index.php\/wp-json\/wp\/v2\/posts"}],"about":[{"href":"http:\/\/hoycordobaweb.com\/index.php\/wp-json\/wp\/v2\/types\/post"}],"author":[{"embeddable":true,"href":"http:\/\/hoycordobaweb.com\/index.php\/wp-json\/wp\/v2\/users\/1"}],"replies":[{"embeddable":true,"href":"http:\/\/hoycordobaweb.com\/index.php\/wp-json\/wp\/v2\/comments?post=8573"}],"version-history":[{"count":0,"href":"http:\/\/hoycordobaweb.com\/index.php\/wp-json\/wp\/v2\/posts\/8573\/revisions"}],"wp:featuredmedia":[{"embeddable":true,"href":"http:\/\/hoycordobaweb.com\/index.php\/wp-json\/wp\/v2\/media\/8574"}],"wp:attachment":[{"href":"http:\/\/hoycordobaweb.com\/index.php\/wp-json\/wp\/v2\/media?parent=8573"}],"wp:term":[{"taxonomy":"category","embeddable":true,"href":"http:\/\/hoycordobaweb.com\/index.php\/wp-json\/wp\/v2\/categories?post=8573"},{"taxonomy":"post_tag","embeddable":true,"href":"http:\/\/hoycordobaweb.com\/index.php\/wp-json\/wp\/v2\/tags?post=8573"}],"curies":[{"name":"wp","href":"https:\/\/api.w.org\/{rel}","templated":true}]}}