{"id":85707,"date":"2024-10-18T14:01:18","date_gmt":"2024-10-18T14:01:18","guid":{"rendered":"https:\/\/www.trendencias.com\/belleza\/este-mejor-gel-ducha-supermercado-5-euros-que-eligen-consumidores-que-saben"},"modified":"2024-10-18T14:01:18","modified_gmt":"2024-10-18T14:01:18","slug":"este-es-el-mejor-gel-de-ducha-de-supermercado-de-menos-de-5-euros-que-eligen-los-consumidores-que-mas-saben","status":"publish","type":"post","link":"http:\/\/hoycordobaweb.com\/index.php\/2024\/10\/18\/este-es-el-mejor-gel-de-ducha-de-supermercado-de-menos-de-5-euros-que-eligen-los-consumidores-que-mas-saben\/","title":{"rendered":"Este es el mejor gel de ducha de supermercado de menos de 5 euros que eligen los consumidores que m\u00e1s saben"},"content":{"rendered":"<p>Seguramente que si os preguntara, <strong>la mayor parte de nosotras compra el gel de ducha en el supermercado.<\/strong> Cu\u00e1ntas veces nos vemos ante unas cuantas decenas de posibilidades sin saber cu\u00e1l elegir, examinando calidad-precio. Pues bien a grandes males (del primer mundo), grandes remedios y nada como fijarnos en los <strong>estudios de mercado que realizan las asociaciones de consumidores.<\/strong><\/p>\n<p><!-- BREAK 1 --> <\/p>\n<p>As\u00ed, hoy nos hemos fijado en el estudio que hizo la <a rel=\"noopener, noreferrer\" href=\"https:\/\/www.60millions-mag.com\/\">Asociaci\u00f3n 60 millones de Consumidores<\/a> de nacionalidad francesa que, en una de sus publicaciones especiales, fueron <strong>analizados 14 productos por sus especialistas,<\/strong> concretamente, <strong>14 geles de ducha<\/strong> entre los que destac\u00f3 uno por sus numerosas ventajas, entre ellas el tener un precio no superior a 5 euros.<\/p>\n<p><!-- BREAK 2 --><\/p>\n<div class=\"article-asset article-asset-normal article-asset-center\">\n<div class=\"desvio-container\">\n<div class=\"desvio\">\n<div class=\"desvio-figure js-desvio-figure\"> <a href=\"https:\/\/www.trendencias.com\/familia-maternidad-y-ninos\/gente-que-no-recibio-muchos-elogios-su-infancia-suele-mostrar-este-comportamiento-psicologia\"> <img loading=\"lazy\" alt=\"La gente que no recibi\u00f3 muchos elogios en su infancia suele mostrar este comportamiento seg\u00fan la psicolog\u00eda\" width=\"375\" height=\"142\" src=\"http:\/\/hoycordobaweb.com\/wp-content\/uploads\/2024\/10\/este-es-el-mejor-gel-de-ducha-de-supermercado-de-menos-de-5-euros-que-eligen-los-consumidores-que-mas-saben.jpg\"> <\/a> <\/div><\/div><\/div>\n<\/div>\n<div class=\"article-asset-image article-asset-normal article-asset-center\">\n<div class=\"asset-content\"> <img class=\"centro_sinmarco\" height=\"700\" width=\"700\" loading=\"lazy\" decoding=\"async\" sizes=\"100vw\" fetchpriority=\"high\" srcset=\"http:\/\/hoycordobaweb.com\/wp-content\/uploads\/2024\/10\/este-es-el-mejor-gel-de-ducha-de-supermercado-de-menos-de-5-euros-que-eligen-los-consumidores-que-mas-saben-1.jpg 450w, http:\/\/hoycordobaweb.com\/wp-content\/uploads\/2024\/10\/este-es-el-mejor-gel-de-ducha-de-supermercado-de-menos-de-5-euros-que-eligen-los-consumidores-que-mas-saben-4.jpg 681w, http:\/\/hoycordobaweb.com\/wp-content\/uploads\/2024\/10\/este-es-el-mejor-gel-de-ducha-de-supermercado-de-menos-de-5-euros-que-eligen-los-consumidores-que-mas-saben-5.jpg 1024w, http:\/\/hoycordobaweb.com\/wp-content\/uploads\/2024\/10\/este-es-el-mejor-gel-de-ducha-de-supermercado-de-menos-de-5-euros-que-eligen-los-consumidores-que-mas-saben-6.jpg 1366w\" src=\"http:\/\/hoycordobaweb.com\/wp-content\/uploads\/2024\/10\/este-es-el-mejor-gel-de-ducha-de-supermercado-de-menos-de-5-euros-que-eligen-los-consumidores-que-mas-saben-1.jpg\" alt=\"Nivea\"> <noscript><img alt=\"Nivea\" class=\"centro_sinmarco\" src=\"http:\/\/hoycordobaweb.com\/wp-content\/uploads\/2024\/10\/este-es-el-mejor-gel-de-ducha-de-supermercado-de-menos-de-5-euros-que-eligen-los-consumidores-que-mas-saben-1.jpg\"><\/noscript> <\/div>\n<\/div>\n<p>Tenemos que tener en cuenta que para establecer este ranking se consideraron dos factores principales: el impacto ambiental y la salud. De esta manera, el que se llev\u00f3 la palma es el <strong>Nivea Naturally Good , un gel de ducha nutritivo<\/strong> con un <a rel=\"noopener, noreferrer\" href=\"https:\/\/farmae.eu\/es\/nivea-naturally-good-aceite-de-ducha-flores-de-algodon-300ml.html\">precio menor a los 5 euros<\/a>.<\/p>\n<p><!-- BREAK 3 --> <\/p>\n<p>La revista <em>60 Millions de consommateurs <\/em>han desaconsejado varios geles de ducha por tener sospechas de contener disruptores endocrinos que fueron analizados, sin embargo, tambi\u00e9n hicieron otras varias recomendaciones y as\u00ed, en el <em>podium <\/em>de la lista, encontramos otros como el<strong> Sanex Zero en segundo lugar<\/strong>, seguido del gel de ducha<strong> Labell Bio<\/strong> con extracto de aloe vera. Por otro lado, se desaconsejaron, curiosamente, otros de marcas como Garnier o Yves Rocher. &nbsp;<\/p>\n<p><!-- BREAK 4 --><!-- PIVOT START --><\/p>\n<div class=\"pivot-ecommerce-container m-pivot-ecommerce-redesign article-asset-normal article-asset-center\" readability=\"27.748251748252\">\n<div class=\"pivot-ecommerce\" readability=\"5.3164556962025\">\n<div class=\"pivot-ecommerce-figure\"> <a rel=\"nofollow, sponsored, noopener, noreferrer noopener\" target=\"_blank\" href=\"https:\/\/www.trendencias.com\/redirect?url=https%3A%2F%2Fwww.amazon.es%2Fdp%2FB00F0CD1JU%3Ftag%3Dtrendencias-21%26linkCode%3Dogi%26th%3D1%26psc%3D1&amp;category=belleza&amp;pivot=1&amp;ecomPostExpiration=everlasting&amp;postId=634544\"> <img loading=\"lazy\" alt=\"Sanex 0% Gel de ducha y ba\u00f1o, para pieles normales, 500 ml\" width=\"500\" height=\"500\" src=\"http:\/\/hoycordobaweb.com\/wp-content\/uploads\/2024\/10\/este-es-el-mejor-gel-de-ducha-de-supermercado-de-menos-de-5-euros-que-eligen-los-consumidores-que-mas-saben-2.jpg\"> <\/a> <\/div>\n<div class=\"pivot-ecommerce-summary\" readability=\"6.8354430379747\">\n<p class=\"pivot-ecommerce-desc\">Sanex 0% Gel de ducha y ba\u00f1o, para pieles normales, 500 ml<\/p>\n<\/p><\/div><\/div>\n<p>* Alg\u00fan precio puede haber cambiado desde la \u00faltima revisi\u00f3n<\/p>\n<\/p><\/div>\n<p><!-- PIVOT END --><\/p>\n<p>Ahora solo nos toca elegir. A m\u00ed, personalmente, el de Sanex me encanta.&nbsp;<\/p>\n<p><em>Nota: Algunos de los enlaces de este art\u00edculo son afiliados y pueden reportar un beneficio econ\u00f3mico a Trendencias. En caso de no disponibilidad, las ofertas pueden variar.<\/em><\/p>\n<p><!-- BREAK 5 --><\/p>\n<p>Fotos | <a rel=\"noopener, noreferrer\" href=\"https:\/\/unsplash.com\/es\/@brucemars?utm_content=creditCopyText&amp;utm_medium=referral&amp;utm_source=unsplash\">bruce mars<\/a> en <a rel=\"noopener, noreferrer\" href=\"https:\/\/unsplash.com\/es\/fotos\/mujer-levantando-la-pierna-Q_iJuyRdy4c?utm_content=creditCopyText&amp;utm_medium=referral&amp;utm_source=unsplash\">Unsplash<\/a> y Nivea<\/p>\n<p>En Trendencias |&nbsp;<\/p>\n<p>En Trendencias | <a href=\"https:\/\/www.trendencias.com\/belleza\/como-se-hace-manicura-francesa-paso-a-paso-19-ideas-originales-para-lucir-unas\">C\u00f3mo se hace la manicura francesa paso a paso y 19 ideas originales para lucir u\u00f1as<\/a><\/p>\n<p>En Trendencias | <a href=\"https:\/\/www.trendencias.com\/belleza\/11-exfoliantes-capilares-que-pueden-solucionarte-mucho-vida-tienes-problema-raices-grasas-como-mio\">13 exfoliantes capilares que pueden solucionarte mucho la vida si tienes un problema de ra\u00edces grasas como el m\u00edo<\/a>.<\/p>\n","protected":false},"excerpt":{"rendered":"<p>Seguramente que si os preguntara, la mayor parte de nosotras compra el gel de ducha en el supermercado. Cu\u00e1ntas veces nos vemos ante unas cuantas decenas de posibilidades sin saber cu\u00e1l elegir, examinando calidad-precio. Pues bien a grandes males (del primer mundo), grandes remedios y nada como fijarnos en los estudios de mercado que realizan [&hellip;]<\/p>\n","protected":false},"author":1,"featured_media":85708,"comment_status":"closed","ping_status":"closed","sticky":false,"template":"","format":"standard","meta":[],"categories":[],"tags":[],"_links":{"self":[{"href":"http:\/\/hoycordobaweb.com\/index.php\/wp-json\/wp\/v2\/posts\/85707"}],"collection":[{"href":"http:\/\/hoycordobaweb.com\/index.php\/wp-json\/wp\/v2\/posts"}],"about":[{"href":"http:\/\/hoycordobaweb.com\/index.php\/wp-json\/wp\/v2\/types\/post"}],"author":[{"embeddable":true,"href":"http:\/\/hoycordobaweb.com\/index.php\/wp-json\/wp\/v2\/users\/1"}],"replies":[{"embeddable":true,"href":"http:\/\/hoycordobaweb.com\/index.php\/wp-json\/wp\/v2\/comments?post=85707"}],"version-history":[{"count":0,"href":"http:\/\/hoycordobaweb.com\/index.php\/wp-json\/wp\/v2\/posts\/85707\/revisions"}],"wp:featuredmedia":[{"embeddable":true,"href":"http:\/\/hoycordobaweb.com\/index.php\/wp-json\/wp\/v2\/media\/85708"}],"wp:attachment":[{"href":"http:\/\/hoycordobaweb.com\/index.php\/wp-json\/wp\/v2\/media?parent=85707"}],"wp:term":[{"taxonomy":"category","embeddable":true,"href":"http:\/\/hoycordobaweb.com\/index.php\/wp-json\/wp\/v2\/categories?post=85707"},{"taxonomy":"post_tag","embeddable":true,"href":"http:\/\/hoycordobaweb.com\/index.php\/wp-json\/wp\/v2\/tags?post=85707"}],"curies":[{"name":"wp","href":"https:\/\/api.w.org\/{rel}","templated":true}]}}