{"id":85690,"date":"2024-10-17T15:26:18","date_gmt":"2024-10-17T15:26:18","guid":{"rendered":"https:\/\/www.ole.com.ar\/seleccion\/confirmo-lesion-giovani-celso-partidos-perdera_0_fbGT4i7oXA.html"},"modified":"2024-10-17T15:26:18","modified_gmt":"2024-10-17T15:26:18","slug":"se-confirmo-la-lesion-de-giovani-lo-celso-que-tiene-y-cuantos-partidos-se-perdera","status":"publish","type":"post","link":"http:\/\/hoycordobaweb.com\/index.php\/2024\/10\/17\/se-confirmo-la-lesion-de-giovani-lo-celso-que-tiene-y-cuantos-partidos-se-perdera\/","title":{"rendered":"Se confirm\u00f3 la lesi\u00f3n de Giovani Lo Celso: qu\u00e9 tiene y cu\u00e1ntos partidos se perder\u00e1"},"content":{"rendered":"<p><img src=\"http:\/\/hoycordobaweb.com\/wp-content\/uploads\/2024\/10\/se-confirmo-la-lesion-de-giovani-lo-celso-que-tiene-y-cuantos-partidos-se-perdera.jpg\"><\/p>\n<p><time class=\"createDate\" datetime=\"2024-10-17T12:26:18-03:00\">17\/10\/2024 12:26hs.<\/time><\/p>\n<div id=\"storyBody\">\n<div class=\"custom-text \" readability=\"35.385585585586\">\n<p><strong><a href=\"https:\/\/www.ole.com.ar\/tema\/giovani-lo-celso.html\" title=\"Giovani Lo Celso\" alt=\"Giovani Lo Celso\" class=\"slug\">Giovani Lo Celso<\/a> ha sido una figura destacada tanto en el <a href=\"https:\/\/www.ole.com.ar\/tema\/real-betis.html\" title=\"Real Betis\" alt=\"Real Betis\" class=\"slug\">Real Betis<\/a> como en la <a href=\"https:\/\/www.ole.com.ar\/tema\/seleccion-argentina.html\" title=\"Selecci\u00f3n Argentina\" alt=\"Selecci\u00f3n Argentina\" class=\"slug\">Selecci\u00f3n Argentina<\/a><\/strong>. Su talento, visi\u00f3n de juego y capacidad para aparecer en momentos clave, como en la final de la <a href=\"https:\/\/www.ole.com.ar\/tema\/copa-america-2024.html\" title=\"Copa Am\u00e9rica 2024\" alt=\"Copa Am\u00e9rica 2024\" class=\"slug\">Copa Am\u00e9rica<\/a>, lo han convertido en uno de los mediocampistas m\u00e1s valiosos del f\u00fatbol actual. Desde su regreso al Betis, el rosarino ha demostrado estar en gran forma, contribuyendo con goles y asistencias al conjunto de <a href=\"https:\/\/www.ole.com.ar\/tema\/manuel-pellegrini.html\" title=\"Manuel Pellegrini\" alt=\"Manuel Pellegrini\" class=\"slug\">Manuel Pellegrini<\/a>. No obstante,<strong> una lesi\u00f3n inesperada ha encendido las alarmas en el club sevillano y en el entorno de la Scaloneta.<\/strong><\/p>\n<\/div>\n<p><h2><strong><em>Giovani Lo Celso, entre tres y cinco semanas de baja por lesi\u00f3n<\/em><\/strong><\/h2>\n<\/p>\n<div class=\"custom-text \" readability=\"39\">\n<p>El Betis ha confirmado que Lo Celso sufri\u00f3 una<strong> lesi\u00f3n miotendinosa de grado moderado en el recto anterior del muslo derecho<\/strong>, que lo mantendr\u00e1 alejado de las canchas <strong>entre tres y cinco semanas.<\/strong> Este contratiempo<strong> se produjo en el \u00faltimo entrenamiento de la Selecci\u00f3n antes del encuentro contra Bolivia<\/strong>, en el marco de las Eliminatorias Sudamericanas, lo que lo oblig\u00f3 a mirar desde afuera el cruce en el Monumental.<strong> <\/strong>Aunque el jugador ven\u00eda de ser titular en el empate 1-1 frente a Venezuela y mostraba un excelente nivel, su ausencia para el partido siguiente encendi\u00f3 las primeras alarmas.<\/p>\n<\/div>\n<div class=\"custom-text \" readability=\"39\">\n<p>Al regresar a Sevilla, <strong>Lo Celso fue sometido a estudios m\u00e9dicos en la cl\u00ednica Ardu\u00e1n, donde se confirm\u00f3 la gravedad de su dolencia<\/strong>. A pesar de haber acumulado cinco goles en solo seis partidos con el Betis, esta lesi\u00f3n representa un importante rev\u00e9s para un jugador que hab\u00eda encontrado su lugar r\u00e1pidamente en el esquema de Pellegrini. <strong>\u201cLos plazos para su reincorporaci\u00f3n al equipo depender\u00e1n de su evoluci\u00f3n\u201d, se\u00f1al\u00f3 el Betis en su comunicado oficial<\/strong>.<\/p>\n<\/div>\n<div class=\"custom-text \" readability=\"44\">\n<p><strong>El argentino se perder\u00e1 partidos clave en las pr\u00f3ximas semanas<\/strong>. En octubre, el Betis enfrentar\u00e1 a Osasuna en LaLiga, al Copenhague en la Conference League y al Atl\u00e9tico de Madrid, otro de los grandes duelos del calendario. Adem\u00e1s, Lo Celso tambi\u00e9n se perder\u00e1 el debut del equipo en la Copa del Rey frente al G\u00e9vora. En noviembre, los b\u00e9ticos tienen un calendario apretado, con compromisos ante el Athletic Club de Bilbao, el Celta de Vigo y el Valencia, adem\u00e1s de otro duelo europeo contra el Celje.<strong> Si la recuperaci\u00f3n de Lo Celso progresa de manera favorable<\/strong>, podr\u00eda regresar a mediados de noviembre.<\/p>\n<\/div>\n<div class=\"custom-text \" readability=\"43\">\n<p><strong>El impacto de su baja no solo afecta al Betis, sino tambi\u00e9n a Argentina.<\/strong> Lionel Scaloni hab\u00eda vuelto a confiar en Lo Celso como titular en el \u00faltimo par\u00f3n internacional, un regreso muy esperado tras las lesiones que lo marginaron de varios compromisos. <strong>Si la lesi\u00f3n le demanda a Gio m\u00e1s de un mes de recuperaci\u00f3n, podr\u00eda perderse los pr\u00f3ximos partidos de la Scaloneta en las Eliminatorias<\/strong>: vs. Paraguay (14\/11, en Asunci\u00f3n) y Per\u00fa (19\/11, en Buenos Aires). Estos encuentros, correspondientes a las fechas 11 y 12 del camino hacia el Mundial 2026, ser\u00e1n decisivos para consolidar la posici\u00f3n de la Albiceleste en la clasificaci\u00f3n. As\u00ed, los ca\u00f1ones apuntan a estar nuevamente con la Selecci\u00f3n.<\/p>\n<\/div>\n<div class=\"sc-e7b891c4-0 ifHnQL\"><img alt=\"Gio lleva cinco goles en seis partidos desde su vuelta al Betis. (EFE)\" loading=\"lazy\" width=\"720\" height=\"100\" decoding=\"async\" data-nimg=\"1\" src=\"http:\/\/hoycordobaweb.com\/wp-content\/uploads\/2024\/10\/se-confirmo-la-lesion-de-giovani-lo-celso-que-tiene-y-cuantos-partidos-se-perdera-2.jpg\"><span class=\"epigraphe\">Gio lleva cinco goles en seis partidos desde su vuelta al Betis. (EFE)<\/span><\/div>\n<p><h2><strong><em>Las bajas de la Selecci\u00f3n Argentina en la \u00faltima fecha FIFA<\/em><\/strong><\/h2>\n<\/p>\n<div class=\"custom-text \" readability=\"41\">\n<p>La \u00faltima fecha FIFA fue una pesadilla para Scaloni en lo que tuvo que ver con el armado de un plantel. Adem\u00e1s de la baja de Emiliano Mart\u00ednez, por su sanci\u00f3n tras el encuentro ante Colombia, <strong>el DT debi\u00f3 solventar otras ausencias, pero por lesi\u00f3n: Nicol\u00e1s Gonz\u00e1lez, Paulo Dybala, Alejandro Garnacho y Marcos Acu\u00f1a.<\/strong> Adem\u00e1s, <strong>Valent\u00edn Carbon<\/strong>i sufri\u00f3 una rotura de ligamentos cruzados y reci\u00e9n podr\u00e1 regresar a la Selecci\u00f3n Argentina el pr\u00f3ximo a\u00f1o.<\/p>\n<\/div>\n<div class=\"sc-e7b891c4-0 ifHnQL\"><img alt=\"Carboni sufri\u00f3 la rotura de ligamentos cruzados en el entrenamiento de la Selecci\u00f3n. (AP)\" loading=\"lazy\" width=\"720\" height=\"100\" decoding=\"async\" data-nimg=\"1\" src=\"http:\/\/hoycordobaweb.com\/wp-content\/uploads\/2024\/10\/se-confirmo-la-lesion-de-giovani-lo-celso-que-tiene-y-cuantos-partidos-se-perdera-3.jpg\"><span class=\"epigraphe\">Carboni sufri\u00f3 la rotura de ligamentos cruzados en el entrenamiento de la Selecci\u00f3n. (AP)<\/span><\/div>\n<div class=\"sc-a7166897-0 eoLsBE\" readability=\"6\">\n<section readability=\"2\"><picture><img alt=\"\u00bfSe meten Messi y Cristiano Ronaldo? El Top10 de veteranos en Mundiales\" loading=\"lazy\" width=\"290\" height=\"290\" decoding=\"async\" data-nimg=\"1\" src=\"http:\/\/hoycordobaweb.com\/wp-content\/uploads\/2024\/10\/se-confirmo-la-lesion-de-giovani-lo-celso-que-tiene-y-cuantos-partidos-se-perdera-4.jpg\"><\/picture>\n<p><span>Mir\u00e1 tambi\u00e9n<\/span><\/p>\n<hr>\n<h3>\u00bfSe meten Messi y Cristiano Ronaldo? El Top10 de veteranos en Mundiales<\/h3>\n<\/p>\n<\/section>\n<\/div>\n<div class=\"sc-a7166897-0 eoLsBE\" readability=\"7\">\n<section readability=\"4\"><picture><img alt=\"Paul Pogba, el deseo de volver a jugar y el apoyo que recibi\u00f3: &quot;Dybala me envi\u00f3 muchos mensajes&quot;\" loading=\"lazy\" width=\"290\" height=\"290\" decoding=\"async\" data-nimg=\"1\" src=\"http:\/\/hoycordobaweb.com\/wp-content\/uploads\/2024\/10\/se-confirmo-la-lesion-de-giovani-lo-celso-que-tiene-y-cuantos-partidos-se-perdera-5.jpg\"><\/picture>\n<p><span>Mir\u00e1 tambi\u00e9n<\/span><\/p>\n<hr>\n<h3>Paul Pogba, el deseo de volver a jugar y el apoyo que recibi\u00f3: \u00abDybala me envi\u00f3 muchos mensajes\u00bb<\/h3>\n<\/p>\n<\/section>\n<\/div>\n<div class=\"sc-a7166897-0 eoLsBE\" readability=\"6.5\">\n<section readability=\"3\"><picture><img alt=\"La singular propuesta de Piqu\u00e9 para el calendario de partidos tras las quejas de los futbolistas\" loading=\"lazy\" width=\"290\" height=\"290\" decoding=\"async\" data-nimg=\"1\" src=\"http:\/\/hoycordobaweb.com\/wp-content\/uploads\/2024\/10\/se-confirmo-la-lesion-de-giovani-lo-celso-que-tiene-y-cuantos-partidos-se-perdera-6.jpg\"><\/picture>\n<p><span>Mir\u00e1 tambi\u00e9n<\/span><\/p>\n<hr>\n<h3>La singular propuesta de Piqu\u00e9 para el calendario de partidos tras las quejas de los futbolistas<\/h3>\n<\/p>\n<\/section>\n<\/div>\n<\/div>\n","protected":false},"excerpt":{"rendered":"<p>17\/10\/2024 12:26hs. Giovani Lo Celso ha sido una figura destacada tanto en el Real Betis como en la Selecci\u00f3n Argentina. Su talento, visi\u00f3n de juego y capacidad para aparecer en momentos clave, como en la final de la Copa Am\u00e9rica, lo han convertido en uno de los mediocampistas m\u00e1s valiosos del f\u00fatbol actual. Desde su [&hellip;]<\/p>\n","protected":false},"author":1,"featured_media":85691,"comment_status":"open","ping_status":"closed","sticky":false,"template":"","format":"standard","meta":[],"categories":[16],"tags":[],"_links":{"self":[{"href":"http:\/\/hoycordobaweb.com\/index.php\/wp-json\/wp\/v2\/posts\/85690"}],"collection":[{"href":"http:\/\/hoycordobaweb.com\/index.php\/wp-json\/wp\/v2\/posts"}],"about":[{"href":"http:\/\/hoycordobaweb.com\/index.php\/wp-json\/wp\/v2\/types\/post"}],"author":[{"embeddable":true,"href":"http:\/\/hoycordobaweb.com\/index.php\/wp-json\/wp\/v2\/users\/1"}],"replies":[{"embeddable":true,"href":"http:\/\/hoycordobaweb.com\/index.php\/wp-json\/wp\/v2\/comments?post=85690"}],"version-history":[{"count":0,"href":"http:\/\/hoycordobaweb.com\/index.php\/wp-json\/wp\/v2\/posts\/85690\/revisions"}],"wp:featuredmedia":[{"embeddable":true,"href":"http:\/\/hoycordobaweb.com\/index.php\/wp-json\/wp\/v2\/media\/85691"}],"wp:attachment":[{"href":"http:\/\/hoycordobaweb.com\/index.php\/wp-json\/wp\/v2\/media?parent=85690"}],"wp:term":[{"taxonomy":"category","embeddable":true,"href":"http:\/\/hoycordobaweb.com\/index.php\/wp-json\/wp\/v2\/categories?post=85690"},{"taxonomy":"post_tag","embeddable":true,"href":"http:\/\/hoycordobaweb.com\/index.php\/wp-json\/wp\/v2\/tags?post=85690"}],"curies":[{"name":"wp","href":"https:\/\/api.w.org\/{rel}","templated":true}]}}