{"id":85686,"date":"2024-10-17T15:42:18","date_gmt":"2024-10-17T15:42:18","guid":{"rendered":"https:\/\/www.ole.com.ar\/equipos\/boca\/mariano-herron-volvio-reserva-metio-boca-octavos-final_0_UYIeCzKtdy.html"},"modified":"2024-10-17T15:42:18","modified_gmt":"2024-10-17T15:42:18","slug":"herron-volvio-a-reserva-y-metio-a-boca-en-octavos-de-final","status":"publish","type":"post","link":"http:\/\/hoycordobaweb.com\/index.php\/2024\/10\/17\/herron-volvio-a-reserva-y-metio-a-boca-en-octavos-de-final\/","title":{"rendered":"Herr\u00f3n volvi\u00f3 a Reserva y meti\u00f3 a Boca en octavos de final"},"content":{"rendered":"<p><img src=\"http:\/\/hoycordobaweb.com\/wp-content\/uploads\/2024\/10\/herron-volvio-a-reserva-y-metio-a-boca-en-octavos-de-final.jpg\"><\/p>\n<p><time class=\"createDate\" datetime=\"2024-10-17T12:42:18-03:00\">17\/10\/2024 12:42hs.<\/time><\/p>\n<div id=\"storyBody\">\n<div class=\"custom-text \" readability=\"37.065274151436\">\n<p>Vuelta, triunfo y clasificaci\u00f3n. Tras cumplir con su tercer interinato en Primera, que dur\u00f3 un solo partido y varias pr\u00e1cticas, <strong><a href=\"https:\/\/www.ole.com.ar\/tema\/mariano-herron.html\" title=\"Mariano Herr\u00f3n\" alt=\"Mariano Herr\u00f3n\" class=\"slug\">Mariano Herr\u00f3n<\/a><\/strong> regres\u00f3 a su cargo natural. <strong>El DT volvi\u00f3 a dirigir a la Reserva y meti\u00f3 a <a href=\"https:\/\/www.ole.com.ar\/tema\/boca-juniors.html\" title=\"Boca Juniors\" alt=\"Boca Juniors\" class=\"slug\">Boca<\/a> en octavos de final de la Copa Proyecci\u00f3n,<\/strong> tras vencer a Lan\u00fas por 2-0 y asegurarse el tercer puesto en la clasificaci\u00f3n a falta de una fecha. Mir\u00e1&#8230;<\/p>\n<\/div>\n<div class=\"custom-text \" readability=\"39\">\n<p>Tras la renuncia de Diego Mart\u00ednez, Herr\u00f3n debi\u00f3 abandonar moment\u00e1neamente su puesto en la Reserva para asumir en la Primera como interino. Sin embargo, esta vez, no dur\u00f3 varios partidos como los anteriores. Fue s\u00f3lo un partido, ante Argentinos, con victoria por 1-0. <\/p>\n<\/div>\n<div class=\"custom-text \" readability=\"38.703241895262\">\n<p>Lo cierto es que despu\u00e9s de varias dudas sobre qu\u00e9 lugar ocupar\u00eda,<strong> finalmente Herr\u00f3n volvi\u00f3 a la Reserva tras la llegada del nuevo DT,<\/strong> <strong><a href=\"https:\/\/www.ole.com.ar\/tema\/fernando-gago.html\" title=\"Fernando Gago\" alt=\"Fernando Gago\" class=\"slug\">Fernando Gago<\/a><\/strong>. Y ya en su cargo natural, este mi\u00e9rcoles dirigi\u00f3 su primer partido a pocos d\u00edas de haber regresado. <strong>Fue con triunfo 2-0 frente al Granate por la fecha 12 de la Copa Proyecci\u00f3n, pero adem\u00e1s, fue una victoria significativa y sumamente valiosa. <\/strong><\/p>\n<\/div>\n<div class=\"custom-text \" readability=\"38\">\n<p>Resulta que gracias a los goles de <strong>Mateo Mend\u00eda<\/strong> -que ya debut\u00f3 en Primera y es el capit\u00e1n de la Reserva- y <strong>Dante Gonz\u00e1lez<\/strong>, el Xeneize se asegur\u00f3 su clasificaci\u00f3n a los octavos de final de la competencia. Todav\u00eda con un partido restante, el de la fecha 13 ante Talleres, el equipo de Herr\u00f3n ya se meti\u00f3 en la siguiente instancia. <\/p>\n<\/div>\n<div class=\"custom-text \" readability=\"40\">\n<p><strong>Est\u00e1 tercero en la tabla de la zona B, con 23 puntos en 12 partidos disputados.<\/strong> Newell\u00b4s est\u00e1 puntero y Estudiantes es el escolta, con 28 y 27 unidades respectivamente. Resulta que el que est\u00e1 por detr\u00e1s de Boca, que es Uni\u00f3n, suma 17 puntos, por lo que las posibilidades de que lo supere restando una jornada son nulas.<\/p>\n<\/div>\n<div class=\"custom-text \" readability=\"37\">\n<p>Del otro lado, en la zona A, el puntero es River con 24 unidades. En ese sentido, con ambos ya clasificados, <strong>podr\u00eda haber un supercl\u00e1sico en alguna instancia de los playoffs. <\/strong><\/p>\n<\/div>\n<div class=\"custom-text \" readability=\"39\">\n<p>Por el momento, <strong>Herr\u00f3n y su cuerpo t\u00e9cnico celebran la clasificaci\u00f3n y ya preparan al equipo para lo que se viene.<\/strong> En paralelo, Gago hace lo mismo con la Primera, pensando en la visita a Tigre de este s\u00e1bado y en el compromiso ante Gimnasia por los cuartos de final de la Copa Argentina, en el que Boca se juega la clasificaci\u00f3n a la pr\u00f3xima edici\u00f3n de la Copa Libertadores.<\/p>\n<\/div>\n<div class=\"sc-e7b891c4-0 ifHnQL\"><img alt=\"Mariano Herr\u00f3n en la Bombonera, dirigiendo la Primera en el triunfo ante Argentinos. \" loading=\"lazy\" width=\"720\" height=\"100\" decoding=\"async\" data-nimg=\"1\" src=\"http:\/\/hoycordobaweb.com\/wp-content\/uploads\/2024\/10\/herron-volvio-a-reserva-y-metio-a-boca-en-octavos-de-final-2.jpg\"><span class=\"epigraphe\">Mariano Herr\u00f3n en la Bombonera, dirigiendo la Primera en el triunfo ante Argentinos. <\/span><\/div>\n<div class=\"sc-a7166897-0 eoLsBE\" readability=\"6\">\n<section readability=\"2\"><picture><img alt=\"El probable 11 de Gago para su debut ante Tigre\" loading=\"lazy\" width=\"290\" height=\"290\" decoding=\"async\" data-nimg=\"1\" src=\"http:\/\/hoycordobaweb.com\/wp-content\/uploads\/2024\/10\/herron-volvio-a-reserva-y-metio-a-boca-en-octavos-de-final-3.jpg\"><\/picture>\n<p><span>Mir\u00e1 tambi\u00e9n<\/span><\/p>\n<hr>\n<h3>El probable 11 de Gago para su debut ante Tigre<\/h3>\n<\/p>\n<\/section>\n<\/div>\n<div class=\"sc-a7166897-0 eoLsBE\" readability=\"6\">\n<section readability=\"2\"><picture><img alt=\"El capit\u00e1n del Boca de Gago: \u00bfc\u00f3mo se define y de qu\u00e9 depende?\" loading=\"lazy\" width=\"290\" height=\"290\" decoding=\"async\" data-nimg=\"1\" src=\"http:\/\/hoycordobaweb.com\/wp-content\/uploads\/2024\/10\/herron-volvio-a-reserva-y-metio-a-boca-en-octavos-de-final-4.jpg\"><\/picture>\n<p><span>Mir\u00e1 tambi\u00e9n<\/span><\/p>\n<hr>\n<h3>El capit\u00e1n del Boca de Gago: \u00bfc\u00f3mo se define y de qu\u00e9 depende?<\/h3>\n<\/p>\n<\/section>\n<\/div>\n<div class=\"sc-a7166897-0 eoLsBE\" readability=\"6\">\n<section readability=\"2\"><picture><img alt=\"Qu\u00e9 le dijo Gago a Fabra sobre la chance de volver a jugar en Boca\" loading=\"lazy\" width=\"290\" height=\"290\" decoding=\"async\" data-nimg=\"1\" src=\"http:\/\/hoycordobaweb.com\/wp-content\/uploads\/2024\/10\/herron-volvio-a-reserva-y-metio-a-boca-en-octavos-de-final-5.jpg\"><\/picture>\n<p><span>Mir\u00e1 tambi\u00e9n<\/span><\/p>\n<hr>\n<h3>Qu\u00e9 le dijo Gago a Fabra sobre la chance de volver a jugar en Boca<\/h3>\n<\/p>\n<\/section>\n<\/div>\n<div class=\"sc-a7166897-0 eoLsBE\" readability=\"6\">\n<section readability=\"2\"><picture><img alt=\"La cr\u00edtica ir\u00f3nica de T\u00e9vez a la presidencia de Riquelme\" loading=\"lazy\" width=\"290\" height=\"290\" decoding=\"async\" data-nimg=\"1\" src=\"http:\/\/hoycordobaweb.com\/wp-content\/uploads\/2024\/10\/herron-volvio-a-reserva-y-metio-a-boca-en-octavos-de-final-6.jpg\"><\/picture>\n<p><span>Mir\u00e1 tambi\u00e9n<\/span><\/p>\n<hr>\n<h3>La cr\u00edtica ir\u00f3nica de T\u00e9vez a la presidencia de Riquelme<\/h3>\n<\/p>\n<\/section>\n<\/div>\n<\/div>\n","protected":false},"excerpt":{"rendered":"<p>17\/10\/2024 12:42hs. Vuelta, triunfo y clasificaci\u00f3n. Tras cumplir con su tercer interinato en Primera, que dur\u00f3 un solo partido y varias pr\u00e1cticas, Mariano Herr\u00f3n regres\u00f3 a su cargo natural. El DT volvi\u00f3 a dirigir a la Reserva y meti\u00f3 a Boca en octavos de final de la Copa Proyecci\u00f3n, tras vencer a Lan\u00fas por 2-0 [&hellip;]<\/p>\n","protected":false},"author":1,"featured_media":85687,"comment_status":"open","ping_status":"closed","sticky":false,"template":"","format":"standard","meta":[],"categories":[16],"tags":[],"_links":{"self":[{"href":"http:\/\/hoycordobaweb.com\/index.php\/wp-json\/wp\/v2\/posts\/85686"}],"collection":[{"href":"http:\/\/hoycordobaweb.com\/index.php\/wp-json\/wp\/v2\/posts"}],"about":[{"href":"http:\/\/hoycordobaweb.com\/index.php\/wp-json\/wp\/v2\/types\/post"}],"author":[{"embeddable":true,"href":"http:\/\/hoycordobaweb.com\/index.php\/wp-json\/wp\/v2\/users\/1"}],"replies":[{"embeddable":true,"href":"http:\/\/hoycordobaweb.com\/index.php\/wp-json\/wp\/v2\/comments?post=85686"}],"version-history":[{"count":0,"href":"http:\/\/hoycordobaweb.com\/index.php\/wp-json\/wp\/v2\/posts\/85686\/revisions"}],"wp:featuredmedia":[{"embeddable":true,"href":"http:\/\/hoycordobaweb.com\/index.php\/wp-json\/wp\/v2\/media\/85687"}],"wp:attachment":[{"href":"http:\/\/hoycordobaweb.com\/index.php\/wp-json\/wp\/v2\/media?parent=85686"}],"wp:term":[{"taxonomy":"category","embeddable":true,"href":"http:\/\/hoycordobaweb.com\/index.php\/wp-json\/wp\/v2\/categories?post=85686"},{"taxonomy":"post_tag","embeddable":true,"href":"http:\/\/hoycordobaweb.com\/index.php\/wp-json\/wp\/v2\/tags?post=85686"}],"curies":[{"name":"wp","href":"https:\/\/api.w.org\/{rel}","templated":true}]}}