{"id":85603,"date":"2024-10-17T10:57:33","date_gmt":"2024-10-17T10:57:33","guid":{"rendered":"https:\/\/www.mujerhoy.com\/moda\/no-te-pierdas\/jerseis-rayas-atemporal-estilo-frances-favoritos-editoras-moda-otono-20241017125617-nt.html"},"modified":"2024-10-17T10:57:33","modified_gmt":"2024-10-17T10:57:33","slug":"soy-editora-de-moda-y-estos-son-los-seis-jerseis-de-rayas-de-estilo-frances-que-he-fichado-para-este-otono","status":"publish","type":"post","link":"http:\/\/hoycordobaweb.com\/index.php\/2024\/10\/17\/soy-editora-de-moda-y-estos-son-los-seis-jerseis-de-rayas-de-estilo-frances-que-he-fichado-para-este-otono\/","title":{"rendered":"Soy editora de moda y estos son los seis jers\u00e9is de rayas de estilo franc\u00e9s que he fichado para este oto\u00f1o"},"content":{"rendered":"<p><!-- AUTHOR --> <\/p>\n<div class=\"voc-author-timesocial \"> <!-- AUTHOR --> <\/p>\n<div class=\"voc-author-timesocial__signature \">\n<div class=\"voc-author-timesocial__img-c\"> <!-- IMAGE AUTHOR --> <picture class=\"voc-image-signature\"> <img class=\"voc-image-signature__img\" src=\"http:\/\/hoycordobaweb.com\/wp-content\/uploads\/2024\/10\/soy-editora-de-moda-y-estos-son-los-seis-jerseis-de-rayas-de-estilo-frances-que-he-fichado-para-este-otono.jpg\" alt=\"Elena Romero Vargas\"> <\/picture> <\/div>\n<p> <!-- INFO AUTHOR --> <\/div><\/div>\n<p> <!-- COMPONENTS --> <\/p>\n<p class=\"voc-paragraph\" data-mrf-recirculation=\"Link art\u00edculo\">Si hay un b\u00e1sico que no pasa de moda y que se ha convertido en todo un imprescindible de los armarios de entretiempo, esos son los <strong>jers\u00e9is de rayas<\/strong>. M\u00e1s all\u00e1 del boom del <a data-voc-vtm-id=\"in-text-traffic\" href=\"https:\/\/www.mujerhoy.com\/moda\/tendencias\/prendas-animal-print-otono-tendencia-elegante-versatil-20240906130639-nt.html\" data-mrf-link=\"https:\/\/www.mujerhoy.com\/moda\/tendencias\/prendas-animal-print-otono-tendencia-elegante-versatil-20240906130639-nt.html\">print de leopardo <\/a><br \/>\no de los <a data-voc-vtm-id=\"in-text-traffic\" href=\"https:\/\/www.mujerhoy.com\/moda\/tendencias\/faldas-cuadros-tendencia-noventera-otono-superventas-bershka-mango-20240917133145-nt.html\" data-mrf-link=\"https:\/\/www.mujerhoy.com\/moda\/tendencias\/faldas-cuadros-tendencia-noventera-otono-superventas-bershka-mango-20240917133145-nt.html\">estampados de cuadro<\/a><br \/>\n, las rayas &#8211; especialmente en los jers\u00e9is &#8211; son todo un cl\u00e1sico que las mejor vestidas sit\u00faan entre sus favoritos para el oto\u00f1o.\n<\/p>\n<p class=\"voc-paragraph\" data-mrf-recirculation=\"Link art\u00edculo\">Es, precisamente, por este motivo por el que <strong>nunca es mal momento para invertir en un jersey de rayas<\/strong>. Con la certeza de que van a formar parte de tus b\u00e1sicos de cabecera durante varias temporadas m\u00e1s, incluir en tu lista de deseos para este oto\u00f1o un jersey con este estampado te da la garant\u00eda de que vas a <a data-voc-vtm-id=\"in-text-traffic\" href=\"https:\/\/www.mujerhoy.com\/moda\/no-te-pierdas\/jerseis-estampado-rayas-look-francesas-hym-20231114081043-nt.html\" data-mrf-link=\"https:\/\/www.mujerhoy.com\/moda\/no-te-pierdas\/jerseis-estampado-rayas-look-francesas-hym-20231114081043-nt.html\">ir elegante y chic siempre que lo incluyas en tus looks<\/a><br \/>\n.\n<\/p>\n<p class=\"voc-paragraph\" data-mrf-recirculation=\"Link art\u00edculo\">En mi caso, he fichado seis jers\u00e9is de rayas que van desde la versi\u00f3n m\u00e1s b\u00e1sica a la m\u00e1s calentita para cuando bajen las temperaturas. Entre ellos se encuentra <strong>una de mis pr\u00f3ximas compras para esta temporada <\/strong>y no me cabe la menor duda de que les voy a sacar mucho, mucho partido.\n<\/p>\n<div class=\"voc-detail__cmp\">\n<div class=\"voc-article-container\">\n<article class=\"voc-article voc-article--cmp-photo-text\" readability=\"26.5\">\n<div class=\"voc-img-container\" readability=\"8\"> <picture>\n<div class=\"voc-horizontal voc-img-icon-link\"> <img loading=\"lazy\" src=\"http:\/\/hoycordobaweb.com\/wp-content\/uploads\/2024\/10\/soy-editora-de-moda-y-estos-son-los-seis-jerseis-de-rayas-de-estilo-frances-que-he-fichado-para-este-otono.webp\" alt=\"Jersey b\u00e1sico punto (22,95\u20ac)\" width=\"624\" height=\"624\"> <\/div>\n<\/picture>\n<p class=\"figure-caption \"> Jersey b\u00e1sico punto (22,95\u20ac) \/ <span class=\"voc-photo-author\"> zara <\/span> <\/p>\n<\/p><\/div>\n<\/article><\/div>\n<\/div>\n<p><h3 class=\"voc-detail__title\"> B\u00e1sico<br \/>\n<\/h3>\n<\/p>\n<p class=\"voc-paragraph\" data-mrf-recirculation=\"Link art\u00edculo\">Menos es m\u00e1s, por eso, un<br \/>\n<strong> jersey de rayas b\u00e1sico<\/strong> es un acierto seguro para introducir en cualquier estilismo de entretiempo. Comb\u00ednalo con <a data-voc-vtm-id=\"in-text-traffic\" href=\"https:\/\/www.mujerhoy.com\/moda\/tendencias\/vaquero-campana-vuelven-pantalones-boho-chic-romanticos-ideas-looks-20240917130049-nt.html\" data-mrf-link=\"https:\/\/www.mujerhoy.com\/moda\/tendencias\/vaquero-campana-vuelven-pantalones-boho-chic-romanticos-ideas-looks-20240917130049-nt.html\">pantalones de campana<\/a><br \/>\n, gabardina y merceditas para un look estilo parisino sencillo y acertado para el d\u00eda a d\u00eda.\n<\/p>\n<div class=\"voc-detail__cmp\">\n<div class=\"voc-article-container\">\n<article class=\"voc-article voc-article--cmp-photo-text\" readability=\"26.5\">\n<div class=\"voc-img-container\" readability=\"8\"> <picture>\n<div class=\"voc-horizontal voc-img-icon-link\"> <img loading=\"lazy\" src=\"http:\/\/hoycordobaweb.com\/wp-content\/uploads\/2024\/10\/soy-editora-de-moda-y-estos-son-los-seis-jerseis-de-rayas-de-estilo-frances-que-he-fichado-para-este-otono-1.webp\" alt=\"Jersey oversize de cuello alto (19,99\u20ac)\" width=\"624\" height=\"624\"> <\/div>\n<\/picture>\n<p class=\"figure-caption \"> Jersey oversize de cuello alto (19,99\u20ac) \/ <span class=\"voc-photo-author\"> h&amp;m <\/span> <\/p>\n<\/p><\/div>\n<\/article><\/div>\n<\/div>\n<p><h3 class=\"voc-detail__title\"> Con cuello alto<br \/>\n<\/h3>\n<\/p>\n<p class=\"voc-paragraph\" data-mrf-recirculation=\"Link art\u00edculo\">En cuanto bajan las temperaturas, los <strong>jers\u00e9is de cuello alto <\/strong>se convierten en la prenda comod\u00edn de los looks m\u00e1s estilosos. Por eso, apostar por uno con estampado de rayas te da la garant\u00eda de ir bien vestida siempre y, adem\u00e1s, no pasar fr\u00edo. Con falda de tablas, abrigo oversize y botas altas tendr\u00e1s un look femenino idea.\n<\/p>\n<div class=\"voc-detail__cmp\">\n<div class=\"voc-article-container\">\n<article class=\"voc-article voc-article--cmp-photo-text\">\n<div class=\"voc-img-container\"> <picture>\n<div class=\"voc-horizontal voc-img-icon-link\"> <img loading=\"lazy\" src=\"http:\/\/hoycordobaweb.com\/wp-content\/uploads\/2024\/10\/soy-editora-de-moda-y-estos-son-los-seis-jerseis-de-rayas-de-estilo-frances-que-he-fichado-para-este-otono-2.webp\" alt width=\"624\" height=\"624\"> <\/div>\n<\/picture>\n<p class=\"figure-caption \"> <span class=\"voc-photo-author\"> s\u00e9zane <\/span> <\/p>\n<\/p><\/div>\n<\/article><\/div>\n<\/div>\n<p><h3 class=\"voc-detail__title\"> De ochos<br \/>\n<\/h3>\n<\/p>\n<p class=\"voc-paragraph\" data-mrf-recirculation=\"Link art\u00edculo\">En la misma l\u00ednea de jers\u00e9is calentitos, <a data-voc-vtm-id=\"in-text-traffic\" href=\"https:\/\/www.mujerhoy.com\/moda\/no-te-pierdas\/jerseis-ochos-favoritos-otono-elegantes-ponibles-20231002092841-nt-20231002094735-nt.html\" data-mrf-link=\"https:\/\/www.mujerhoy.com\/moda\/no-te-pierdas\/jerseis-ochos-favoritos-otono-elegantes-ponibles-20231002092841-nt-20231002094735-nt.html\">los de ochos<\/a> son los favoritos de las m\u00e1s frioleras. Un <strong>jersey de ochos con estampado de rayas <\/strong>es una opci\u00f3n de lo m\u00e1s especial para aquellas con un estilo m\u00e1s rom\u00e1ntico que quieran marcar la diferencia. Hazlo parte de tus looks m\u00e1s agradables, con pantalones c\u00f3modos y abrigo calentito, para lucir estilosa todo el invierno.\n<\/p>\n<div class=\"voc-detail__cmp\">\n<div class=\"voc-article-container\">\n<article class=\"voc-article voc-article--cmp-photo-text\" readability=\"26.5\">\n<div class=\"voc-img-container\" readability=\"8\"> <picture>\n<div class=\"voc-horizontal voc-img-icon-link\"> <img loading=\"lazy\" src=\"http:\/\/hoycordobaweb.com\/wp-content\/uploads\/2024\/10\/soy-editora-de-moda-y-estos-son-los-seis-jerseis-de-rayas-de-estilo-frances-que-he-fichado-para-este-otono-3.webp\" alt=\"Jersey cuello polo (17,99\u20ac en El Corte Ingl\u00e9s)\" width=\"624\" height=\"624\"> <\/div>\n<\/picture>\n<p class=\"figure-caption \"> Jersey cuello polo (17,99\u20ac en El Corte Ingl\u00e9s) \/ <span class=\"voc-photo-author\"> sfera <\/span> <\/p>\n<\/p><\/div>\n<\/article><\/div>\n<\/div>\n<p><h3 class=\"voc-detail__title\"> Estilo polo<br \/>\n<\/h3>\n<\/p>\n<p class=\"voc-paragraph\" data-mrf-recirculation=\"Link art\u00edculo\">Los <strong>polos <\/strong>no pueden estar m\u00e1s de moda este oto\u00f1o-invierno y aquellos con estampado de rayas son una opci\u00f3n perfecta si quieres lucir la versi\u00f3n m\u00e1s sofisticada de esta tendencia. Pantalones blancos wide leg y zapatillas burdeos son los mejores compa\u00f1eros de este jersey para conseguir un look de diario c\u00f3modo y estiloso.\n<\/p>\n<div class=\"voc-detail__cmp\">\n<div class=\"voc-article-container\">\n<article class=\"voc-article voc-article--cmp-photo-text\" readability=\"26.5\">\n<div class=\"voc-img-container\" readability=\"8\"> <picture>\n<div class=\"voc-horizontal voc-img-icon-link\"> <img loading=\"lazy\" src=\"http:\/\/hoycordobaweb.com\/wp-content\/uploads\/2024\/10\/soy-editora-de-moda-y-estos-son-los-seis-jerseis-de-rayas-de-estilo-frances-que-he-fichado-para-este-otono-4.webp\" alt=\"C\u00e1rdigan rayas botones joya (29,99\u20ac)\" width=\"624\" height=\"624\"> <\/div>\n<\/picture>\n<p class=\"figure-caption \"> C\u00e1rdigan rayas botones joya (29,99\u20ac) \/ <span class=\"voc-photo-author\"> mango <\/span> <\/p>\n<\/p><\/div>\n<\/article><\/div>\n<\/div>\n<p><h3 class=\"voc-detail__title\"> C\u00e1rdigan<br \/>\n<\/h3>\n<\/p>\n<p class=\"voc-paragraph\" data-mrf-recirculation=\"Link art\u00edculo\">Si eres de las que est\u00e1 buscando una prenda sofisticada y femenina al m\u00e1s puro estilo franc\u00e9s, lo tuyo es un <strong>c\u00e1rdigan con estampado de rayas<\/strong>. Para poder llevarlo tambi\u00e9n en tus looks de oficina, apuesta por combinarlo con pantalones de vestir y mocasines, formal y en tendencia.\n<\/p>\n<div class=\"voc-detail__cmp\">\n<div class=\"voc-article-container\">\n<article class=\"voc-article voc-article--cmp-photo-text\" readability=\"26\">\n<div class=\"voc-img-container\" readability=\"7\"> <picture>\n<div class=\"voc-horizontal voc-img-icon-link\"> <img loading=\"lazy\" src=\"http:\/\/hoycordobaweb.com\/wp-content\/uploads\/2024\/10\/soy-editora-de-moda-y-estos-son-los-seis-jerseis-de-rayas-de-estilo-frances-que-he-fichado-para-este-otono-5.webp\" alt=\"Jersey de mujer con estampado de rayas y hombros al aire (55\u20ac en El Corte Ingl\u00e9s)\" width=\"624\" height=\"624\"> <\/div>\n<\/picture>\n<p class=\"figure-caption \"> Jersey de mujer con estampado de rayas y hombros al aire (55\u20ac en El Corte Ingl\u00e9s) \/ <span class=\"voc-photo-author\"> noon <\/span> <\/p>\n<\/p><\/div>\n<\/article><\/div>\n<\/div>\n<p><h3 class=\"voc-detail__title\"> Hombros al descubierto<br \/>\n<\/h3>\n<\/p>\n<p class=\"voc-paragraph\" data-mrf-recirculation=\"Link art\u00edculo\">S\u00e1cale partido a tus estilismos m\u00e1s juveniles con un <strong>jersey de rayas con los hombros al descubierto<\/strong>. Pantalones con tachuelas y botas cowboy complementar\u00e1n este look rejuvenecedor perfecto para salir a tomar algo esta temporada.\n<\/p>\n<p> <!-- TOPICS --> <\/p>\n","protected":false},"excerpt":{"rendered":"<p>Si hay un b\u00e1sico que no pasa de moda y que se ha convertido en todo un imprescindible de los armarios de entretiempo, esos son los jers\u00e9is de rayas. M\u00e1s all\u00e1 del boom del print de leopardo o de los estampados de cuadro , las rayas &#8211; especialmente en los jers\u00e9is &#8211; son todo un [&hellip;]<\/p>\n","protected":false},"author":1,"featured_media":85604,"comment_status":"closed","ping_status":"closed","sticky":false,"template":"","format":"standard","meta":[],"categories":[],"tags":[],"_links":{"self":[{"href":"http:\/\/hoycordobaweb.com\/index.php\/wp-json\/wp\/v2\/posts\/85603"}],"collection":[{"href":"http:\/\/hoycordobaweb.com\/index.php\/wp-json\/wp\/v2\/posts"}],"about":[{"href":"http:\/\/hoycordobaweb.com\/index.php\/wp-json\/wp\/v2\/types\/post"}],"author":[{"embeddable":true,"href":"http:\/\/hoycordobaweb.com\/index.php\/wp-json\/wp\/v2\/users\/1"}],"replies":[{"embeddable":true,"href":"http:\/\/hoycordobaweb.com\/index.php\/wp-json\/wp\/v2\/comments?post=85603"}],"version-history":[{"count":0,"href":"http:\/\/hoycordobaweb.com\/index.php\/wp-json\/wp\/v2\/posts\/85603\/revisions"}],"wp:featuredmedia":[{"embeddable":true,"href":"http:\/\/hoycordobaweb.com\/index.php\/wp-json\/wp\/v2\/media\/85604"}],"wp:attachment":[{"href":"http:\/\/hoycordobaweb.com\/index.php\/wp-json\/wp\/v2\/media?parent=85603"}],"wp:term":[{"taxonomy":"category","embeddable":true,"href":"http:\/\/hoycordobaweb.com\/index.php\/wp-json\/wp\/v2\/categories?post=85603"},{"taxonomy":"post_tag","embeddable":true,"href":"http:\/\/hoycordobaweb.com\/index.php\/wp-json\/wp\/v2\/tags?post=85603"}],"curies":[{"name":"wp","href":"https:\/\/api.w.org\/{rel}","templated":true}]}}