{"id":85587,"date":"2024-10-16T15:20:56","date_gmt":"2024-10-16T15:20:56","guid":{"rendered":"https:\/\/www.ole.com.ar\/river-plate\/river-seleccion-lionel-messi-jugadores-comentaron-posteo-instagram-mastantuono-pezzella_0_gPrVxop9FI.html"},"modified":"2024-10-16T15:20:56","modified_gmt":"2024-10-16T15:20:56","slug":"los-dos-jugadores-de-river-que-le-comentaron-a-messi-y-se-rindieron-a-sus-pies","status":"publish","type":"post","link":"http:\/\/hoycordobaweb.com\/index.php\/2024\/10\/16\/los-dos-jugadores-de-river-que-le-comentaron-a-messi-y-se-rindieron-a-sus-pies\/","title":{"rendered":"Los dos jugadores de River que le comentaron a Messi y se rindieron a sus pies"},"content":{"rendered":"<p><img src=\"http:\/\/hoycordobaweb.com\/wp-content\/uploads\/2024\/10\/los-dos-jugadores-de-river-que-le-comentaron-a-messi-y-se-rindieron-a-sus-pies.jpg\"><\/p>\n<p><time class=\"createDate\" datetime=\"2024-10-16T12:20:56-03:00\">16\/10\/2024 12:20hs.<\/time><\/p>\n<div id=\"storyBody\">\n<div class=\"custom-text \" readability=\"35.509478672986\">\n<p>Lo admiran en cada continente. Sus videos llegan a cualquier isla casi invisible en el Google Maps. Pudo nunca haber pisado ese pa\u00eds, pero siempre hay alg\u00fan chico con su camiseta (o algo que simule serlo). Mientras en cada rinc\u00f3n del mundo se rinden a los pies de <strong><a href=\"https:\/\/www.ole.com.ar\/tema\/lionel-messi.html\" title=\"Lionel Messi\" alt=\"Lionel Messi\" class=\"slug\">Lionel Messi<\/a><\/strong>, hay dos jugadores de <strong><a href=\"https:\/\/www.ole.com.ar\/tema\/river-plate.html\" title=\"River Plate\" alt=\"River Plate\" class=\"slug\">River<\/a><\/strong> que <strong>tambi\u00e9n quedaron at\u00f3nitos con su show futbol\u00edstico contra Bolivia y lo demostraron en las redes sociales&#8230;<\/strong><\/p>\n<\/div>\n<div class=\"custom-text \" readability=\"39\">\n<p>Se trata de <strong>Franco Mastantuono y Germ\u00e1n Pezzella<\/strong>, quienes se metieron entre los m\u00e1s de 94.000 comentarios que tuvo el posteo que subi\u00f3 el #10 luego de la goleada en el <strong>Monumental<\/strong>. <strong>Mediante emojis, ambos le demostraron su admiraci\u00f3n<\/strong> y recibieron el afecto de otros fans, que tambi\u00e9n les celebraron la intervenci\u00f3n. Eso, claro con la salvedad de que el marcador central lo ve de cerca desde hace ya bastante tiempo en cada convocatoria de la <strong>Selecci\u00f3n<\/strong>.<\/p>\n<\/div>\n<div class=\"sc-e7b891c4-0 ifHnQL\"><img alt=\"Mastantuono, rendido ante su \u00eddolo. \" loading=\"lazy\" width=\"720\" height=\"100\" decoding=\"async\" data-nimg=\"1\" src=\"http:\/\/hoycordobaweb.com\/wp-content\/uploads\/2024\/10\/los-dos-jugadores-de-river-que-le-comentaron-a-messi-y-se-rindieron-a-sus-pies-2.jpg\"><span class=\"epigraphe\">Mastantuono, rendido ante su \u00eddolo. <\/span><\/div>\n<div class=\"sc-e7b891c4-0 ifHnQL\"><img alt=\"Pezzella tambi\u00e9n le coment\u00f3. \" loading=\"lazy\" width=\"720\" height=\"100\" decoding=\"async\" data-nimg=\"1\" src=\"http:\/\/hoycordobaweb.com\/wp-content\/uploads\/2024\/10\/los-dos-jugadores-de-river-que-le-comentaron-a-messi-y-se-rindieron-a-sus-pies-3.jpg\"><span class=\"epigraphe\">Pezzella tambi\u00e9n le coment\u00f3. <\/span><\/div>\n<p><h2><strong>Mastantuono y una historia de admiraci\u00f3n hacia su \u00eddolo<\/strong><\/h2>\n<\/p>\n<div class=\"custom-text \" readability=\"41\">\n<p>Para <strong>Mastantuono<\/strong>, como para muchos adolescentes argentinos, Messi es su \u00eddolo y superh\u00e9roe: adem\u00e1s de compartir el rasgo de la pierna h\u00e1bil y la posici\u00f3n en el campo, <strong>cuando salt\u00f3 a Primera eligi\u00f3 el n\u00famero 30 porque era el que usaba Leo en el PSG y lo tiene en muchos stickers que plotean su termo<\/strong>. Durante su formaci\u00f3n, se esforz\u00f3 para mejorar la t\u00e9cnica con su pie derecho con tal de asemejarse lo m\u00e1ximo posible a su referente, al que en un reciente desaf\u00edo de Tik Tok lo puso en el primer lugar del top 10 de mejores jugadores de la historia, por encima de Diego Maradona.<\/p>\n<\/div>\n<div class=\"custom-text \" readability=\"36\">\n<p><strong>\u00abEl mejor de todos\u00bb,<\/strong> puso recientemente con una foto que subi\u00f3 junto a \u00e9l, cuando <strong>Messi <\/strong>fue a ver el viernes pasado el amistoso que la <strong>Selecci\u00f3n Sub 20<\/strong> le gan\u00f3 a Uzbekist\u00e1n en el predio de la AFA y apenas unos metros los separaron.<\/p>\n<\/div>\n<div class=\"sc-e7b891c4-0 ifHnQL\"><img alt=\"La foto que subi\u00f3 Mastantuono junto a Leo. \" loading=\"lazy\" width=\"720\" height=\"100\" decoding=\"async\" data-nimg=\"1\" src=\"http:\/\/hoycordobaweb.com\/wp-content\/uploads\/2024\/10\/los-dos-jugadores-de-river-que-le-comentaron-a-messi-y-se-rindieron-a-sus-pies-4.jpg\"><span class=\"epigraphe\">La foto que subi\u00f3 Mastantuono junto a Leo. <\/span><\/div>\n<div class=\"custom-text \" readability=\"37\">\n<p>La decisi\u00f3n de <strong>Mastantuono <\/strong>despu\u00e9s de festejar el <strong>Mundial <\/strong>de Qatar tambi\u00e9n es un acto de amor y fidelidad al #10. En su brazo izquierdo se tatu\u00f3 con orgullo la fecha de la final contra Francia y en este caso no se trat\u00f3 de una t\u00edpica promesa. <strong>\u00abPor Messi\u00bb<\/strong>, supo contar Franco, al admitir que decidi\u00f3 grabar ese recuerdo en la piel por el capit\u00e1n: <strong>\u00abCreo que todos lo festejamos mucho por \u00e9l tambi\u00e9n\u00bb.<\/strong><\/p>\n<\/div>\n<div class=\"sc-e7b891c4-0 ifHnQL\"><img alt=\"Mastantuono, mate con su mam\u00e1 y el termo con varios stickers de Messi.\" loading=\"lazy\" width=\"720\" height=\"100\" decoding=\"async\" data-nimg=\"1\" src=\"http:\/\/hoycordobaweb.com\/wp-content\/uploads\/2024\/10\/los-dos-jugadores-de-river-que-le-comentaron-a-messi-y-se-rindieron-a-sus-pies-5.jpg\"><span class=\"epigraphe\">Mastantuono, mate con su mam\u00e1 y el termo con varios stickers de Messi.<\/span><\/div>\n<div class=\"sc-a7166897-0 eoLsBE\" readability=\"6.5\">\n<section readability=\"3\"><picture><img alt=\"Con una amarilla en dos minutos, as\u00ed fue el martes de los seleccionados de River\" loading=\"lazy\" width=\"290\" height=\"290\" decoding=\"async\" data-nimg=\"1\" src=\"http:\/\/hoycordobaweb.com\/wp-content\/uploads\/2024\/10\/los-dos-jugadores-de-river-que-le-comentaron-a-messi-y-se-rindieron-a-sus-pies-6.jpg\"><\/picture>\n<p><span>Mir\u00e1 tambi\u00e9n<\/span><\/p>\n<hr>\n<h3>Con una amarilla en dos minutos, as\u00ed fue el martes de los seleccionados de River<\/h3>\n<\/p>\n<\/section>\n<\/div>\n<div class=\"sc-a7166897-0 eoLsBE\" readability=\"6.5\">\n<section readability=\"3\"><picture><img alt=\"El orgullo que mostraron los hinchas de River por el invicto de la Selecci\u00f3n en el Monumental\" loading=\"lazy\" width=\"290\" height=\"290\" decoding=\"async\" data-nimg=\"1\" src=\"http:\/\/hoycordobaweb.com\/wp-content\/uploads\/2024\/10\/los-dos-jugadores-de-river-que-le-comentaron-a-messi-y-se-rindieron-a-sus-pies-7.jpg\"><\/picture>\n<p><span>Mir\u00e1 tambi\u00e9n<\/span><\/p>\n<hr>\n<h3>El orgullo que mostraron los hinchas de River por el invicto de la Selecci\u00f3n en el Monumental<\/h3>\n<\/p>\n<\/section>\n<\/div>\n<div class=\"sc-a7166897-0 eoLsBE\" readability=\"7\">\n<section readability=\"4\"><picture><img alt=\"River, hoy EN VIVO: la decisi\u00f3n de Gallardo por los citados y \u00faltimas noticias de este mi\u00e9rcoles 16 de octubre\" loading=\"lazy\" width=\"290\" height=\"290\" decoding=\"async\" data-nimg=\"1\" src=\"http:\/\/hoycordobaweb.com\/wp-content\/uploads\/2024\/10\/los-dos-jugadores-de-river-que-le-comentaron-a-messi-y-se-rindieron-a-sus-pies-8.jpg\"><\/picture>\n<p><span>Mir\u00e1 tambi\u00e9n<\/span><\/p>\n<hr>\n<h3>River, hoy EN VIVO: la decisi\u00f3n de Gallardo por los citados y \u00faltimas noticias de este mi\u00e9rcoles 16 de octubre<\/h3>\n<\/p>\n<\/section>\n<\/div>\n<div class=\"sc-a7166897-0 eoLsBE\" readability=\"6\">\n<section readability=\"2\"><picture><img alt=\"Bustos y un paso adelante: el lateral conf\u00eda en estar en Brasil\" loading=\"lazy\" width=\"290\" height=\"290\" decoding=\"async\" data-nimg=\"1\" src=\"http:\/\/hoycordobaweb.com\/wp-content\/uploads\/2024\/10\/los-dos-jugadores-de-river-que-le-comentaron-a-messi-y-se-rindieron-a-sus-pies-9.jpg\"><\/picture>\n<p><span>Mir\u00e1 tambi\u00e9n<\/span><\/p>\n<hr>\n<h3>Bustos y un paso adelante: el lateral conf\u00eda en estar en Brasil<\/h3>\n<\/p>\n<\/section>\n<\/div>\n<div class=\"sc-a7166897-0 eoLsBE\" readability=\"6\">\n<section readability=\"2\"><picture><img alt=\"Atento River: Paulo D\u00edaz fue suplente en la selecci\u00f3n de Chile\" loading=\"lazy\" width=\"290\" height=\"290\" decoding=\"async\" data-nimg=\"1\" src=\"http:\/\/hoycordobaweb.com\/wp-content\/uploads\/2024\/10\/los-dos-jugadores-de-river-que-le-comentaron-a-messi-y-se-rindieron-a-sus-pies-10.jpg\"><\/picture>\n<p><span>Mir\u00e1 tambi\u00e9n<\/span><\/p>\n<hr>\n<h3>Atento River: Paulo D\u00edaz fue suplente en la selecci\u00f3n de Chile<\/h3>\n<\/p>\n<\/section>\n<\/div>\n<\/div>\n","protected":false},"excerpt":{"rendered":"<p>16\/10\/2024 12:20hs. Lo admiran en cada continente. Sus videos llegan a cualquier isla casi invisible en el Google Maps. Pudo nunca haber pisado ese pa\u00eds, pero siempre hay alg\u00fan chico con su camiseta (o algo que simule serlo). Mientras en cada rinc\u00f3n del mundo se rinden a los pies de Lionel Messi, hay dos jugadores [&hellip;]<\/p>\n","protected":false},"author":1,"featured_media":85588,"comment_status":"open","ping_status":"closed","sticky":false,"template":"","format":"standard","meta":[],"categories":[16],"tags":[],"_links":{"self":[{"href":"http:\/\/hoycordobaweb.com\/index.php\/wp-json\/wp\/v2\/posts\/85587"}],"collection":[{"href":"http:\/\/hoycordobaweb.com\/index.php\/wp-json\/wp\/v2\/posts"}],"about":[{"href":"http:\/\/hoycordobaweb.com\/index.php\/wp-json\/wp\/v2\/types\/post"}],"author":[{"embeddable":true,"href":"http:\/\/hoycordobaweb.com\/index.php\/wp-json\/wp\/v2\/users\/1"}],"replies":[{"embeddable":true,"href":"http:\/\/hoycordobaweb.com\/index.php\/wp-json\/wp\/v2\/comments?post=85587"}],"version-history":[{"count":0,"href":"http:\/\/hoycordobaweb.com\/index.php\/wp-json\/wp\/v2\/posts\/85587\/revisions"}],"wp:featuredmedia":[{"embeddable":true,"href":"http:\/\/hoycordobaweb.com\/index.php\/wp-json\/wp\/v2\/media\/85588"}],"wp:attachment":[{"href":"http:\/\/hoycordobaweb.com\/index.php\/wp-json\/wp\/v2\/media?parent=85587"}],"wp:term":[{"taxonomy":"category","embeddable":true,"href":"http:\/\/hoycordobaweb.com\/index.php\/wp-json\/wp\/v2\/categories?post=85587"},{"taxonomy":"post_tag","embeddable":true,"href":"http:\/\/hoycordobaweb.com\/index.php\/wp-json\/wp\/v2\/tags?post=85587"}],"curies":[{"name":"wp","href":"https:\/\/api.w.org\/{rel}","templated":true}]}}