{"id":85308,"date":"2024-10-13T11:54:43","date_gmt":"2024-10-13T11:54:43","guid":{"rendered":"https:\/\/www.ole.com.ar\/futbol-internacional\/espana\/primer-equipo-transgenero-europa-fenix-fc_0_kvf0oSsjhM.html"},"modified":"2024-10-13T11:54:43","modified_gmt":"2024-10-13T11:54:43","slug":"el-primer-equipo-transgenero-de-europa-que-participo-en-un-campeonato-federal","status":"publish","type":"post","link":"http:\/\/hoycordobaweb.com\/index.php\/2024\/10\/13\/el-primer-equipo-transgenero-de-europa-que-participo-en-un-campeonato-federal\/","title":{"rendered":"El primer equipo transg\u00e9nero de Europa que particip\u00f3 en un campeonato federal"},"content":{"rendered":"<p><img src=\"http:\/\/hoycordobaweb.com\/wp-content\/uploads\/2024\/10\/el-primer-equipo-transgenero-de-europa-que-participo-en-un-campeonato-federal.jpg\"><\/p>\n<p><span class=\"createDate\">13\/10\/2024 08:54hs.<\/span><time class=\"modificatedDate\" datetime=\"2024-10-13T08:57:31-03:00\"> Actualizado al 13\/10\/2024 08:57hs.<\/time><\/p>\n<div id=\"storyBody\">\n<div class=\"custom-text \" readability=\"37\">\n<p>Despu\u00e9s de una ardua lucha, un equipo de Catalu\u00f1a que se fund\u00f3 en 2021 hizo historia en septiembre de 2024, momento en el que <strong>se convirti\u00f3 en el primer plantel transg\u00e9nero en participar de una competencia federal en Europa<\/strong>, m\u00e1s precisamente en Espa\u00f1a.<\/p>\n<\/div>\n<div class=\"custom-text \" readability=\"40\">\n<p>Se trata del <strong>F\u00e9nix FC<\/strong>, un elenco que naci\u00f3 en el municipio de Sant Feliu de Llobregat gracias a <strong>Hugo Marlo Mart\u00ednez<\/strong> y <strong>Lucas Ib\u00e1\u00f1ez<\/strong>, impulsores del proyecto. \u00abSiempre jugu\u00e9 al f\u00fatbol, pero soy un chico trans y por eso <strong>jugu\u00e9 en un equipo exclusivamente femenino<\/strong>. Muchas lo hacen, especialmente durante y despu\u00e9s del proceso de transici\u00f3n\u00bb, relat\u00f3 el primero de ellos en di\u00e1logo con Tutto Mercato. <\/p>\n<\/div>\n<div class=\"custom-text \" readability=\"38\">\n<p>Siguiendo la misma l\u00ednea, record\u00f3 c\u00f3mo surgi\u00f3 la idea. \u00ab<strong>No me sent\u00eda c\u00f3modo, quer\u00eda jugar con chicos, pero ten\u00eda miedo incluso de entrar al vestuario. Entonces me pregunt\u00e9: &#8216;\u00bfpor qu\u00e9 no crear un equipo enteramente transg\u00e9nero?&#8217;<\/strong>\u00ab, indic\u00f3.<\/p>\n<\/div>\n<div class=\"custom-text \" readability=\"45\">\n<p>Para concretar la idea, hab\u00eda que armar una convocatoria. Por lo tanto, decidieron organizarse para conseguir al resto del plantel. \u00abLo intentamos sin demasiados resultados durante dos a\u00f1os. Luego, en 2023, lanzamos el llamamiento social. <strong>Creamos un grupo en WhatsApp donde nos reun\u00edamos, entren\u00e1bamos en campos alquilados, jug\u00e1bamos y nos divert\u00edamos todos juntos<\/strong>. En el campeonato federal masculino de f\u00fatbol siete, Luke y yo \u00e9ramos entrenadores y jugadores del equipo. Recuerdo que perdimos mucho al principio, pero poco a poco le fuimos tomando el gusto y empezamos a ganar, encontrando un nuevo hogar\u00bb, asegur\u00f3.<\/p>\n<\/div>\n<div class=\"sc-e7b891c4-0 ifHnQL\"><img alt=\"F\u00e9nix FC, el primer equipo transg\u00e9nero que compiti\u00f3 oficialmente en Europa. (FOTO: F\u00e9nix FC)\" loading=\"lazy\" width=\"720\" height=\"100\" decoding=\"async\" data-nimg=\"1\" src=\"http:\/\/hoycordobaweb.com\/wp-content\/uploads\/2024\/10\/el-primer-equipo-transgenero-de-europa-que-participo-en-un-campeonato-federal-2.jpg\"><span class=\"epigraphe\">F\u00e9nix FC, el primer equipo transg\u00e9nero que compiti\u00f3 oficialmente en Europa. (FOTO: F\u00e9nix FC)<\/span><\/div>\n<div class=\"custom-text \" readability=\"43\">\n<p>En simult\u00e1neo, tanto los fundadores como el resto de los integrantes del combinado sufrieron discriminaci\u00f3n y pelearon para conseguir estas conquistas. Sin embargo, tienen bien claro cu\u00e1l es su objetivo. \u00abNo fue nada f\u00e1cil subir el nivel, pero nuestro F\u00e9nix FC <strong>representa mucho m\u00e1s que un simple equipo <\/strong>de f\u00fatbol. <strong>Es un movimiento, un punto de referencia para muchas personas trans<\/strong>. Jugamos al f\u00fatbol pero queremos sentirnos en un espacio seguro. Con nuestro debut el pasado mes de septiembre, de la mano de nuestro nuevo entrenador hicimos historia, es cierto, pero <strong>lo que m\u00e1s nos importa es dar ejemplo y enviar un mensaje a todos<\/strong>\u00ab, remarc\u00f3.<\/p>\n<\/div>\n<div class=\"custom-text \" readability=\"39\">\n<p>Segundos antes de terminar la entrevista, quien puso el primer ladrillo para construir esta comunidad resumi\u00f3 qu\u00e9 mensaje quieren dejarle a la sociedad con este paso clave que lograron. \u00ab<strong>Inclusi\u00f3n en el deporte y en la vida, ofreciendo a todos la oportunidad de competir con unidad, respeto y ausencia de discriminaci\u00f3n.<\/strong> <strong>Esperamos que con nuestro peque\u00f1o camino hayamos enviado una se\u00f1al<\/strong>\u00ab, cerr\u00f3.<\/p>\n<\/div>\n<p><h2>El mensaje de F\u00e9nix FC luego del debut<\/h2>\n<\/p>\n<div class=\"custom-text \" readability=\"41\">\n<p>A trav\u00e9s de sus redes sociales, los integrantes de <strong>F\u00e9nix FC <\/strong>compartieron un sentido mensaje para celebrar el gran logro que obtuvieron en septiembre, momento en el que compitieron de forma oficial por primera vez. \u00abDesde nuestros primeros d\u00edas, <strong>hemos luchado con pasi\u00f3n en cada partido, superando obst\u00e1culos y creciendo como equipo y como individuos<\/strong>. Agradecemos profundamente el apoyo de nuestras gradas que nos han ayudado a alcanzar nuevas alturas y a todas las personas que nos siguen y apoyan en todos los pasos que damos. S<strong>eguimos mejorando, luchando y triunfando juntos<\/strong>\u00ab, resaltaron.<\/p>\n<\/div>\n<div class=\"sc-e7b891c4-0 ifHnQL\"><img alt=\"F\u00e9nix FC, el primer equipo transg\u00e9nero que compiti\u00f3 oficialmente en Europa. (FOTO: F\u00e9nix FC)\" loading=\"lazy\" width=\"720\" height=\"100\" decoding=\"async\" data-nimg=\"1\" src=\"http:\/\/hoycordobaweb.com\/wp-content\/uploads\/2024\/10\/el-primer-equipo-transgenero-de-europa-que-participo-en-un-campeonato-federal-3.jpg\"><span class=\"epigraphe\">F\u00e9nix FC, el primer equipo transg\u00e9nero que compiti\u00f3 oficialmente en Europa. (FOTO: F\u00e9nix FC)<\/span><\/div>\n<div class=\"sc-a7166897-0 eoLsBE\" readability=\"6.5\">\n<section readability=\"3\"><picture><img alt=\"La implacable salvada de Laurina Oliveros que le dio a Boca el pase a la semi de la Libertadores\" loading=\"lazy\" width=\"290\" height=\"290\" decoding=\"async\" data-nimg=\"1\" src=\"http:\/\/hoycordobaweb.com\/wp-content\/uploads\/2024\/10\/el-primer-equipo-transgenero-de-europa-que-participo-en-un-campeonato-federal-4.jpg\"><\/picture>\n<p><span>Mir\u00e1 tambi\u00e9n<\/span><\/p>\n<hr>\n<h3>La implacable salvada de Laurina Oliveros que le dio a Boca el pase a la semi de la Libertadores<\/h3>\n<\/p>\n<\/section>\n<\/div>\n<div class=\"sc-a7166897-0 eoLsBE\" readability=\"6.5\">\n<section readability=\"3\"><picture><img alt=\"Partidos de hoy, domingo 13 de octubre: horario y c\u00f3mo ver f\u00fatbol en vivo\" loading=\"lazy\" width=\"290\" height=\"290\" decoding=\"async\" data-nimg=\"1\" src=\"http:\/\/hoycordobaweb.com\/wp-content\/uploads\/2024\/10\/el-primer-equipo-transgenero-de-europa-que-participo-en-un-campeonato-federal-5.jpg\"><\/picture>\n<p><span>Mir\u00e1 tambi\u00e9n<\/span><\/p>\n<hr>\n<h3>Partidos de hoy, domingo 13 de octubre: horario y c\u00f3mo ver f\u00fatbol en vivo<\/h3>\n<\/p>\n<\/section>\n<\/div>\n<div class=\"sc-a7166897-0 eoLsBE\" readability=\"6.5\">\n<section readability=\"3\"><picture><img alt=\"Boca, otra vez semifinalista de la Copa Libertadores femenina\" loading=\"lazy\" width=\"290\" height=\"290\" decoding=\"async\" data-nimg=\"1\" src=\"http:\/\/hoycordobaweb.com\/wp-content\/uploads\/2024\/10\/el-primer-equipo-transgenero-de-europa-que-participo-en-un-campeonato-federal-6.jpg\"><\/picture>\n<p><span>Mir\u00e1 tambi\u00e9n<\/span><\/p>\n<hr>\n<h3>Boca, otra vez semifinalista de la Copa Libertadores femenina<\/h3>\n<\/p>\n<\/section>\n<\/div>\n<\/div>\n","protected":false},"excerpt":{"rendered":"<p>13\/10\/2024 08:54hs. Actualizado al 13\/10\/2024 08:57hs. Despu\u00e9s de una ardua lucha, un equipo de Catalu\u00f1a que se fund\u00f3 en 2021 hizo historia en septiembre de 2024, momento en el que se convirti\u00f3 en el primer plantel transg\u00e9nero en participar de una competencia federal en Europa, m\u00e1s precisamente en Espa\u00f1a. Se trata del F\u00e9nix FC, un [&hellip;]<\/p>\n","protected":false},"author":1,"featured_media":85309,"comment_status":"open","ping_status":"closed","sticky":false,"template":"","format":"standard","meta":[],"categories":[16],"tags":[],"_links":{"self":[{"href":"http:\/\/hoycordobaweb.com\/index.php\/wp-json\/wp\/v2\/posts\/85308"}],"collection":[{"href":"http:\/\/hoycordobaweb.com\/index.php\/wp-json\/wp\/v2\/posts"}],"about":[{"href":"http:\/\/hoycordobaweb.com\/index.php\/wp-json\/wp\/v2\/types\/post"}],"author":[{"embeddable":true,"href":"http:\/\/hoycordobaweb.com\/index.php\/wp-json\/wp\/v2\/users\/1"}],"replies":[{"embeddable":true,"href":"http:\/\/hoycordobaweb.com\/index.php\/wp-json\/wp\/v2\/comments?post=85308"}],"version-history":[{"count":0,"href":"http:\/\/hoycordobaweb.com\/index.php\/wp-json\/wp\/v2\/posts\/85308\/revisions"}],"wp:featuredmedia":[{"embeddable":true,"href":"http:\/\/hoycordobaweb.com\/index.php\/wp-json\/wp\/v2\/media\/85309"}],"wp:attachment":[{"href":"http:\/\/hoycordobaweb.com\/index.php\/wp-json\/wp\/v2\/media?parent=85308"}],"wp:term":[{"taxonomy":"category","embeddable":true,"href":"http:\/\/hoycordobaweb.com\/index.php\/wp-json\/wp\/v2\/categories?post=85308"},{"taxonomy":"post_tag","embeddable":true,"href":"http:\/\/hoycordobaweb.com\/index.php\/wp-json\/wp\/v2\/tags?post=85308"}],"curies":[{"name":"wp","href":"https:\/\/api.w.org\/{rel}","templated":true}]}}