{"id":85206,"date":"2024-10-12T14:52:18","date_gmt":"2024-10-12T14:52:18","guid":{"rendered":"https:\/\/www.ole.com.ar\/boca-juniors\/boca-pretemporada-herron-asume-gago_0_HImZxUKiA1.html"},"modified":"2024-10-12T14:52:18","modified_gmt":"2024-10-12T14:52:18","slug":"la-decision-de-herron-en-su-ultima-practica-antes-de-que-asuma-gago","status":"publish","type":"post","link":"http:\/\/hoycordobaweb.com\/index.php\/2024\/10\/12\/la-decision-de-herron-en-su-ultima-practica-antes-de-que-asuma-gago\/","title":{"rendered":"La decisi\u00f3n de Herr\u00f3n en su \u00faltima pr\u00e1ctica antes de que asuma Gago"},"content":{"rendered":"<p><img src=\"http:\/\/hoycordobaweb.com\/wp-content\/uploads\/2024\/10\/la-decision-de-herron-en-su-ultima-practica-antes-de-que-asuma-gago.jpg\"><\/p>\n<p><time class=\"createDate\" datetime=\"2024-10-12T11:52:18-03:00\">12\/10\/2024 11:52hs.<\/time><\/p>\n<div id=\"storyBody\">\n<div class=\"custom-text \" readability=\"33.782608695652\">\n<p>El tercer interinato de <strong><a href=\"https:\/\/www.ole.com.ar\/tema\/mariano-herron.html\" title=\"Mariano Herr\u00f3n\" alt=\"Mariano Herr\u00f3n\" class=\"slug\">Mariano Herr\u00f3n<\/a><\/strong> se cerr\u00f3 este s\u00e1bado luego del \u00faltimo entrenamiento en <strong><a href=\"https:\/\/www.ole.com.ar\/tema\/boca-juniors.html\" title=\"Boca Juniors\" alt=\"Boca Juniors\" class=\"slug\">Boca<\/a> Predio<\/strong>, una <strong>mini pretemporada con doble turno y concentraci\u00f3n<\/strong> que el DT provisional encar\u00f3 para tratar de mejorar la forma f\u00edsica del plantel aprovechando el receso por la fecha FIFA por las Eliminatorias Sudamericanas. Ahora, lleg\u00f3 el momento de <strong><a href=\"https:\/\/www.ole.com.ar\/tema\/fernando-gago.html\" title=\"Fernando Gago\" alt=\"Fernando Gago\" class=\"slug\">Fernando Gago<\/a><\/strong>.<\/p>\n<\/div>\n<div class=\"custom-text \" readability=\"39.099337748344\">\n<p>En la \u00faltima pr\u00e1ctica, Herr\u00f3n decidi\u00f3 cuidar a varios futbolistas baj\u00e1ndoles las cargas, entre ellos <strong><a href=\"https:\/\/www.ole.com.ar\/tema\/edinson-cavani.html\" title=\"Edinson Cavani\" alt=\"Edinson Cavani\" class=\"slug\">Edinson Cavani<\/a>, Milton Gim\u00e9nez, Toto Belmonte y Brian Aguirre<\/strong>, adem\u00e1s de Cristian Lema, quien se hizo estudios en la semana por una molestia f\u00edsica y estuvo entren\u00e1ndose de forma diferenciada.<strong> <\/strong><\/p>\n<\/div>\n<div class=\"custom-text \" readability=\"37\">\n<p><strong>El objetivo es que el lunes por la tarde cuando vuelvan a los entrenamientos arranquen a la par <\/strong>en el inicio del nuevo ciclo, con el partido del s\u00e1bado 19 ante Tigre a la vista y luego, el mi\u00e9rcoles 23, los cuartos de la Copa Argentina frente a Gimnasia en Rosario.<\/p>\n<\/div>\n<div class=\"custom-text \" readability=\"38\">\n<p>Despu\u00e9s de la jornada matutina en Boca Predio, el DT interino se despidi\u00f3 del plantel y en principio <strong>volver\u00eda a trabajar en la Reserva, ahora junto a Tito Pompei<\/strong>, quien se reincorpor\u00f3 al club (se hab\u00eda alejado tras haber sido ayudante de Hugo Ibarra) y estuvo al frente del equipo en estos \u00faltimos dos partidos.<\/p>\n<\/div>\n<div class=\"sc-a7166897-0 eoLsBE\" readability=\"6.5\">\n<section readability=\"3\"><picture><img alt=\"Los detalles de la charla de Riquelme y el Consejo con Gago: qu\u00e9 le dejaron en claro sobre el control del vestuario y los refuerzos\" loading=\"lazy\" width=\"290\" height=\"290\" decoding=\"async\" data-nimg=\"1\" src=\"http:\/\/hoycordobaweb.com\/wp-content\/uploads\/2024\/10\/la-decision-de-herron-en-su-ultima-practica-antes-de-que-asuma-gago-2.jpg\"><\/picture>\n<p><span>Mir\u00e1 tambi\u00e9n<\/span><\/p>\n<hr>\n<h3>Los detalles de la charla de Riquelme y el Consejo con Gago: qu\u00e9 le dejaron en claro sobre el control del vestuario y los refuerzos<\/h3>\n<\/p>\n<\/section>\n<\/div>\n<div class=\"sc-a7166897-0 eoLsBE\" readability=\"6.5\">\n<section readability=\"3\"><picture><img alt=\"Una de las m\u00e1ximas joyas de las Inferiores de Boca se niega a firmar y deja el club por la patria potestad\" loading=\"lazy\" width=\"290\" height=\"290\" decoding=\"async\" data-nimg=\"1\" src=\"http:\/\/hoycordobaweb.com\/wp-content\/uploads\/2024\/10\/la-decision-de-herron-en-su-ultima-practica-antes-de-que-asuma-gago-3.jpg\"><\/picture>\n<p><span>Mir\u00e1 tambi\u00e9n<\/span><\/p>\n<hr>\n<h3>Una de las m\u00e1ximas joyas de las Inferiores de Boca se niega a firmar y deja el club por la patria potestad<\/h3>\n<\/p>\n<\/section>\n<\/div>\n<\/div>\n","protected":false},"excerpt":{"rendered":"<p>12\/10\/2024 11:52hs. El tercer interinato de Mariano Herr\u00f3n se cerr\u00f3 este s\u00e1bado luego del \u00faltimo entrenamiento en Boca Predio, una mini pretemporada con doble turno y concentraci\u00f3n que el DT provisional encar\u00f3 para tratar de mejorar la forma f\u00edsica del plantel aprovechando el receso por la fecha FIFA por las Eliminatorias Sudamericanas. Ahora, lleg\u00f3 el [&hellip;]<\/p>\n","protected":false},"author":1,"featured_media":85207,"comment_status":"open","ping_status":"closed","sticky":false,"template":"","format":"standard","meta":[],"categories":[16],"tags":[],"_links":{"self":[{"href":"http:\/\/hoycordobaweb.com\/index.php\/wp-json\/wp\/v2\/posts\/85206"}],"collection":[{"href":"http:\/\/hoycordobaweb.com\/index.php\/wp-json\/wp\/v2\/posts"}],"about":[{"href":"http:\/\/hoycordobaweb.com\/index.php\/wp-json\/wp\/v2\/types\/post"}],"author":[{"embeddable":true,"href":"http:\/\/hoycordobaweb.com\/index.php\/wp-json\/wp\/v2\/users\/1"}],"replies":[{"embeddable":true,"href":"http:\/\/hoycordobaweb.com\/index.php\/wp-json\/wp\/v2\/comments?post=85206"}],"version-history":[{"count":0,"href":"http:\/\/hoycordobaweb.com\/index.php\/wp-json\/wp\/v2\/posts\/85206\/revisions"}],"wp:featuredmedia":[{"embeddable":true,"href":"http:\/\/hoycordobaweb.com\/index.php\/wp-json\/wp\/v2\/media\/85207"}],"wp:attachment":[{"href":"http:\/\/hoycordobaweb.com\/index.php\/wp-json\/wp\/v2\/media?parent=85206"}],"wp:term":[{"taxonomy":"category","embeddable":true,"href":"http:\/\/hoycordobaweb.com\/index.php\/wp-json\/wp\/v2\/categories?post=85206"},{"taxonomy":"post_tag","embeddable":true,"href":"http:\/\/hoycordobaweb.com\/index.php\/wp-json\/wp\/v2\/tags?post=85206"}],"curies":[{"name":"wp","href":"https:\/\/api.w.org\/{rel}","templated":true}]}}