{"id":85028,"date":"2024-10-11T09:44:06","date_gmt":"2024-10-11T09:44:06","guid":{"rendered":"https:\/\/www.mujerhoy.com\/moda\/no-te-pierdas\/jerseis-finos-springfield-nueva-temporada-baratos-rebajas-entretiempo-elegantes-20241011104229-nt.html"},"modified":"2024-10-11T09:44:06","modified_gmt":"2024-10-11T09:44:06","slug":"estos-jerseis-de-springfield-se-han-convertido-en-mi-mejor-compra-de-temporada-especiales-comodos-y-baratisimos","status":"publish","type":"post","link":"http:\/\/hoycordobaweb.com\/index.php\/2024\/10\/11\/estos-jerseis-de-springfield-se-han-convertido-en-mi-mejor-compra-de-temporada-especiales-comodos-y-baratisimos\/","title":{"rendered":"Estos jers\u00e9is de Springfield se han convertido en mi mejor compra de temporada: especiales, c\u00f3modos y barat\u00edsimos"},"content":{"rendered":"<p><!-- AUTHOR --> <\/p>\n<div class=\"voc-author-timesocial \"> <!-- AUTHOR --> <\/p>\n<div class=\"voc-author-timesocial__signature \">\n<div class=\"voc-author-timesocial__img-c\"> <!-- IMAGE AUTHOR --> <picture class=\"voc-image-signature\"> <img class=\"voc-image-signature__img\" src=\"http:\/\/hoycordobaweb.com\/wp-content\/uploads\/2024\/10\/estos-jerseis-de-springfield-se-han-convertido-en-mi-mejor-compra-de-temporada-especiales-comodos-y-baratisimos.jpg\" alt=\"Patricia Mart\u00edn\"> <\/picture> <\/div>\n<p> <!-- INFO AUTHOR --> <\/div><\/div>\n<p> <!-- COMPONENTS --> <\/p>\n<p class=\"voc-paragraph\" data-mrf-recirculation=\"Link art\u00edculo\">El oto\u00f1o y el entretiempo van de la mano. Todav\u00eda no hace fr\u00edo como para sacar nuestras prendas m\u00e1s abrigadas, como abrigos o jers\u00e9is gordos, pero si que empezamos a necesitar a\u00f1adir m\u00e1s capas a nuestros looks de diario. <a data-voc-vtm-id=\"in-text-traffic\" href=\"https:\/\/www.mujerhoy.com\/moda\/tendencias\/chaqueta-ante-tendencia-como-llevara-entretiempo-otono-idea-looks-instagram-20241003110808-nt.html\" data-mrf-link=\"https:\/\/www.mujerhoy.com\/moda\/tendencias\/chaqueta-ante-tendencia-como-llevara-entretiempo-otono-idea-looks-instagram-20241003110808-nt.html\">Chaquetas de ante<\/a><br \/>\n, <a data-voc-vtm-id=\"in-text-traffic\" href=\"https:\/\/www.mujerhoy.com\/moda\/no-te-pierdas\/cardigans-suaves-calentitos-preciosos-llevar-con-vaqueros-entretiempo-20230322133108-nt.html\" data-mrf-link=\"https:\/\/www.mujerhoy.com\/moda\/no-te-pierdas\/cardigans-suaves-calentitos-preciosos-llevar-con-vaqueros-entretiempo-20230322133108-nt.html\">c\u00e1rdigans suaves<\/a> o <a data-voc-vtm-id=\"in-text-traffic\" href=\"https:\/\/www.mujerhoy.com\/moda\/no-te-pierdas\/mejores-gabardinas-ponibles-para-otono-20241007171611-nt.html\" data-mrf-link=\"https:\/\/www.mujerhoy.com\/moda\/no-te-pierdas\/mejores-gabardinas-ponibles-para-otono-20241007171611-nt.html\">gabardinas<\/a> son algunas de las piezas de entretiempo favoritas de las chicas elegantes, pero si hay un b\u00e1sico que nunca falla es <strong>el jersey finito. <\/strong><\/p>\n<p class=\"voc-paragraph\" data-mrf-recirculation=\"Link art\u00edculo\">A la hora de elegir un buen jersey de entretiempo es importante tener en cuenta varias cosas. La primera es que tenga el tejido adecuado, as\u00ed nos aseguramos que cumpla su funci\u00f3n: protegernos del fr\u00edo sin hacer que pasemos calor. Personalmente, en cuanto a colores, <strong>me gusta apostar por tonos neutros,<\/strong> como el beige, el negro o el blanco, para que me resulte m\u00e1s f\u00e1cil combinarlos y as\u00ed darles mayor utilidad. <\/p>\n<p class=\"voc-paragraph\" data-mrf-recirculation=\"Link art\u00edculo\">Este a\u00f1o, mis jers\u00e9is favoritos de entretiempo son los de<br \/>\n<strong> la nueva colecci\u00f3n de Springfield: <\/strong>desde los modelos m\u00e1s cl\u00e1sicos de rayas, hasta otros con estampados geom\u00e9tricos m\u00e1s diferentes, son perfectos para mis estilismos de oto\u00f1o y se han convertido en la prenda protagonista de mis looks de diario. <strong>\u00bfLo mejor de todo? Su precio,<\/strong> ninguno pasa de los 40 euros y la calidad es muy buena. <\/p>\n<p><h3 class=\"voc-detail__title\"> Los jers\u00e9is de Springfield m\u00e1s bonitos de la temporada<br \/>\n<\/h3>\n<\/p>\n<p class=\"voc-paragraph\" data-mrf-recirculation=\"Link art\u00edculo\">Si est\u00e1is pensando en a\u00f1adir un nuevo jersey a vuestra colecci\u00f3n, estos modelos de Springfield se van a convertir en vuestra obsesi\u00f3n a partir de ahora. <\/p>\n<div class=\"voc-detail-photo-zoom\"> <picture data-toggle=\"modal\" data-target=\"#photoZoomModal-782\" target=\"modal\">\n<div class=\"voc-img-icon-link\"> <img loading=\"lazy\" src=\"http:\/\/hoycordobaweb.com\/wp-content\/uploads\/2024\/10\/estos-jerseis-de-springfield-se-han-convertido-en-mi-mejor-compra-de-temporada-especiales-comodos-y-baratisimos-1.jpg\" width=\"650\" height=\"900\" alt=\"Jers\u00e9is de Springfield para oto\u00f1o\"> <noscript> <img src=\"http:\/\/hoycordobaweb.com\/wp-content\/uploads\/2024\/10\/estos-jerseis-de-springfield-se-han-convertido-en-mi-mejor-compra-de-temporada-especiales-comodos-y-baratisimos-1.jpg\" alt=\"Jers\u00e9is de Springfield para oto\u00f1o\"> <\/noscript> <i class=\"voc-icons zoom voc-multimedia-box voc-ico-l\"><\/i> <\/div><figcaption class=\"figure-caption\">Jers\u00e9is de Springfield para oto\u00f1o<\/figcaption><\/picture>\n<\/div>\n<div id=\"photoZoomModal-782\" class=\"voc-lightbox modal fade voc-lightbox--photo-zoom\" role=\"dialog\" data-voc-photozoom-lightbox>\n<div class=\"voc-lightbox__dialog\" role=\"document\">\n<div class=\"voc-lightbox__content\"> <!-- Modal header --> <!-- Modal content --> <\/p>\n<div class=\"voc-lightbox__photo-container\"> <picture class> <img loading=\"lazy\" src=\"http:\/\/hoycordobaweb.com\/wp-content\/uploads\/2024\/10\/estos-jerseis-de-springfield-se-han-convertido-en-mi-mejor-compra-de-temporada-especiales-comodos-y-baratisimos-1.jpg\" alt=\"Jers\u00e9is de Springfield para oto\u00f1o\"> <noscript> <img src=\"http:\/\/hoycordobaweb.com\/wp-content\/uploads\/2024\/10\/estos-jerseis-de-springfield-se-han-convertido-en-mi-mejor-compra-de-temporada-especiales-comodos-y-baratisimos-1.jpg\" alt=\"Jers\u00e9is de Springfield para oto\u00f1o\"> <\/noscript> <\/picture> <\/div><\/div><\/div>\n<\/div>\n<p class=\"voc-paragraph\" data-mrf-recirculation=\"Link art\u00edculo\">Un imprescindible<br \/>\n<strong> para las amantes del estilo cl\u00e1sico,<\/strong> este jersey de manga larga con escote en uve, con cuello camisero, combinado con efecto doble prenda, con canal\u00e9 en el escote en los pu\u00f1os y en el bajo (39,99 \u20ac).\n<\/p>\n<div class=\"voc-detail-photo-zoom\"> <picture data-toggle=\"modal\" data-target=\"#photoZoomModal-201\" target=\"modal\">\n<div class=\"voc-img-icon-link\"> <img loading=\"lazy\" src=\"http:\/\/hoycordobaweb.com\/wp-content\/uploads\/2024\/10\/estos-jerseis-de-springfield-se-han-convertido-en-mi-mejor-compra-de-temporada-especiales-comodos-y-baratisimos-2.jpg\" width=\"650\" height=\"900\" alt=\"Jers\u00e9is de Springfield para oto\u00f1o\"> <noscript> <img src=\"http:\/\/hoycordobaweb.com\/wp-content\/uploads\/2024\/10\/estos-jerseis-de-springfield-se-han-convertido-en-mi-mejor-compra-de-temporada-especiales-comodos-y-baratisimos-2.jpg\" alt=\"Jers\u00e9is de Springfield para oto\u00f1o\"> <\/noscript> <i class=\"voc-icons zoom voc-multimedia-box voc-ico-l\"><\/i> <\/div><figcaption class=\"figure-caption\">Jers\u00e9is de Springfield para oto\u00f1o<\/figcaption><\/picture>\n<\/div>\n<div id=\"photoZoomModal-201\" class=\"voc-lightbox modal fade voc-lightbox--photo-zoom\" role=\"dialog\" data-voc-photozoom-lightbox>\n<div class=\"voc-lightbox__dialog\" role=\"document\">\n<div class=\"voc-lightbox__content\"> <!-- Modal header --> <!-- Modal content --> <\/p>\n<div class=\"voc-lightbox__photo-container\"> <picture class> <img loading=\"lazy\" src=\"http:\/\/hoycordobaweb.com\/wp-content\/uploads\/2024\/10\/estos-jerseis-de-springfield-se-han-convertido-en-mi-mejor-compra-de-temporada-especiales-comodos-y-baratisimos-2.jpg\" alt=\"Jers\u00e9is de Springfield para oto\u00f1o\"> <noscript> <img src=\"http:\/\/hoycordobaweb.com\/wp-content\/uploads\/2024\/10\/estos-jerseis-de-springfield-se-han-convertido-en-mi-mejor-compra-de-temporada-especiales-comodos-y-baratisimos-2.jpg\" alt=\"Jers\u00e9is de Springfield para oto\u00f1o\"> <\/noscript> <\/picture> <\/div><\/div><\/div>\n<\/div>\n<p class=\"voc-paragraph\" data-mrf-recirculation=\"Link art\u00edculo\">Uno de mis favoritos, este modelo de manga larga, con cuello redondo, <strong>con jacquard de cenefas en tonos violeta <\/strong>posicionadas en el delantero y en la espalda, con canal\u00e9 en el cuello en los pu\u00f1os y el bajo (39,99 \u20ac).\n<\/p>\n<div class=\"voc-detail-photo-zoom\"> <picture data-toggle=\"modal\" data-target=\"#photoZoomModal-196\" target=\"modal\">\n<div class=\"voc-img-icon-link\"> <img loading=\"lazy\" src=\"http:\/\/hoycordobaweb.com\/wp-content\/uploads\/2024\/10\/estos-jerseis-de-springfield-se-han-convertido-en-mi-mejor-compra-de-temporada-especiales-comodos-y-baratisimos-3.jpg\" width=\"650\" height=\"900\" alt=\"Jers\u00e9is de Springfield para oto\u00f1o\"> <noscript> <img src=\"http:\/\/hoycordobaweb.com\/wp-content\/uploads\/2024\/10\/estos-jerseis-de-springfield-se-han-convertido-en-mi-mejor-compra-de-temporada-especiales-comodos-y-baratisimos-3.jpg\" alt=\"Jers\u00e9is de Springfield para oto\u00f1o\"> <\/noscript> <i class=\"voc-icons zoom voc-multimedia-box voc-ico-l\"><\/i> <\/div><figcaption class=\"figure-caption\">Jers\u00e9is de Springfield para oto\u00f1o<\/figcaption><\/picture>\n<\/div>\n<div id=\"photoZoomModal-196\" class=\"voc-lightbox modal fade voc-lightbox--photo-zoom\" role=\"dialog\" data-voc-photozoom-lightbox>\n<div class=\"voc-lightbox__dialog\" role=\"document\">\n<div class=\"voc-lightbox__content\"> <!-- Modal header --> <!-- Modal content --> <\/p>\n<div class=\"voc-lightbox__photo-container\"> <picture class> <img loading=\"lazy\" src=\"http:\/\/hoycordobaweb.com\/wp-content\/uploads\/2024\/10\/estos-jerseis-de-springfield-se-han-convertido-en-mi-mejor-compra-de-temporada-especiales-comodos-y-baratisimos-3.jpg\" alt=\"Jers\u00e9is de Springfield para oto\u00f1o\"> <noscript> <img src=\"http:\/\/hoycordobaweb.com\/wp-content\/uploads\/2024\/10\/estos-jerseis-de-springfield-se-han-convertido-en-mi-mejor-compra-de-temporada-especiales-comodos-y-baratisimos-3.jpg\" alt=\"Jers\u00e9is de Springfield para oto\u00f1o\"> <\/noscript> <\/picture> <\/div><\/div><\/div>\n<\/div>\n<p class=\"voc-paragraph\" data-mrf-recirculation=\"Link art\u00edculo\">Perfecto para llevar con vaqueros, <strong>un jersey de rayas <\/strong>largo de manga larga, con cuello redondo, con detalle de contraste de color en los pu\u00f1os y en el bajo, con canal\u00e9 en el cuello en los pu\u00f1os y el bajo (35,99 \u20ac).\n<\/p>\n<div class=\"voc-detail-photo-zoom\"> <picture data-toggle=\"modal\" data-target=\"#photoZoomModal-147\" target=\"modal\">\n<div class=\"voc-img-icon-link\"> <img loading=\"lazy\" src=\"http:\/\/hoycordobaweb.com\/wp-content\/uploads\/2024\/10\/estos-jerseis-de-springfield-se-han-convertido-en-mi-mejor-compra-de-temporada-especiales-comodos-y-baratisimos-4.jpg\" width=\"650\" height=\"900\" alt=\"Jers\u00e9is de Springfield para oto\u00f1o\"> <noscript> <img src=\"http:\/\/hoycordobaweb.com\/wp-content\/uploads\/2024\/10\/estos-jerseis-de-springfield-se-han-convertido-en-mi-mejor-compra-de-temporada-especiales-comodos-y-baratisimos-4.jpg\" alt=\"Jers\u00e9is de Springfield para oto\u00f1o\"> <\/noscript> <i class=\"voc-icons zoom voc-multimedia-box voc-ico-l\"><\/i> <\/div><figcaption class=\"figure-caption\">Jers\u00e9is de Springfield para oto\u00f1o<\/figcaption><\/picture>\n<\/div>\n<div id=\"photoZoomModal-147\" class=\"voc-lightbox modal fade voc-lightbox--photo-zoom\" role=\"dialog\" data-voc-photozoom-lightbox>\n<div class=\"voc-lightbox__dialog\" role=\"document\">\n<div class=\"voc-lightbox__content\"> <!-- Modal header --> <!-- Modal content --> <\/p>\n<div class=\"voc-lightbox__photo-container\"> <picture class> <img loading=\"lazy\" src=\"http:\/\/hoycordobaweb.com\/wp-content\/uploads\/2024\/10\/estos-jerseis-de-springfield-se-han-convertido-en-mi-mejor-compra-de-temporada-especiales-comodos-y-baratisimos-4.jpg\" alt=\"Jers\u00e9is de Springfield para oto\u00f1o\"> <noscript> <img src=\"http:\/\/hoycordobaweb.com\/wp-content\/uploads\/2024\/10\/estos-jerseis-de-springfield-se-han-convertido-en-mi-mejor-compra-de-temporada-especiales-comodos-y-baratisimos-4.jpg\" alt=\"Jers\u00e9is de Springfield para oto\u00f1o\"> <\/noscript> <\/picture> <\/div><\/div><\/div>\n<\/div>\n<p class=\"voc-paragraph\" data-mrf-recirculation=\"Link art\u00edculo\">Este modelo me encanta combinarlo con faldas satinadas o prendas m\u00e1s formales, <strong>un modelo con detalles trenzados <\/strong>en el delantero y en las mangas, con canal\u00e9 en el cuello en los pu\u00f1os y el bajo (39,99 \u20ac).\n<\/p>\n<div class=\"voc-detail-photo-zoom\"> <picture data-toggle=\"modal\" data-target=\"#photoZoomModal-714\" target=\"modal\">\n<div class=\"voc-img-icon-link\"> <img loading=\"lazy\" src=\"http:\/\/hoycordobaweb.com\/wp-content\/uploads\/2024\/10\/estos-jerseis-de-springfield-se-han-convertido-en-mi-mejor-compra-de-temporada-especiales-comodos-y-baratisimos-5.jpg\" width=\"650\" height=\"900\" alt=\"Jers\u00e9is de Springfield para oto\u00f1o\"> <noscript> <img src=\"http:\/\/hoycordobaweb.com\/wp-content\/uploads\/2024\/10\/estos-jerseis-de-springfield-se-han-convertido-en-mi-mejor-compra-de-temporada-especiales-comodos-y-baratisimos-5.jpg\" alt=\"Jers\u00e9is de Springfield para oto\u00f1o\"> <\/noscript> <i class=\"voc-icons zoom voc-multimedia-box voc-ico-l\"><\/i> <\/div><figcaption class=\"figure-caption\">Jers\u00e9is de Springfield para oto\u00f1o<\/figcaption><\/picture>\n<\/div>\n<div id=\"photoZoomModal-714\" class=\"voc-lightbox modal fade voc-lightbox--photo-zoom\" role=\"dialog\" data-voc-photozoom-lightbox>\n<div class=\"voc-lightbox__dialog\" role=\"document\">\n<div class=\"voc-lightbox__content\"> <!-- Modal header --> <!-- Modal content --> <\/p>\n<div class=\"voc-lightbox__photo-container\"> <picture class> <img loading=\"lazy\" src=\"http:\/\/hoycordobaweb.com\/wp-content\/uploads\/2024\/10\/estos-jerseis-de-springfield-se-han-convertido-en-mi-mejor-compra-de-temporada-especiales-comodos-y-baratisimos-5.jpg\" alt=\"Jers\u00e9is de Springfield para oto\u00f1o\"> <noscript> <img src=\"http:\/\/hoycordobaweb.com\/wp-content\/uploads\/2024\/10\/estos-jerseis-de-springfield-se-han-convertido-en-mi-mejor-compra-de-temporada-especiales-comodos-y-baratisimos-5.jpg\" alt=\"Jers\u00e9is de Springfield para oto\u00f1o\"> <\/noscript> <\/picture> <\/div><\/div><\/div>\n<\/div>\n<p class=\"voc-paragraph\" data-mrf-recirculation=\"Link art\u00edculo\">Por \u00faltimo<br \/>\n<strong>, el m\u00e1s original,<\/strong> este jersey de manga larga ca\u00edda, con cuello redondo, con estructura, con cenefas y estrellas con lentejuleas y con canal\u00e9 en el cuello en los pu\u00f1os y el bajo (39,99 \u20ac).\n<\/p>\n<p> <!-- TOPICS --> <\/p>\n","protected":false},"excerpt":{"rendered":"<p>El oto\u00f1o y el entretiempo van de la mano. Todav\u00eda no hace fr\u00edo como para sacar nuestras prendas m\u00e1s abrigadas, como abrigos o jers\u00e9is gordos, pero si que empezamos a necesitar a\u00f1adir m\u00e1s capas a nuestros looks de diario. Chaquetas de ante , c\u00e1rdigans suaves o gabardinas son algunas de las piezas de entretiempo favoritas [&hellip;]<\/p>\n","protected":false},"author":1,"featured_media":85029,"comment_status":"closed","ping_status":"closed","sticky":false,"template":"","format":"standard","meta":[],"categories":[],"tags":[],"_links":{"self":[{"href":"http:\/\/hoycordobaweb.com\/index.php\/wp-json\/wp\/v2\/posts\/85028"}],"collection":[{"href":"http:\/\/hoycordobaweb.com\/index.php\/wp-json\/wp\/v2\/posts"}],"about":[{"href":"http:\/\/hoycordobaweb.com\/index.php\/wp-json\/wp\/v2\/types\/post"}],"author":[{"embeddable":true,"href":"http:\/\/hoycordobaweb.com\/index.php\/wp-json\/wp\/v2\/users\/1"}],"replies":[{"embeddable":true,"href":"http:\/\/hoycordobaweb.com\/index.php\/wp-json\/wp\/v2\/comments?post=85028"}],"version-history":[{"count":0,"href":"http:\/\/hoycordobaweb.com\/index.php\/wp-json\/wp\/v2\/posts\/85028\/revisions"}],"wp:featuredmedia":[{"embeddable":true,"href":"http:\/\/hoycordobaweb.com\/index.php\/wp-json\/wp\/v2\/media\/85029"}],"wp:attachment":[{"href":"http:\/\/hoycordobaweb.com\/index.php\/wp-json\/wp\/v2\/media?parent=85028"}],"wp:term":[{"taxonomy":"category","embeddable":true,"href":"http:\/\/hoycordobaweb.com\/index.php\/wp-json\/wp\/v2\/categories?post=85028"},{"taxonomy":"post_tag","embeddable":true,"href":"http:\/\/hoycordobaweb.com\/index.php\/wp-json\/wp\/v2\/tags?post=85028"}],"curies":[{"name":"wp","href":"https:\/\/api.w.org\/{rel}","templated":true}]}}