{"id":84820,"date":"2024-10-08T14:59:07","date_gmt":"2024-10-08T14:59:07","guid":{"rendered":"https:\/\/www.ole.com.ar\/futbol-internacional\/andres-iniesta-retirada-messi-barcelona-xavi-masia_0_NySZ8sAfqD.html"},"modified":"2024-10-08T14:59:07","modified_gmt":"2024-10-08T14:59:07","slug":"la-foto-con-messi-de-la-que-hablo-iniesta-en-su-despedida","status":"publish","type":"post","link":"http:\/\/hoycordobaweb.com\/index.php\/2024\/10\/08\/la-foto-con-messi-de-la-que-hablo-iniesta-en-su-despedida\/","title":{"rendered":"La foto con Messi de la que habl\u00f3 Iniesta en su despedida"},"content":{"rendered":"<p><img src=\"http:\/\/hoycordobaweb.com\/wp-content\/uploads\/2024\/10\/la-foto-con-messi-de-la-que-hablo-iniesta-en-su-despedida.jpg\"><\/p>\n<p><time class=\"createDate\" datetime=\"2024-10-08T11:59:07-03:00\">08\/10\/2024 11:59hs.<\/time><\/p>\n<div id=\"storyBody\">\n<div class=\"custom-text \" readability=\"31.427974947808\">\n<p><strong><a href=\"https:\/\/www.ole.com.ar\/tema\/andres-iniesta.html\" title=\"Andr\u00e9s Iniesta\" alt=\"Andr\u00e9s Iniesta\" class=\"slug\">Andres Iniesta<\/a><\/strong> <strong><a href=\"https:\/\/www.ole.com.ar\/usa\/futbol-internacional\/andres-iniesta-conferencia-prensa-espana-retiro-despidio-futbol-jugador-profesional-que-dijo-despedida-carrera-numero-estadistica-titulo-messi_0_e4ea0ibZU2.html\" target=\"_self\" title=\"cerr\u00f3 su etapa como futbolista profesional\" alt=\"cerr\u00f3 su etapa como futbolista profesional\" rel=\"noopener noreferrer\">cerr\u00f3 su etapa como futbolista profesional<\/a><\/strong> este martes en un acto multitudinario celebrado en <strong><a href=\"https:\/\/www.ole.com.ar\/tema\/barcelona.html\" title=\"Barcelona\" alt=\"Barcelona\" class=\"slug\">Barcelona<\/a><\/strong>, lo que fue su casa futbol\u00edstica en gran parte de su carrera. El evento estuvo repleto de compa\u00f1eros, familiares y periodistas. Y en plena conferencia, el ahora ex mediocampista espa\u00f1ol<strong> tuvo un momento para reconocer una famosa imagen<\/strong> en una ceremonia del <strong>Bal\u00f3n de Oro<\/strong>. En la foto en cuesti\u00f3n se los ve a <strong><a href=\"https:\/\/www.ole.com.ar\/tema\/lionel-messi.html\" title=\"Lionel Messi\" alt=\"Lionel Messi\" class=\"slug\">Lionel Messi<\/a><\/strong>, <strong><a href=\"https:\/\/www.ole.com.ar\/tema\/xavi-hernandez.html\" title=\"Xavi Hern\u00e1ndez\" alt=\"Xavi Hern\u00e1ndez\" class=\"slug\">Xavi Hern\u00e1ndez<\/a><\/strong> y al mismo <strong>Iniesta<\/strong>.<\/p>\n<\/div>\n<div class=\"custom-text \" readability=\"35\">\n<p>\u00ab<strong>La imagen m\u00eda con Messi y Xavi en el podio es mayor que la de haberlo ganado<\/strong>, porque la presencia de tres j\u00f3venes de La Masia fue el premio mayor\u00bb, fueron los dichos del Cerebro.<\/p>\n<\/div>\n<div class=\"sc-e7b891c4-0 ifHnQL\"><img alt=\"Iniesta, Messi y Xavi en la previa a la elecci\u00f3n al mejor jugador del 2010.\" loading=\"lazy\" width=\"720\" height=\"100\" decoding=\"async\" data-nimg=\"1\" src=\"http:\/\/hoycordobaweb.com\/wp-content\/uploads\/2024\/10\/la-foto-con-messi-de-la-que-hablo-iniesta-en-su-despedida-2.jpg\"><span class=\"epigraphe\">Iniesta, Messi y Xavi en la previa a la elecci\u00f3n al mejor jugador del 2010.<\/span><\/div>\n<p><h2><strong>El saludo de Messi para Iniesta<\/strong><\/h2>\n<\/p>\n<div class=\"custom-text \" readability=\"36.978886756238\">\n<p><strong>Messi<\/strong>, a las \u00f3rdenes de <strong><a href=\"https:\/\/www.ole.com.ar\/tema\/lionel-scaloni.html\" title=\"Lionel Scaloni\" alt=\"Lionel Scaloni\" class=\"slug\">Lionel Scaloni<\/a><\/strong> para disputar la doble fecha de las <strong><a href=\"https:\/\/www.ole.com.ar\/tema\/eliminatorias-sudamericanas.html\" title=\"Eliminatorias Sudamericanas\" alt=\"Eliminatorias Sudamericanas\" class=\"slug\">Eliminatorias<\/a><\/strong>, <strong>public\u00f3 un sentido mensaje<\/strong> tras conocerse el retiro de su ex compa\u00f1ero en el Barcelona: \u00ab<strong>Uno de los compa\u00f1eros con m\u00e1s magia y de los que m\u00e1s disfrut\u00e9 jugando juntos<\/strong>. Andr\u00e9s Iniesta, <strong>la pelota te va a extra\u00f1ar<\/strong> y todos nosotros tambi\u00e9n. Te deseo lo mejor siempre,<strong> sos un fen\u00f3meno<\/strong>\u00ab. Compartieron equipo desde la llegada del argentino a la Primera del Bar\u00e7a en 2004 hasta la partida del espa\u00f1ol del club catal\u00e1n en 2018.<\/p>\n<\/div>\n<div class=\"sc-e7b891c4-0 ifHnQL\"><img alt=\"Iniesta y Messi en el recuerdo.\" loading=\"lazy\" width=\"720\" height=\"100\" decoding=\"async\" data-nimg=\"1\" src=\"http:\/\/hoycordobaweb.com\/wp-content\/uploads\/2024\/10\/la-foto-con-messi-de-la-que-hablo-iniesta-en-su-despedida-3.jpg\"><span class=\"epigraphe\">Iniesta y Messi en el recuerdo.<\/span><\/div>\n<p><h2><strong>El recuerdo del Bal\u00f3n de Oro de 2010<\/strong><\/h2>\n<\/p>\n<div class=\"custom-text \" readability=\"37.664383561644\">\n<p>En aquella edici\u00f3n del trofeo entregado por la revista <strong><a href=\"https:\/\/www.ole.com.ar\/tema\/france-football.html\" title=\"France Football\" alt=\"France Football\" class=\"slug\">France Football<\/a><\/strong> ocurri\u00f3 un hecho sin precedentes: <strong>tres jugadores de un mismo club y mismas inferiores fueron los finalistas<\/strong>. En aquella \u00e9poca se gener\u00f3 una pol\u00e9mica por la decisi\u00f3n, ya que los periodistas ya no ser\u00edan los \u00fanicos en votar. <strong>Messi<\/strong>, el m\u00e1s seleccionado por entrenadores y jugadores, obtuvo el <strong>22.67% de los votos<\/strong>, por encima de <strong>Iniesta (17.36%)<\/strong> y <strong>Xavi (16.48%)<\/strong>.<\/p>\n<\/div>\n<div class=\"custom-text \" readability=\"37.029473684211\">\n<p>Con el anterior formato el ganador habr\u00eda sido <strong><a href=\"https:\/\/www.ole.com.ar\/tema\/wesley-sneijder.html\" title=\"Wesley Sneijder\" alt=\"Wesley Sneijder\" class=\"slug\">Sneijder <\/a>(293 puntos)<\/strong>, con <strong>Xavi segundo (229)<\/strong>, <strong>Iniesta tercero (226) <\/strong>y <strong>Messi cuarto (175)<\/strong>. Otra de las pol\u00e9micas fue la participaci\u00f3n de los galardonados en el Mundial de <strong>Sud\u00e1frica 2010<\/strong>. En aquella edici\u00f3n <strong><a href=\"https:\/\/www.ole.com.ar\/tema\/seleccion-argentina.html\" title=\"Selecci\u00f3n Argentina\" alt=\"Selecci\u00f3n Argentina\" class=\"slug\">Argentina <\/a><\/strong>s\u00f3lo lleg\u00f3 a cuartos de final, mientras que <strong><a href=\"https:\/\/www.ole.com.ar\/tema\/seleccion-de-espana.html\" title=\"selecci\u00f3n de espa\u00f1a\" alt=\"selecci\u00f3n de espa\u00f1a\" class=\"slug\">Espa\u00f1a <\/a><\/strong>levant\u00f3 la Copa. Todos esos matices hacen que el trofeo conseguido por Messi sea uno de los m\u00e1s pol\u00e9micos de la historia, seg\u00fan la opini\u00f3n en redes.<\/p>\n<\/div>\n<div class=\"sc-e7b891c4-0 ifHnQL\"><img alt=\"Una imagen para el recuerdo en Barcelona. (REUTERS)\" loading=\"lazy\" width=\"720\" height=\"100\" decoding=\"async\" data-nimg=\"1\" src=\"http:\/\/hoycordobaweb.com\/wp-content\/uploads\/2024\/10\/la-foto-con-messi-de-la-que-hablo-iniesta-en-su-despedida-4.jpg\"><span class=\"epigraphe\">Una imagen para el recuerdo en Barcelona. (REUTERS)<\/span><\/div>\n<p><h2><strong>Los n\u00fameros de Messi e Iniesta juntos<\/strong><\/h2>\n<\/p>\n<div class=\"custom-text \" readability=\"35\">\n<p>El argentino y el espa\u00f1ol disputaron <strong>489 partidos juntos en el Barcelona,<\/strong> con unos impresionantes n\u00fameros: <strong>337 victorias, 96 empates y s\u00f3lo 56 derrotas<\/strong>. La efectividad es de casi el 69%.<\/p>\n<\/div>\n<div class=\"custom-text \" readability=\"28.060240963855\">\n<p>Entre los t\u00edtulos m\u00e1s destacados que consiguieron juntos, figuran las cuatro <strong><a href=\"https:\/\/www.ole.com.ar\/tema\/champions-league.html\" title=\"Champions League\" alt=\"Champions League\" class=\"slug\">Champions League<\/a><\/strong> y la famosa temporada del <strong>Sextete <\/strong>bajo la direcci\u00f3n de <strong><a href=\"https:\/\/www.ole.com.ar\/tema\/pep-guardiola.html\" title=\"Pep Guardiola\" alt=\"Pep Guardiola\" class=\"slug\">Pep Guardiola<\/a><\/strong>.<\/p>\n<\/div>\n<div class=\"sc-e7b891c4-0 ifHnQL\"><img alt=\"Messi e Iniesta en uno de sus \u00faltimos partidos juntos. (AFP)\" loading=\"lazy\" width=\"720\" height=\"100\" decoding=\"async\" data-nimg=\"1\" src=\"http:\/\/hoycordobaweb.com\/wp-content\/uploads\/2024\/10\/la-foto-con-messi-de-la-que-hablo-iniesta-en-su-despedida-5.jpg\"><span class=\"epigraphe\">Messi e Iniesta en uno de sus \u00faltimos partidos juntos. (AFP)<\/span><\/div>\n<p><h2><strong>Las palabras de Iniesta sobre La Masia y el Barcelona<\/strong><\/h2>\n<\/p>\n<div class=\"custom-text \" readability=\"40\">\n<p>\u00ab<strong>La Mas\u00eda me cambi\u00f3 para siempre<\/strong>, es el lugar donde mejor pod\u00eda estar para potenciar todos los valores que hay que tener en la vida. No tengo palabras para agradecer. <strong>Para m\u00ed, venir al Bar\u00e7a era un sue\u00f1o y me focalic\u00e9 para cumplirlo<\/strong>. No pod\u00eda desviar mi foco de lo que quer\u00eda y llegar al mejor lugar posible para lograr todos los sue\u00f1os que ten\u00eda por delante\u00bb, coment\u00f3 Iniesta en su anuncio de retiro. <strong>En el club Blaugrana disput\u00f3 647 partidos, convirti\u00f3 57 goles, hizo 135 asistencias y gan\u00f3 nada menos que 32 t\u00edtulos<\/strong>.<\/p>\n<\/div>\n<div class=\"sc-a7166897-0 eoLsBE\" readability=\"6.5\">\n<section readability=\"3\"><picture><img alt=\"Andr\u00e9s Iniesta se despidi\u00f3 del f\u00fatbol entre l\u00e1grimas: &quot;Hubiera jugado hasta los 90 a\u00f1os&quot;\" loading=\"lazy\" width=\"290\" height=\"290\" decoding=\"async\" data-nimg=\"1\" src=\"http:\/\/hoycordobaweb.com\/wp-content\/uploads\/2024\/10\/la-foto-con-messi-de-la-que-hablo-iniesta-en-su-despedida-6.jpg\"><\/picture>\n<p><span>Mir\u00e1 tambi\u00e9n<\/span><\/p>\n<hr>\n<h3>Andr\u00e9s Iniesta se despidi\u00f3 del f\u00fatbol entre l\u00e1grimas: \u00abHubiera jugado hasta los 90 a\u00f1os\u00bb<\/h3>\n<\/p>\n<\/section>\n<\/div>\n<div class=\"sc-a7166897-0 eoLsBE\" readability=\"6\">\n<section readability=\"2\"><picture><img alt=\"El emotivo video con el que Iniesta anunci\u00f3 su retiro\" loading=\"lazy\" width=\"290\" height=\"290\" decoding=\"async\" data-nimg=\"1\" src=\"http:\/\/hoycordobaweb.com\/wp-content\/uploads\/2024\/10\/la-foto-con-messi-de-la-que-hablo-iniesta-en-su-despedida-7.jpg\"><\/picture>\n<p><span>Mir\u00e1 tambi\u00e9n<\/span><\/p>\n<hr>\n<h3>El emotivo video con el que Iniesta anunci\u00f3 su retiro<\/h3>\n<\/p>\n<\/section>\n<\/div>\n<div class=\"sc-a7166897-0 eoLsBE\" readability=\"6\">\n<section readability=\"2\"><picture><img alt=\"Magia: el saludo de Messi a Iniesta ante su inminente retiro\" loading=\"lazy\" width=\"290\" height=\"290\" decoding=\"async\" data-nimg=\"1\" src=\"http:\/\/hoycordobaweb.com\/wp-content\/uploads\/2024\/10\/la-foto-con-messi-de-la-que-hablo-iniesta-en-su-despedida-8.jpg\"><\/picture>\n<p><span>Mir\u00e1 tambi\u00e9n<\/span><\/p>\n<hr>\n<h3>Magia: el saludo de Messi a Iniesta ante su inminente retiro<\/h3>\n<\/p>\n<\/section>\n<\/div>\n<\/div>\n","protected":false},"excerpt":{"rendered":"<p>08\/10\/2024 11:59hs. Andres Iniesta cerr\u00f3 su etapa como futbolista profesional este martes en un acto multitudinario celebrado en Barcelona, lo que fue su casa futbol\u00edstica en gran parte de su carrera. El evento estuvo repleto de compa\u00f1eros, familiares y periodistas. Y en plena conferencia, el ahora ex mediocampista espa\u00f1ol tuvo un momento para reconocer una [&hellip;]<\/p>\n","protected":false},"author":1,"featured_media":84821,"comment_status":"open","ping_status":"closed","sticky":false,"template":"","format":"standard","meta":[],"categories":[16],"tags":[],"_links":{"self":[{"href":"http:\/\/hoycordobaweb.com\/index.php\/wp-json\/wp\/v2\/posts\/84820"}],"collection":[{"href":"http:\/\/hoycordobaweb.com\/index.php\/wp-json\/wp\/v2\/posts"}],"about":[{"href":"http:\/\/hoycordobaweb.com\/index.php\/wp-json\/wp\/v2\/types\/post"}],"author":[{"embeddable":true,"href":"http:\/\/hoycordobaweb.com\/index.php\/wp-json\/wp\/v2\/users\/1"}],"replies":[{"embeddable":true,"href":"http:\/\/hoycordobaweb.com\/index.php\/wp-json\/wp\/v2\/comments?post=84820"}],"version-history":[{"count":0,"href":"http:\/\/hoycordobaweb.com\/index.php\/wp-json\/wp\/v2\/posts\/84820\/revisions"}],"wp:featuredmedia":[{"embeddable":true,"href":"http:\/\/hoycordobaweb.com\/index.php\/wp-json\/wp\/v2\/media\/84821"}],"wp:attachment":[{"href":"http:\/\/hoycordobaweb.com\/index.php\/wp-json\/wp\/v2\/media?parent=84820"}],"wp:term":[{"taxonomy":"category","embeddable":true,"href":"http:\/\/hoycordobaweb.com\/index.php\/wp-json\/wp\/v2\/categories?post=84820"},{"taxonomy":"post_tag","embeddable":true,"href":"http:\/\/hoycordobaweb.com\/index.php\/wp-json\/wp\/v2\/tags?post=84820"}],"curies":[{"name":"wp","href":"https:\/\/api.w.org\/{rel}","templated":true}]}}