{"id":84818,"date":"2024-10-08T15:03:54","date_gmt":"2024-10-08T15:03:54","guid":{"rendered":"https:\/\/www.ole.com.ar\/futbol-primera\/racing-dicesare-lesion_0_holD3xpANc.html"},"modified":"2024-10-08T15:03:54","modified_gmt":"2024-10-08T15:03:54","slug":"golpe-en-racing-se-conocio-la-lesion-de-di-cesare-se-pierde-la-ida-de-semi-por-copa","status":"publish","type":"post","link":"http:\/\/hoycordobaweb.com\/index.php\/2024\/10\/08\/golpe-en-racing-se-conocio-la-lesion-de-di-cesare-se-pierde-la-ida-de-semi-por-copa\/","title":{"rendered":"Golpe en Racing: se conoci\u00f3 la lesi\u00f3n de Di Cesare, \u00bfse pierde la ida de semi por Copa?"},"content":{"rendered":"<p><img src=\"http:\/\/hoycordobaweb.com\/wp-content\/uploads\/2024\/10\/golpe-en-racing-se-conocio-la-lesion-de-di-cesare-se-pierde-la-ida-de-semi-por-copa.jpg\"><\/p>\n<p><time class=\"createDate\" datetime=\"2024-10-08T12:03:54-03:00\">08\/10\/2024 12:03hs.<\/time><\/p>\n<div id=\"storyBody\">\n<div class=\"custom-text \" readability=\"35.737739872068\">\n<p>Racing arranc\u00f3 la semana a puro parte m\u00e9dico. El lunes se conoci\u00f3 la lesi\u00f3n de <a href=\"https:\/\/www.ole.com.ar\/futbol-primera\/racing-velez-quiros-lesion_0_QLzpjP6z1J.html\" target=\"_self\" title=\"Santiago Quir\u00f3s\" alt=\"Santiago Quir\u00f3s\" rel=\"noopener noreferrer\">Santiago Quir\u00f3s<\/a>, con cierto alivio porque se despej\u00f3 el temor de que se tratara de un problema ligamentario. Y este martes sali\u00f3 a la luz otro percance f\u00edsico, en este caso el de uno de los mejores defensores del equipo: <strong>Marco Di Cesare. El central sufri\u00f3 un desgarro grado dos en el b\u00edceps femoral de la pierna izquierda y lo esperar\u00e1 una recuperaci\u00f3n de cerca de tres semanas.<\/strong><\/p>\n<\/div>\n<div class=\"custom-text \" readability=\"38\">\n<p>Esta lesi\u00f3n provoca un fuerte dolor de cabeza en la Academia de cara a un cruce trascendental. Sucede que, aunque en el club no lo descarten, <strong>resulta muy dif\u00edcil que el futbolista pueda estar a disposici\u00f3n para el partido del jueves 24 ante Corinthians, en la ida por la semifinal de la Copa Sudamericana.<\/strong> Esta lesi\u00f3n represent\u00f3 un imponderable muy importante para Racing porque Di Cesare fue uno de los jugadores de equipo con mejor y m\u00e1s nivel regular de a\u00f1o.<\/p>\n<\/div>\n<div class=\"custom-text \" readability=\"40\">\n<p><strong>Di Cesare se lesion\u00f3 el s\u00e1bado, sobre el final del primer tiempo frente a V\u00e9lez, y en la jornada del encuentro en San Pablo reci\u00e9n se cumplir\u00e1n 19 d\u00edas de su rehabilitaci\u00f3n<\/strong>. En el mejor de los casos, con viento a favor, llegar\u00eda muy con lo justo y eso implicar\u00eda un riesgo alto de que se resienta y se pierda la revancha, que se disputar\u00e1 una semana despu\u00e9s en el Cilindro.<\/p>\n<\/div>\n<div class=\"custom-text \" readability=\"37\">\n<p><strong>De cualquier modo, el ex Argentinos Juniors no estar\u00e1 el s\u00e1bado 19 frente a Defensa y Justicia, <\/strong>en Avellaneda, cuando se reanude la Liga Profesional tras el parate en el torneo por la doble fecha de Eliminatorias sudamericanas para el Mundial de 2026.<\/p>\n<\/div>\n<div class=\"sc-e7b891c4-0 ifHnQL\"><img alt=\"Santiago Quir\u00f3s tambi\u00e9n se lesion\u00f3 ante el Fort\u00edn, pero no fue algo grave.\" loading=\"lazy\" width=\"720\" height=\"100\" decoding=\"async\" data-nimg=\"1\" src=\"http:\/\/hoycordobaweb.com\/wp-content\/uploads\/2024\/10\/golpe-en-racing-se-conocio-la-lesion-de-di-cesare-se-pierde-la-ida-de-semi-por-copa-2.jpg\"><span class=\"epigraphe\">Santiago Quir\u00f3s tambi\u00e9n se lesion\u00f3 ante el Fort\u00edn, pero no fue algo grave.<\/span><\/div>\n<div class=\"custom-text \" readability=\"38\">\n<p>Ausente el zaguero diestro, de mucha proyecci\u00f3n y presencia en la Sub 23 que particip\u00f3 del los recientes Juegos Ol\u00edmpicos en Francia, Gustavo Costas tendr\u00e1 que resolver c\u00f3mo lo reemplazar\u00e1 ante el Halc\u00f3n y muy posiblemente en Brasil. <strong>Los que aparecen como principales candidatos son Leonardo Sigali y Nazareno Colombo<\/strong>, ya sea en una l\u00ednea de cinco o una de cuatro. en el fondo.<\/p>\n<\/div>\n<p><h2>C\u00f3mo se lo reemplaz\u00f3 en Racing contra V\u00e9lez <\/h2>\n<\/p>\n<div class=\"custom-text \" readability=\"38\">\n<p>\u00bfQu\u00e9 pas\u00f3 en el Amalfitani? <strong>Tras la salida de Marco, el entrenador en la segunda parte coloc\u00f3 a Bruno Zuculini y Santiago Sosa baj\u00f3 del medio hacia la zaga.<\/strong> Colombo ya hab\u00eda ingresado antes por la baja de Quir\u00f3s a los seis minutos del PT, a ra\u00edz de una entorsis en la rodilla izquierda con un edema \u00f3seo sin lesi\u00f3n ligamentaria ni meniscal. El mencionado Colombo hab\u00eda tenido un partido aceptable, hasta que fall\u00f3 en el gol de Braian Romero: lo perdi\u00f3 a su espalda en un centro desde la izquierda.<\/p>\n<\/div>\n<div class=\"sc-e7b891c4-0 ifHnQL\"><img alt=\"Di Cesare es uno de los jugadores con mejor nivel y m\u00e1s regular en Racing en el a\u00f1o. Foto: Fernando de la Orden \/ Deportes - Racing Club golea en Avellaneda a Huachipato Chile por Copa Conmebol Sudamericana 20-08-2024\" loading=\"lazy\" width=\"720\" height=\"100\" decoding=\"async\" data-nimg=\"1\" src=\"http:\/\/hoycordobaweb.com\/wp-content\/uploads\/2024\/10\/golpe-en-racing-se-conocio-la-lesion-de-di-cesare-se-pierde-la-ida-de-semi-por-copa-3.jpg\"><span class=\"epigraphe\">Di Cesare es uno de los jugadores con mejor nivel y m\u00e1s regular en Racing en el a\u00f1o. Foto: Fernando de la Orden \/ Deportes &#8211; Racing Club golea en Avellaneda a Huachipato Chile por Copa Conmebol Sudamericana<br \/>\n20-08-2024<\/span><\/div>\n<div class=\"custom-text \" readability=\"36\">\n<p>Por el lado de Quir\u00f3s hab\u00eda mucha preocupaci\u00f3n debido a que se tem\u00eda por una rotura de ligamento cruzado, pero zaf\u00f3. Mas al\u00e1 de eso, es duda para recibir a Defensa y Justicia porque no hay plazos para su recuperaci\u00f3n.<\/p>\n<\/div>\n<p><h2>M\u00e1s all\u00e1 de Di Cesare, se viene la vuelta de Garc\u00eda Basso<\/h2>\n<\/p>\n<div class=\"custom-text \" readability=\"40\">\n<p><strong>No obstante, aun si no se hubiera averiado, igualmente habr\u00eda perdido la titularidad producto de que reaparecer\u00e1 Agust\u00edn Garc\u00eda Basso<\/strong>. Este central super\u00f3 una luxaci\u00f3n en el hombro derecho que tuvo el 1\u00b0 de septiembre en la derrota ante Atl\u00e9tico, en Tucum\u00e1n. Costas lo concentr\u00f3 para el cruce con el Fort\u00edn, no obstante lo dej\u00f3 afuera del banco. Y as\u00ed, se perdi\u00f3 su sexto partido desde que se lastim\u00f3.<strong> A Garc\u00eda Basso le vino b\u00e1rbaro el parate para ponerse a punto en lo f\u00edsico. <\/strong><\/p>\n<\/div>\n<div class=\"sc-a7166897-0 eoLsBE\" readability=\"6.5\">\n<section readability=\"3\"><picture><img alt=\"Los 24 futbolistas de la Liga Profesional que fueron citados para las Eliminatorias Sudamericanas\" loading=\"lazy\" width=\"290\" height=\"290\" decoding=\"async\" data-nimg=\"1\" src=\"http:\/\/hoycordobaweb.com\/wp-content\/uploads\/2024\/10\/golpe-en-racing-se-conocio-la-lesion-de-di-cesare-se-pierde-la-ida-de-semi-por-copa-4.jpg\"><\/picture>\n<p><span>Mir\u00e1 tambi\u00e9n<\/span><\/p>\n<hr>\n<h3>Los 24 futbolistas de la Liga Profesional que fueron citados para las Eliminatorias Sudamericanas<\/h3>\n<\/p>\n<\/section>\n<\/div>\n<div class=\"sc-a7166897-0 eoLsBE\" readability=\"6.5\">\n<section readability=\"3\"><picture><img alt=\"El refuerzo estrella de Corinthians que podr\u00eda perderse el duelo de Sudamericana contra Racing\" loading=\"lazy\" width=\"290\" height=\"290\" decoding=\"async\" data-nimg=\"1\" src=\"http:\/\/hoycordobaweb.com\/wp-content\/uploads\/2024\/10\/golpe-en-racing-se-conocio-la-lesion-de-di-cesare-se-pierde-la-ida-de-semi-por-copa-5.jpg\"><\/picture>\n<p><span>Mir\u00e1 tambi\u00e9n<\/span><\/p>\n<hr>\n<h3>El refuerzo estrella de Corinthians que podr\u00eda perderse el duelo de Sudamericana contra Racing<\/h3>\n<\/p>\n<\/section>\n<\/div>\n<div class=\"sc-a7166897-0 eoLsBE\" readability=\"6\">\n<section readability=\"2\"><picture><img alt=\"Posiciones de la Liga Profesional: V\u00e9lez puntero y c\u00f3mo se juega la fecha 18\" loading=\"lazy\" width=\"290\" height=\"290\" decoding=\"async\" data-nimg=\"1\" src=\"http:\/\/hoycordobaweb.com\/wp-content\/uploads\/2024\/10\/golpe-en-racing-se-conocio-la-lesion-de-di-cesare-se-pierde-la-ida-de-semi-por-copa-6.jpg\"><\/picture>\n<p><span>Mir\u00e1 tambi\u00e9n<\/span><\/p>\n<hr>\n<h3>Posiciones de la Liga Profesional: V\u00e9lez puntero y c\u00f3mo se juega la fecha 18<\/h3>\n<\/p>\n<\/section>\n<\/div>\n<div class=\"sc-a7166897-0 eoLsBE\" readability=\"6\">\n<section readability=\"2\"><picture><img alt=\"Liga Profesional: qu\u00e9 les queda a V\u00e9lez y a sus principales perseguidores\" loading=\"lazy\" width=\"290\" height=\"290\" decoding=\"async\" data-nimg=\"1\" src=\"http:\/\/hoycordobaweb.com\/wp-content\/uploads\/2024\/10\/golpe-en-racing-se-conocio-la-lesion-de-di-cesare-se-pierde-la-ida-de-semi-por-copa-7.jpg\"><\/picture>\n<p><span>Mir\u00e1 tambi\u00e9n<\/span><\/p>\n<hr>\n<h3>Liga Profesional: qu\u00e9 les queda a V\u00e9lez y a sus principales perseguidores<\/h3>\n<\/p>\n<\/section>\n<\/div>\n<div class=\"sc-a7166897-0 eoLsBE\" readability=\"6\">\n<section readability=\"2\"><picture><img alt=\"Los tres jugadores de Racing que se fueron con su selecci\u00f3n\" loading=\"lazy\" width=\"290\" height=\"290\" decoding=\"async\" data-nimg=\"1\" src=\"http:\/\/hoycordobaweb.com\/wp-content\/uploads\/2024\/10\/golpe-en-racing-se-conocio-la-lesion-de-di-cesare-se-pierde-la-ida-de-semi-por-copa-8.jpg\"><\/picture>\n<p><span>Mir\u00e1 tambi\u00e9n<\/span><\/p>\n<hr>\n<h3>Los tres jugadores de Racing que se fueron con su selecci\u00f3n<\/h3>\n<\/p>\n<\/section>\n<\/div>\n<\/div>\n","protected":false},"excerpt":{"rendered":"<p>08\/10\/2024 12:03hs. Racing arranc\u00f3 la semana a puro parte m\u00e9dico. El lunes se conoci\u00f3 la lesi\u00f3n de Santiago Quir\u00f3s, con cierto alivio porque se despej\u00f3 el temor de que se tratara de un problema ligamentario. Y este martes sali\u00f3 a la luz otro percance f\u00edsico, en este caso el de uno de los mejores defensores [&hellip;]<\/p>\n","protected":false},"author":1,"featured_media":84819,"comment_status":"open","ping_status":"closed","sticky":false,"template":"","format":"standard","meta":[],"categories":[16],"tags":[],"_links":{"self":[{"href":"http:\/\/hoycordobaweb.com\/index.php\/wp-json\/wp\/v2\/posts\/84818"}],"collection":[{"href":"http:\/\/hoycordobaweb.com\/index.php\/wp-json\/wp\/v2\/posts"}],"about":[{"href":"http:\/\/hoycordobaweb.com\/index.php\/wp-json\/wp\/v2\/types\/post"}],"author":[{"embeddable":true,"href":"http:\/\/hoycordobaweb.com\/index.php\/wp-json\/wp\/v2\/users\/1"}],"replies":[{"embeddable":true,"href":"http:\/\/hoycordobaweb.com\/index.php\/wp-json\/wp\/v2\/comments?post=84818"}],"version-history":[{"count":0,"href":"http:\/\/hoycordobaweb.com\/index.php\/wp-json\/wp\/v2\/posts\/84818\/revisions"}],"wp:featuredmedia":[{"embeddable":true,"href":"http:\/\/hoycordobaweb.com\/index.php\/wp-json\/wp\/v2\/media\/84819"}],"wp:attachment":[{"href":"http:\/\/hoycordobaweb.com\/index.php\/wp-json\/wp\/v2\/media?parent=84818"}],"wp:term":[{"taxonomy":"category","embeddable":true,"href":"http:\/\/hoycordobaweb.com\/index.php\/wp-json\/wp\/v2\/categories?post=84818"},{"taxonomy":"post_tag","embeddable":true,"href":"http:\/\/hoycordobaweb.com\/index.php\/wp-json\/wp\/v2\/tags?post=84818"}],"curies":[{"name":"wp","href":"https:\/\/api.w.org\/{rel}","templated":true}]}}