{"id":84816,"date":"2024-10-08T15:05:04","date_gmt":"2024-10-08T15:05:04","guid":{"rendered":"https:\/\/www.ole.com.ar\/seleccion\/pezzella-seleccion-argentina-plantel-completo-miami-eliminatorias_0_bUXVtK3Hhz.html"},"modified":"2024-10-08T15:05:04","modified_gmt":"2024-10-08T15:05:04","slug":"con-pezzella-la-seleccion-tiene-plantel-completo-en-miami","status":"publish","type":"post","link":"http:\/\/hoycordobaweb.com\/index.php\/2024\/10\/08\/con-pezzella-la-seleccion-tiene-plantel-completo-en-miami\/","title":{"rendered":"Con Pezzella, la Selecci\u00f3n tiene plantel completo en Miami"},"content":{"rendered":"<p><img src=\"http:\/\/hoycordobaweb.com\/wp-content\/uploads\/2024\/10\/con-pezzella-la-seleccion-tiene-plantel-completo-en-miami.jpg\"><\/p>\n<p><span class=\"createDate\">08\/10\/2024 12:05hs.<\/span><time class=\"modificatedDate\" datetime=\"2024-10-08T12:19:54-03:00\"> Actualizado al 08\/10\/2024 12:19hs.<\/time><\/p>\n<div id=\"storyBody\">\n<div class=\"custom-text \" readability=\"30.436363636364\">\n<p><a href=\"https:\/\/www.ole.com.ar\/tema\/german-pezzella.html\" title=\"Germ\u00e1n Pezzella\" alt=\"Germ\u00e1n Pezzella\" class=\"slug\">Germ\u00e1n Pezzella<\/a> y <a href=\"https:\/\/www.ole.com.ar\/tema\/gonzalo-montiel.html\" title=\"Gonzalo Montiel\" alt=\"Gonzalo Montiel\" class=\"slug\">Gonzalo Montiel<\/a> fueron los \u00faltimos jugadores en sumarse a la concentraci\u00f3n de la <a href=\"https:\/\/www.ole.com.ar\/tema\/seleccion-argentina.html\" title=\"Selecci\u00f3n Argentina\" alt=\"Selecci\u00f3n Argentina\" class=\"slug\">Selecci\u00f3n Argentina<\/a> en Miami. El equipo de Lionel Scaloni se prepara para una nueva doble fecha de Eliminatorias, en la que se medir\u00e1 <strong>con Venezuela (este jueves) de visitante<\/strong> y recibir\u00e1 a Bolivia (martes 15) en el Monumental. <\/p>\n<\/div>\n<div class=\"custom-text \" readability=\"37.475138121547\">\n<p>A pesar de que el zaguero de <a href=\"https:\/\/www.ole.com.ar\/tema\/river-plate.html\" title=\"River Plate\" alt=\"River Plate\" class=\"slug\">River <\/a>termin\u00f3 el \u00faltimo partido ante Platense con una micro-fractura en su mastoides izquierdo, una zona cercana al o\u00eddo, <strong>la lesi\u00f3n no es de gravedad.<\/strong> De hecho, no requerir\u00e1 de ning\u00fan tratamiento especial (se entrenar\u00e1 sin problemas) y podr\u00e1 estar a disposici\u00f3n de Scaloni para los partidos que se le vienen a la Selecci\u00f3n.<\/p>\n<\/div>\n<div class=\"custom-text \" readability=\"37.28813559322\">\n<p><strong>Distinto es el caso de <a href=\"https:\/\/www.ole.com.ar\/tema\/marcos-acuna.html\" title=\"Marcos Acu\u00f1a\" alt=\"Marcos Acu\u00f1a\" class=\"slug\">Marcos Acu\u00f1a<\/a>, <\/strong>quien debi\u00f3 quedarse en Buenos Aires por un problema en su isquiotibial izquierdo y fue desafectado. En lugar del Huevo, <strong>Scaloni convoc\u00f3 a <a href=\"https:\/\/www.ole.com.ar\/tema\/julio-soler.html\" title=\"Julio Soler\" alt=\"Julio Soler\" class=\"slug\">Julio Soler<\/a>, joven lateral izquierdo de Lan\u00fas, quien viajar\u00e1 directamente a Matur\u00edn, <\/strong>para sumarse al grupo en las horas previas al duelo vs. la Vinotinto del Bocha Batista. <\/p>\n<\/div>\n<div class=\"custom-text \" readability=\"35\">\n<p>El plantel tendr\u00e1 el resto del d\u00eda libre, a la espera de que no haya complicaciones relacionadas al tema clim\u00e1tico y la presencia del hurac\u00e1n Milton en el Golfo de M\u00e9xico, muy cerca de Miami.<\/p>\n<\/div>\n<p><h2>\u00bfPor qu\u00e9 se entrenan en Miami?<\/h2>\n<\/p>\n<div class=\"custom-text \" readability=\"38\">\n<p>Alrededor de 2.528,11 kil\u00f3metros separan a Florida de la ciudad de Matur\u00edn. En vez de desembarcar directamente en territorio vinotinto o viajar al predio de la Asociaci\u00f3n del F\u00fatbol Argentino ubicado en Ezeiza, los altos mandos de la Albiceleste tomaron la decisi\u00f3n de comenzar su preparaci\u00f3n dentro de Estados Unidos. Muchos no entienden esta medida, pero hay una justificaci\u00f3n con cierta l\u00f3gica detr\u00e1s de ella&#8230;<\/p>\n<\/div>\n<div class=\"sc-e7b891c4-0 ifHnQL\"><img alt=\"Messi en la pr\u00e1ctica de la Selecci\u00f3n Argentina en Miami. Foto: AFA\" loading=\"lazy\" width=\"720\" height=\"100\" decoding=\"async\" data-nimg=\"1\" src=\"http:\/\/hoycordobaweb.com\/wp-content\/uploads\/2024\/10\/con-pezzella-la-seleccion-tiene-plantel-completo-en-miami-2.jpg\"><span class=\"epigraphe\">Messi en la pr\u00e1ctica de la Selecci\u00f3n Argentina en Miami. Foto: AFA<\/span><\/div>\n<div class=\"custom-text \" readability=\"38\">\n<p>La delegaci\u00f3n se instal\u00f3 all\u00ed por un tema de log\u00edstica. Como la mayor\u00eda de sus futbolistas convocados provienen del f\u00fatbol del Viejo Continente, los directivos concluyeron que la mejor opci\u00f3n para evitar viajes de larga distancia era colocar un punto medio. Asimismo, Venezuela cerr\u00f3 su espacio a\u00e9reo para vuelos argentinos, por lo que no se trata solamente del tema distancias.<\/p>\n<\/div>\n<div class=\"sc-a7166897-0 eoLsBE\" readability=\"6\">\n<section readability=\"2\"><picture><img alt=\"Cu\u00e1ndo juega la Selecci\u00f3n Argentina vs. Venezuela y por d\u00f3nde ver\" loading=\"lazy\" width=\"290\" height=\"290\" decoding=\"async\" data-nimg=\"1\" src=\"http:\/\/hoycordobaweb.com\/wp-content\/uploads\/2024\/10\/con-pezzella-la-seleccion-tiene-plantel-completo-en-miami-3.jpg\"><\/picture>\n<p><span>Mir\u00e1 tambi\u00e9n<\/span><\/p>\n<hr>\n<h3>Cu\u00e1ndo juega la Selecci\u00f3n Argentina vs. Venezuela y por d\u00f3nde ver<\/h3>\n<\/p>\n<\/section>\n<\/div>\n<div class=\"sc-a7166897-0 eoLsBE\" readability=\"6.5\">\n<section readability=\"3\"><picture><img alt=\"Los 24 futbolistas de la Liga Profesional que fueron citados para las Eliminatorias Sudamericanas\" loading=\"lazy\" width=\"290\" height=\"290\" decoding=\"async\" data-nimg=\"1\" src=\"http:\/\/hoycordobaweb.com\/wp-content\/uploads\/2024\/10\/con-pezzella-la-seleccion-tiene-plantel-completo-en-miami-4.jpg\"><\/picture>\n<p><span>Mir\u00e1 tambi\u00e9n<\/span><\/p>\n<hr>\n<h3>Los 24 futbolistas de la Liga Profesional que fueron citados para las Eliminatorias Sudamericanas<\/h3>\n<\/p>\n<\/section>\n<\/div>\n<div class=\"sc-a7166897-0 eoLsBE\" readability=\"6\">\n<section readability=\"2\"><picture><img alt=\"Por qu\u00e9 la lesi\u00f3n de Garnacho expuso m\u00e1s a Ten Hag en el Manchester United\" loading=\"lazy\" width=\"290\" height=\"290\" decoding=\"async\" data-nimg=\"1\" src=\"http:\/\/hoycordobaweb.com\/wp-content\/uploads\/2024\/10\/con-pezzella-la-seleccion-tiene-plantel-completo-en-miami-5.jpg\"><\/picture>\n<p><span>Mir\u00e1 tambi\u00e9n<\/span><\/p>\n<hr>\n<h3>Por qu\u00e9 la lesi\u00f3n de Garnacho expuso m\u00e1s a Ten Hag en el Manchester United<\/h3>\n<\/p>\n<\/section>\n<\/div>\n<\/div>\n","protected":false},"excerpt":{"rendered":"<p>08\/10\/2024 12:05hs. Actualizado al 08\/10\/2024 12:19hs. Germ\u00e1n Pezzella y Gonzalo Montiel fueron los \u00faltimos jugadores en sumarse a la concentraci\u00f3n de la Selecci\u00f3n Argentina en Miami. El equipo de Lionel Scaloni se prepara para una nueva doble fecha de Eliminatorias, en la que se medir\u00e1 con Venezuela (este jueves) de visitante y recibir\u00e1 a Bolivia [&hellip;]<\/p>\n","protected":false},"author":1,"featured_media":84817,"comment_status":"open","ping_status":"closed","sticky":false,"template":"","format":"standard","meta":[],"categories":[16],"tags":[],"_links":{"self":[{"href":"http:\/\/hoycordobaweb.com\/index.php\/wp-json\/wp\/v2\/posts\/84816"}],"collection":[{"href":"http:\/\/hoycordobaweb.com\/index.php\/wp-json\/wp\/v2\/posts"}],"about":[{"href":"http:\/\/hoycordobaweb.com\/index.php\/wp-json\/wp\/v2\/types\/post"}],"author":[{"embeddable":true,"href":"http:\/\/hoycordobaweb.com\/index.php\/wp-json\/wp\/v2\/users\/1"}],"replies":[{"embeddable":true,"href":"http:\/\/hoycordobaweb.com\/index.php\/wp-json\/wp\/v2\/comments?post=84816"}],"version-history":[{"count":0,"href":"http:\/\/hoycordobaweb.com\/index.php\/wp-json\/wp\/v2\/posts\/84816\/revisions"}],"wp:featuredmedia":[{"embeddable":true,"href":"http:\/\/hoycordobaweb.com\/index.php\/wp-json\/wp\/v2\/media\/84817"}],"wp:attachment":[{"href":"http:\/\/hoycordobaweb.com\/index.php\/wp-json\/wp\/v2\/media?parent=84816"}],"wp:term":[{"taxonomy":"category","embeddable":true,"href":"http:\/\/hoycordobaweb.com\/index.php\/wp-json\/wp\/v2\/categories?post=84816"},{"taxonomy":"post_tag","embeddable":true,"href":"http:\/\/hoycordobaweb.com\/index.php\/wp-json\/wp\/v2\/tags?post=84816"}],"curies":[{"name":"wp","href":"https:\/\/api.w.org\/{rel}","templated":true}]}}