{"id":84732,"date":"2024-10-07T13:20:59","date_gmt":"2024-10-07T13:20:59","guid":{"rendered":"https:\/\/www.ole.com.ar\/futbol-internacional\/tas-confirmo-reduccion-18-meses-sancion-paul-pogba_0_A5l5O9qOCB.html"},"modified":"2024-10-07T13:20:59","modified_gmt":"2024-10-07T13:20:59","slug":"ahora-si-el-tas-confirmo-la-reduccion-a-18-meses-de-la-sancion-a-paul-pogba","status":"publish","type":"post","link":"http:\/\/hoycordobaweb.com\/index.php\/2024\/10\/07\/ahora-si-el-tas-confirmo-la-reduccion-a-18-meses-de-la-sancion-a-paul-pogba\/","title":{"rendered":"Ahora s\u00ed: el TAS confirm\u00f3 la reducci\u00f3n a 18 meses de la sanci\u00f3n a Paul Pogba"},"content":{"rendered":"<p><img src=\"http:\/\/hoycordobaweb.com\/wp-content\/uploads\/2024\/10\/ahora-si-el-tas-confirmo-la-reduccion-a-18-meses-de-la-sancion-a-paul-pogba.jpg\"><\/p>\n<p><span class=\"createDate\">07\/10\/2024 10:20hs.<\/span><time class=\"modificatedDate\" datetime=\"2024-10-07T10:53:36-03:00\"> Actualizado al 07\/10\/2024 10:53hs.<\/time><\/p>\n<div id=\"storyBody\">\n<div class=\"custom-text \" readability=\"33.6\">\n<p>El Tribunal de Arbitraje Deportivo (TAS) confirm\u00f3 este lunes <strong>la reducci\u00f3n de cuatro a\u00f1os a 18 meses de la sanci\u00f3n al jugador franc\u00e9s de la <a href=\"https:\/\/www.ole.com.ar\/tema\/juventus.html\" title=\"Juventus\" alt=\"Juventus\" class=\"slug\">Juventus<\/a>, <a href=\"https:\/\/www.ole.com.ar\/tema\/paul-pogba.html\" title=\"Paul Pogba\" alt=\"Paul Pogba\" class=\"slug\">Paul Pogba<\/a>,<\/strong> al entender que la ingesta de la sustancia por la que dio positivo por testosterona no fue intencionada.<\/p>\n<\/div>\n<div class=\"custom-text \" readability=\"36\">\n<p>El panel encargado del caso estim\u00f3 parcialmente el recurso de Pogba contra la sanci\u00f3n de cuatro a\u00f1os que le impuso la agencia de antidopaje italiana en septiembre de 2023 y, adem\u00e1s de reducir el tiempo de inhabilitaci\u00f3n, <strong>anul\u00f3 la multa de 5.000 euros.<\/strong><\/p>\n<\/div>\n<div class=\"custom-text \" readability=\"37\">\n<p>\nEl TAS bas\u00f3 su decisi\u00f3n en las evidencias y argumentos legales aportados por Pogba sobre la ingesta de DHEA, sustancia por la que dio positivo, ya que no la consumi\u00f3 de manera intencionada y su resultado adverso fue consecuencia de tomar err\u00f3neamente un suplemento que le hab\u00eda recetado un m\u00e9dico en Florida. <\/p>\n<\/div>\n<div class=\"custom-text \" readability=\"35\">\n<p>\nSeg\u00fan la defensa de Pogba, el facultativo trata a varios deportistas estadounidenses e internacionales de alto nivel y ten\u00eda conocimiento de las obligaciones antidopaje del futbolista franc\u00e9s en cumplimiento del C\u00f3digo Mundial Antidopaje.<\/p>\n<\/div>\n<div class=\"sc-e7b891c4-0 ifHnQL\"><img alt=\"Pogba volver\u00e1 a las canchas en 2025. (Foto: EFE)\" loading=\"lazy\" width=\"720\" height=\"100\" decoding=\"async\" data-nimg=\"1\" src=\"http:\/\/hoycordobaweb.com\/wp-content\/uploads\/2024\/10\/ahora-si-el-tas-confirmo-la-reduccion-a-18-meses-de-la-sancion-a-paul-pogba-2.jpg\"><span class=\"epigraphe\">Pogba volver\u00e1 a las canchas en 2025. (Foto: EFE)<\/span><\/div>\n<div class=\"custom-text \" readability=\"35\">\n<p>El jugador solicit\u00f3 una sanci\u00f3n de s\u00f3lo 12 meses en reconocimiento de la existencia de alguna falta por su parte, pero pidi\u00f3 que el panel del TAS determinara la inexistencia de falta o negligencia.<\/p>\n<\/div>\n<div class=\"custom-text \" readability=\"35\">\n<p>Este finalmente determin\u00f3 que Pogba no estaba exento de culpa y que, como futbolista profesional, deber\u00eda haber prestado una mayor atenci\u00f3n dadas las circunstancias.<\/p>\n<\/div>\n<div class=\"custom-text \" readability=\"40\">\n<p>As\u00ed, Pogba, quien tiene contrato con la Juventus hasta 2026, podr\u00eda volver a entrenar con el equipo en enero de 2025 y regresar a las canchas en marzo. D\u00edas atr\u00e1s, cuando el rumor comenz\u00f3 a circular sin que el TAS hiciera oficial la noticia, el franc\u00e9s ya hab\u00eda compartido en sus redes sociales una foto con sus botines y un reloj de arena. <\/p>\n<\/div>\n<p><h2><strong>Cu\u00e1ndo hab\u00eda dado positivo Pogba y qu\u00e9 dijo cuando se dio a conocer su sanci\u00f3n<\/strong><\/h2>\n<\/p>\n<div class=\"custom-text \" readability=\"34\">\n<p>\nEl jugador dio positivo en testosterona en un partido contra el Udinese, el primero de la Serie A 2023-24 en el mes de agosto. <\/p>\n<\/div>\n<div class=\"custom-text \" readability=\"38\">\n<p>Pogba apel\u00f3 la decisi\u00f3n, pero el Tribunal Antidopaje Italiano mantuvo la sanci\u00f3n, confirmada por la Fiscal\u00eda Antidopaje Italiana en febrero de este a\u00f1o, tras lo que el jugador elev\u00f3 su caso al TAS, que ha confirmado la reducci\u00f3n del castigo.<\/p>\n<\/div>\n<div class=\"custom-text \" readability=\"38\">\n<p>\u00abHoy fui informado de la decisi\u00f3n del Tribunal Nacional Antidopaje y creo que su veredicto es incorrecto\u00bb, asegur\u00f3 el mediocampista franc\u00e9s en su cuenta de Instagram. \u00abEstoy triste, sorprendido y con el coraz\u00f3n roto. La carrera profesional que constru\u00ed me fue arrebatada\u00bb, continu\u00f3 en un comunicado en febrero de 2024.<\/p>\n<\/div>\n<div class=\"custom-text \" readability=\"38\">\n<p>\u00abCuando est\u00e9 libre de restricciones legales, la historia completa se volver\u00e1 m\u00e1s clara. Nunca tom\u00e9, consciente o inconscientemente, ning\u00fan suplemento que violara las regulaciones\u00bb, asegur\u00f3 el ex futbolista del Manchester United.<\/p>\n<\/div>\n<div class=\"sc-a7166897-0 eoLsBE\" readability=\"6.5\">\n<section readability=\"3\"><picture><img alt=\"Garnacho, otra baja para la Selecci\u00f3n\" loading=\"lazy\" width=\"290\" height=\"290\" decoding=\"async\" data-nimg=\"1\" src=\"http:\/\/hoycordobaweb.com\/wp-content\/uploads\/2024\/10\/ahora-si-el-tas-confirmo-la-reduccion-a-18-meses-de-la-sancion-a-paul-pogba-3.jpg\"><\/picture>\n<p><span>Mir\u00e1 tambi\u00e9n<\/span><\/p>\n<hr>\n<h3>Garnacho, otra baja para la Selecci\u00f3n<\/h3>\n<\/p>\n<\/section>\n<\/div>\n<div class=\"sc-a7166897-0 eoLsBE\" readability=\"6.5\">\n<section readability=\"3\"><picture><img alt=\"El convocado de \u00faltima hora del f\u00fatbol argentino que cit\u00f3 Chile para las Eliminatorias \" loading=\"lazy\" width=\"290\" height=\"290\" decoding=\"async\" data-nimg=\"1\" src=\"http:\/\/hoycordobaweb.com\/wp-content\/uploads\/2024\/10\/ahora-si-el-tas-confirmo-la-reduccion-a-18-meses-de-la-sancion-a-paul-pogba-4.jpg\"><\/picture>\n<p><span>Mir\u00e1 tambi\u00e9n<\/span><\/p>\n<hr>\n<h3>El convocado de \u00faltima hora del f\u00fatbol argentino que cit\u00f3 Chile para las Eliminatorias <\/h3>\n<\/p>\n<\/section>\n<\/div>\n<div class=\"sc-a7166897-0 eoLsBE\" readability=\"6.5\">\n<section readability=\"3\"><picture><img alt=\"Gan\u00f3 el MVP del partido y se lo dio al alcanzapelotas, clave en el gol del triunfo\" loading=\"lazy\" width=\"290\" height=\"290\" decoding=\"async\" data-nimg=\"1\" src=\"http:\/\/hoycordobaweb.com\/wp-content\/uploads\/2024\/10\/ahora-si-el-tas-confirmo-la-reduccion-a-18-meses-de-la-sancion-a-paul-pogba-5.jpg\"><\/picture>\n<p><span>Mir\u00e1 tambi\u00e9n<\/span><\/p>\n<hr>\n<h3>Gan\u00f3 el MVP del partido y se lo dio al alcanzapelotas, clave en el gol del triunfo<\/h3>\n<\/p>\n<\/section>\n<\/div>\n<\/div>\n","protected":false},"excerpt":{"rendered":"<p>07\/10\/2024 10:20hs. Actualizado al 07\/10\/2024 10:53hs. El Tribunal de Arbitraje Deportivo (TAS) confirm\u00f3 este lunes la reducci\u00f3n de cuatro a\u00f1os a 18 meses de la sanci\u00f3n al jugador franc\u00e9s de la Juventus, Paul Pogba, al entender que la ingesta de la sustancia por la que dio positivo por testosterona no fue intencionada. El panel encargado [&hellip;]<\/p>\n","protected":false},"author":1,"featured_media":84733,"comment_status":"open","ping_status":"closed","sticky":false,"template":"","format":"standard","meta":[],"categories":[16],"tags":[],"_links":{"self":[{"href":"http:\/\/hoycordobaweb.com\/index.php\/wp-json\/wp\/v2\/posts\/84732"}],"collection":[{"href":"http:\/\/hoycordobaweb.com\/index.php\/wp-json\/wp\/v2\/posts"}],"about":[{"href":"http:\/\/hoycordobaweb.com\/index.php\/wp-json\/wp\/v2\/types\/post"}],"author":[{"embeddable":true,"href":"http:\/\/hoycordobaweb.com\/index.php\/wp-json\/wp\/v2\/users\/1"}],"replies":[{"embeddable":true,"href":"http:\/\/hoycordobaweb.com\/index.php\/wp-json\/wp\/v2\/comments?post=84732"}],"version-history":[{"count":0,"href":"http:\/\/hoycordobaweb.com\/index.php\/wp-json\/wp\/v2\/posts\/84732\/revisions"}],"wp:featuredmedia":[{"embeddable":true,"href":"http:\/\/hoycordobaweb.com\/index.php\/wp-json\/wp\/v2\/media\/84733"}],"wp:attachment":[{"href":"http:\/\/hoycordobaweb.com\/index.php\/wp-json\/wp\/v2\/media?parent=84732"}],"wp:term":[{"taxonomy":"category","embeddable":true,"href":"http:\/\/hoycordobaweb.com\/index.php\/wp-json\/wp\/v2\/categories?post=84732"},{"taxonomy":"post_tag","embeddable":true,"href":"http:\/\/hoycordobaweb.com\/index.php\/wp-json\/wp\/v2\/tags?post=84732"}],"curies":[{"name":"wp","href":"https:\/\/api.w.org\/{rel}","templated":true}]}}