{"id":8467,"date":"2020-12-27T00:36:24","date_gmt":"2020-12-27T00:36:24","guid":{"rendered":"https:\/\/www.ole.com.ar\/arsenal\/11-arsenal-enfrentar-river_0_ydRjLnik7.html"},"modified":"2020-12-27T00:36:24","modified_gmt":"2020-12-27T00:36:24","slug":"asi-va-arsenal-para-enfrentar-a-river","status":"publish","type":"post","link":"http:\/\/hoycordobaweb.com\/index.php\/2020\/12\/27\/asi-va-arsenal-para-enfrentar-a-river\/","title":{"rendered":"As\u00ed va Arsenal para enfrentar a River"},"content":{"rendered":"<p><img src=\"http:\/\/hoycordobaweb.com\/wp-content\/uploads\/2020\/12\/asi-va-arsenal-para-enfrentar-a-river.jpg\"><\/p>\n<div><img src=\"http:\/\/hoycordobaweb.com\/wp-content\/uploads\/2020\/12\/asi-va-arsenal-para-enfrentar-a-river.jpg\" class=\"ff-og-image-inserted\"><\/div>\n<p><span><span>Con lo justo. <\/span><span>As\u00ed llegar\u00e1 <a alt=\"arsenal-de-sarandi\" class=\"slug\" href=\"https:\/\/www.ole.com.ar\/tema\/arsenal-de-sarandi.html\" target=\"_blank\" title=\"arsenal-de-sarandi\" rel=\"noopener noreferrer\">Arsenal <\/a>para visitar a <a alt=\"river-plate\" class=\"slug\" href=\"https:\/\/www.ole.com.ar\/tema\/river-plate.html\" target=\"_blank\" title=\"river-plate\" rel=\"noopener noreferrer\">River <\/a>en la Libertadores de Am\u00e9rica este domingo a las 21.30 por la Fase Campeonato de la <a alt=\"copa-diego-armando-maradona\" class=\"slug\" href=\"https:\/\/www.ole.com.ar\/tema\/copa-diego-armando-maradona.html\" target=\"_blank\" title=\"copa-diego-armando-maradona\" rel=\"noopener noreferrer\">Copa Diego Armando Maradona<\/a>. <\/span><\/span><strong><span><span>Los del Viaducto tienen siete bajas entre lesionados y contagiados de coronavirus<\/span><\/span><\/strong><u><strong><span><span>,<\/span><\/span><\/strong><\/u><span><span> y <a alt=\"sergio-rondina\" class=\"slug\" href=\"https:\/\/www.ole.com.ar\/tema\/sergio-rondina.html\" target=\"_blank\" title=\"sergio-rondina\" rel=\"noopener noreferrer\">Rondina <\/a>se las tendr\u00e1 que arreglar con lo que le queda para enfrentar a Gallardo y compa\u00f1\u00eda &#8230;<\/span><\/span><\/p>\n<p><span><span>En la derrota contra Argentinos por la fecha pasada<strong>, el Huevo perdi\u00f3 a tres futbolistas por lesi\u00f3n.&nbsp;<\/strong>Se trata de <span><span>Ignacio Gariglio<span><\/span> , quien sufri\u00f3 un desgarro en el aductor derecho, Alan Ruiz, que solamente dur\u00f3 33 minutos en cancha ante el Bicho, y de Jes\u00fas Soraire, tambi\u00e9n desgarrado, pero en el isquiotibial izquierdo.<\/span><\/span><\/span><\/span><\/p>\n<p><opta-widget sport=\"football\" widget=\"standings\" competition=\"724\" season=\"2020\" match=\"2179754\" team template=\"normal\" live=\"true\" default_nav=\"1\" side=\"combined\" data_detail=\"default\" show_key=\"false\" show_crests=\"false\" points_in_first_column=\"false\" lose_before_draw=\"false\" show_form=\"0\" competition_naming=\"full\" team_naming=\"full\" date_format=\"dddd D MMMM YYYY\" sorting=\"true\" show_live=\"false\" show_relegation_average=\"true\" show_logo=\"false\" show_title=\"true\" breakpoints=\"400\"><\/opta-widget><\/p>\n<p><span><span>Y hay m\u00e1s&#8230; Emiliano Papa y Nicol\u00e1s Miracco arrastran viejas lesiones y aunque Rondina los esper\u00f3 hasta \u00faltimo momento, ambos quedaron fuera de la lista de concentrados para visitar a River.&nbsp;<\/span><\/span><\/p>\n<p><span><span>Y como si todo esto no fuera suficiente,<\/span><\/span><strong><span><span> en Sarand\u00ed tambi\u00e9n hay casos de coronavirus. <\/span><\/span><\/strong><span><span>Se trata de Lucas Necul y Mat\u00edas Belloso, futbolistas que ya llevan 10 d\u00edas aislados y que reci\u00e9n podr\u00edan reincorporarse a partir de la semana que viene.<\/span><\/span><\/p>\n<p><opta-widget widget=\"team_compare\" fixtures_type=\"all\" competition=\"724\" season=\"2020\" team=\",\" template=\"normal\" navigation=\"tabs_more\" default_nav=\"1\" show_selects=\"false\" show_crests=\"true\" competition_naming=\"full\" team_naming=\"full\" show_logo=\"false\" show_title=\"true\" breakpoints=\"400\" sport=\"football\"><\/opta-widget><\/p>\n<p>De esta forma, Arsenal saldr\u00eda con el siguiente 11: <strong>Maximiliano Gagliardo; Juli\u00e1n Navas, Mateo Carabajal, Fabio Pereyra, Gast\u00f3n Suso, Nicol\u00e1s Castro; Ramiro Luna, Emiliano M\u00e9ndez, Alejo Antilef; Lucas Albertengo y Jhonatan Candia.&nbsp;<\/strong><\/p>\n<div class=\"entry-tags\">\n<h2>TEMAS QUE APARECEN EN ESTA NOTA<\/h2>\n<\/p><\/div>\n","protected":false},"excerpt":{"rendered":"<p>Con lo justo. As\u00ed llegar\u00e1 Arsenal para visitar a River en la Libertadores de Am\u00e9rica este domingo a las 21.30 por la Fase Campeonato de la Copa Diego Armando Maradona. Los del Viaducto tienen siete bajas entre lesionados y contagiados de coronavirus, y Rondina se las tendr\u00e1 que arreglar con lo que le queda para [&hellip;]<\/p>\n","protected":false},"author":1,"featured_media":8468,"comment_status":"open","ping_status":"closed","sticky":false,"template":"","format":"standard","meta":[],"categories":[16],"tags":[],"_links":{"self":[{"href":"http:\/\/hoycordobaweb.com\/index.php\/wp-json\/wp\/v2\/posts\/8467"}],"collection":[{"href":"http:\/\/hoycordobaweb.com\/index.php\/wp-json\/wp\/v2\/posts"}],"about":[{"href":"http:\/\/hoycordobaweb.com\/index.php\/wp-json\/wp\/v2\/types\/post"}],"author":[{"embeddable":true,"href":"http:\/\/hoycordobaweb.com\/index.php\/wp-json\/wp\/v2\/users\/1"}],"replies":[{"embeddable":true,"href":"http:\/\/hoycordobaweb.com\/index.php\/wp-json\/wp\/v2\/comments?post=8467"}],"version-history":[{"count":0,"href":"http:\/\/hoycordobaweb.com\/index.php\/wp-json\/wp\/v2\/posts\/8467\/revisions"}],"wp:featuredmedia":[{"embeddable":true,"href":"http:\/\/hoycordobaweb.com\/index.php\/wp-json\/wp\/v2\/media\/8468"}],"wp:attachment":[{"href":"http:\/\/hoycordobaweb.com\/index.php\/wp-json\/wp\/v2\/media?parent=8467"}],"wp:term":[{"taxonomy":"category","embeddable":true,"href":"http:\/\/hoycordobaweb.com\/index.php\/wp-json\/wp\/v2\/categories?post=8467"},{"taxonomy":"post_tag","embeddable":true,"href":"http:\/\/hoycordobaweb.com\/index.php\/wp-json\/wp\/v2\/tags?post=8467"}],"curies":[{"name":"wp","href":"https:\/\/api.w.org\/{rel}","templated":true}]}}