{"id":84552,"date":"2024-10-06T06:40:00","date_gmt":"2024-10-06T06:40:00","guid":{"rendered":"https:\/\/www.mujerhoy.com\/moda\/no-te-pierdas\/chaqueta-entretiempo-tendencia-parka-hm-stradivarius-mango-20241006083951-nt.html"},"modified":"2024-10-06T06:40:00","modified_gmt":"2024-10-06T06:40:00","slug":"la-chaqueta-de-entretiempo-mas-vista-mango-stradivarius-y-hm-tienen-la-parka-que-necesitas-para-los-primeros-dias-de-otono","status":"publish","type":"post","link":"http:\/\/hoycordobaweb.com\/index.php\/2024\/10\/06\/la-chaqueta-de-entretiempo-mas-vista-mango-stradivarius-y-hm-tienen-la-parka-que-necesitas-para-los-primeros-dias-de-otono\/","title":{"rendered":"La chaqueta de entretiempo m\u00e1s vista: Mango, Stradivarius y H&amp;M tienen la parka que necesitas para los primeros d\u00edas de oto\u00f1o"},"content":{"rendered":"<p><!-- AUTHOR --> <\/p>\n<div class=\"voc-author-timesocial \"> <!-- AUTHOR --> <\/p>\n<div class=\"voc-author-timesocial__signature \">\n<div class=\"voc-author-timesocial__img-c\"> <!-- IMAGE AUTHOR --> <picture class=\"voc-image-signature\"> <img class=\"voc-image-signature__img\" src=\"http:\/\/hoycordobaweb.com\/wp-content\/uploads\/2024\/10\/la-chaqueta-de-entretiempo-mas-vista-mango-stradivarius-y-hm-tienen-la-parka-que-necesitas-para-los-primeros-dias-de-otono.jpg\" alt=\"Raquel Rodr\u00edguez\"> <\/picture> <\/div>\n<p> <!-- INFO AUTHOR --> <\/div><\/div>\n<p> <!-- COMPONENTS --> <\/p>\n<p class=\"voc-paragraph\" data-mrf-recirculation=\"Link art\u00edculo\">La bajada de temperaturas es una realidad y atr\u00e1s qued\u00f3 el maravilloso verano y las vacaciones. Ahora los d\u00edas son m\u00e1s cortos y <strong>el fr\u00edo y la lluvia <\/strong>pasa a ser protagonista de nuestro d\u00eda a d\u00eda. Un cambio de temporada que se hace un poco cuesta arriba y al que tenemos que adaptarnos con nuestros looks.\n<\/p>\n<p class=\"voc-paragraph\" data-mrf-recirculation=\"Link art\u00edculo\">Y uno de los elementos principales de un armario de <strong>entretiempo <\/strong>y de oto\u00f1o es, sin lugar a dudas, una <strong>chaqueta <\/strong>que podamos usar antes de que llegue el frio m\u00e1s extremo. Y aunque la <a data-voc-vtm-id=\"in-text-traffic\" href=\"https:\/\/www.mujerhoy.com\/moda\/no-te-pierdas\/gabardina-stradivarius-tendencia-sienta-bien-cualquier-edad-granate-efecto-piel-20240918112439-nt.html\" title=\"www.mujerhoy.com\" data-mrf-link=\"https:\/\/www.mujerhoy.com\/moda\/no-te-pierdas\/gabardina-stradivarius-tendencia-sienta-bien-cualquier-edad-granate-efecto-piel-20240918112439-nt.html\">gabardina <\/a><br \/>\nes la absoluta favorita, lo cierto es que con la llegada de la <a data-voc-vtm-id=\"in-text-traffic\" href=\"https:\/\/www.mujerhoy.com\/moda\/tendencias\/como-llevar-tendencia-boho-otono-2024-ideas-looks-20240826133139-nt.html\" title=\"www.mujerhoy.com\" data-mrf-link=\"https:\/\/www.mujerhoy.com\/moda\/tendencias\/como-llevar-tendencia-boho-otono-2024-ideas-looks-20240826133139-nt.html\">tendencia boho<\/a><br \/>\n, hay otras propuestas que est\u00e1n arrasando como la que te queremos ense\u00f1ar hoy.\n<\/p>\n<p class=\"voc-paragraph\" data-mrf-recirculation=\"Link art\u00edculo\">Echando un vistazo a las novedades de algunas de nuestras firmas favoritas, nos hemos dado cuenta de que hay un denominador com\u00fan en muchas de ellas. Hablamos de la llamada <strong>chaqueta tipo granjero<\/strong> o la de estilo Barbour tan ic\u00f3nica y referente en el mundo de la moda.\n<\/p>\n<p class=\"voc-paragraph\" data-mrf-recirculation=\"Link art\u00edculo\">Se trata de una parka que hace a\u00f1os se viraliz\u00f3 en color verde caqui y que usaron mujeres icono de estilo como la mism\u00edsima <strong>Lady Di<\/strong>. La princesa de Gales hizo de esta cazadora un buen\u00edsimo aliado estil\u00edstico y aunque ha estado presente en temporadas atr\u00e1s, parece que este a\u00f1o viene pisando m\u00e1s fuerte que nunca. <\/p>\n<div class=\"voc-detail__cmp\">\n<div class=\"voc-article-container\">\n<article class=\"voc-article voc-article--cmp-photo-text\">\n<div class=\"voc-img-container\"> <picture>\n<div class=\"voc-horizontal voc-img-icon-link\"> <img loading=\"lazy\" src=\"http:\/\/hoycordobaweb.com\/wp-content\/uploads\/2024\/10\/la-chaqueta-de-entretiempo-mas-vista-mango-stradivarius-y-hm-tienen-la-parka-que-necesitas-para-los-primeros-dias-de-otono-1.jpg\" alt width=\"624\" height=\"624\"> <\/div>\n<\/picture>\n<p class=\"figure-caption \"> <span class=\"voc-photo-author\"> spotlight launchmetrics <\/span> <\/p>\n<\/p><\/div>\n<\/article><\/div>\n<\/div>\n<p class=\"voc-paragraph\" data-mrf-recirculation=\"Link art\u00edculo\">Y resulta que ha llegado a las tiendas en una versi\u00f3n diferente y mucho m\u00e1s especial que ya hemos visto en el street style y que marcas como Stradivarius, Mango o H&amp;M ya han incluido en sus colecciones. Todas ellas han confirmado que es <strong>una de las tendencias m\u00e1s importantes de la temporada<\/strong>.\n<\/p>\n<p class=\"voc-paragraph\" data-mrf-recirculation=\"Link art\u00edculo\">Y, \u00bfc\u00f3mo es esta chaqueta? Pues se trata de un modelo en <strong>color beige o mostaza<\/strong> que se caracteriza por un fit recto y ligeramente oversize y por el detalle de las solapas del cuello a contraste en color marr\u00f3n o negro y que, generalmente, est\u00e1n confeccionadas en tejido de pana o ante.\n<\/p>\n<p class=\"voc-paragraph\" data-mrf-recirculation=\"Link art\u00edculo\">Un dise\u00f1o s\u00faper ponible, que combina casi con todo y que es perfecto para <strong>completar esos looks de diario <\/strong>de los primeros d\u00edas de oto\u00f1o. Adem\u00e1s, se trata de una inveris\u00f3n que merece la pena porque tambi\u00e9n es una chaqueta atemporal que podr\u00e1s seguir usando durante varios a\u00f1os. Estos son algunos ejemplos disponibles en el mercado.\n<\/p>\n<div class=\"voc-detail__cmp\">\n<div class=\"voc-article-container\">\n<article class=\"voc-article voc-article--cmp-photo-text\">\n<div class=\"voc-img-container\"> <picture>\n<div class=\"voc-horizontal voc-img-icon-link\"> <img loading=\"lazy\" src=\"http:\/\/hoycordobaweb.com\/wp-content\/uploads\/2024\/10\/la-chaqueta-de-entretiempo-mas-vista-mango-stradivarius-y-hm-tienen-la-parka-que-necesitas-para-los-primeros-dias-de-otono.webp\" alt width=\"624\" height=\"624\"> <\/div>\n<\/picture> <\/div>\n<\/article><\/div>\n<\/div>\n<p class=\"voc-paragraph\" data-mrf-recirculation=\"Link art\u00edculo\">Modelo de <strong>Mango <\/strong>confeccionado en 100% algod\u00f3n con bolsillos y cuello de pana (79,99 euros).\n<\/p>\n<div class=\"voc-detail__cmp\">\n<div class=\"voc-article-container\">\n<article class=\"voc-article voc-article--cmp-photo-text\">\n<div class=\"voc-img-container\"> <picture>\n<div class=\"voc-horizontal voc-img-icon-link\"> <img loading=\"lazy\" src=\"http:\/\/hoycordobaweb.com\/wp-content\/uploads\/2024\/10\/la-chaqueta-de-entretiempo-mas-vista-mango-stradivarius-y-hm-tienen-la-parka-que-necesitas-para-los-primeros-dias-de-otono-1.webp\" alt width=\"624\" height=\"624\"> <\/div>\n<\/picture> <\/div>\n<\/article><\/div>\n<\/div>\n<p class=\"voc-paragraph\" data-mrf-recirculation=\"Link art\u00edculo\">Chaqueta de <strong>Stradivarius<\/strong> confeccionada con tejido de efecto encerado, cuello solapa con detalle de tejido combinado a contraste y manga larga (69,99 euros). <\/p>\n<div class=\"voc-detail__cmp\">\n<div class=\"voc-article-container\">\n<article class=\"voc-article voc-article--cmp-photo-text\">\n<div class=\"voc-img-container\"> <picture>\n<div class=\"voc-horizontal voc-img-icon-link\"> <img loading=\"lazy\" src=\"http:\/\/hoycordobaweb.com\/wp-content\/uploads\/2024\/10\/la-chaqueta-de-entretiempo-mas-vista-mango-stradivarius-y-hm-tienen-la-parka-que-necesitas-para-los-primeros-dias-de-otono-2.webp\" alt width=\"624\" height=\"624\"> <\/div>\n<\/picture> <\/div>\n<\/article><\/div>\n<\/div>\n<p class=\"voc-paragraph\" data-mrf-recirculation=\"Link art\u00edculo\">Chaqueta recta de <strong>Promod <\/strong>con forro de leopardo y en la que el cuello con solapa y la parte inferior de las mangas son de pana (79,99 euros).\n<\/p>\n<div class=\"voc-detail__cmp\">\n<div class=\"voc-article-container\">\n<article class=\"voc-article voc-article--cmp-photo-text\">\n<div class=\"voc-img-container\"> <picture>\n<div class=\"voc-horizontal voc-img-icon-link\"> <img loading=\"lazy\" src=\"http:\/\/hoycordobaweb.com\/wp-content\/uploads\/2024\/10\/la-chaqueta-de-entretiempo-mas-vista-mango-stradivarius-y-hm-tienen-la-parka-que-necesitas-para-los-primeros-dias-de-otono-3.webp\" alt width=\"624\" height=\"624\"> <\/div>\n<\/picture> <\/div>\n<\/article><\/div>\n<\/div>\n<p class=\"voc-paragraph\" data-mrf-recirculation=\"Link art\u00edculo\">Chaqueta oversize de <strong>H&amp;M<\/strong> en lona de algod\u00f3n con cuello de pana y solapa cortavientos con cierre de cremallera y botones delante (49,99 euros).\n<\/p>\n<div class=\"voc-detail__cmp\">\n<div class=\"voc-article-container\">\n<article class=\"voc-article voc-article--cmp-photo-text\">\n<div class=\"voc-img-container\"> <picture>\n<div class=\"voc-horizontal voc-img-icon-link\"> <img loading=\"lazy\" src=\"http:\/\/hoycordobaweb.com\/wp-content\/uploads\/2024\/10\/la-chaqueta-de-entretiempo-mas-vista-mango-stradivarius-y-hm-tienen-la-parka-que-necesitas-para-los-primeros-dias-de-otono-2.jpg\" alt width=\"624\" height=\"624\"> <\/div>\n<\/picture> <\/div>\n<\/article><\/div>\n<\/div>\n<p class=\"voc-paragraph\" data-mrf-recirculation=\"Link art\u00edculo\">Parka de <strong>Easy Wear <\/strong>encerada con cuello de pana de color marr\u00f3n (79,99 euros).\n<\/p>\n<p> <!-- TOPICS --> <\/p>\n","protected":false},"excerpt":{"rendered":"<p>La bajada de temperaturas es una realidad y atr\u00e1s qued\u00f3 el maravilloso verano y las vacaciones. Ahora los d\u00edas son m\u00e1s cortos y el fr\u00edo y la lluvia pasa a ser protagonista de nuestro d\u00eda a d\u00eda. Un cambio de temporada que se hace un poco cuesta arriba y al que tenemos que adaptarnos con [&hellip;]<\/p>\n","protected":false},"author":1,"featured_media":84553,"comment_status":"closed","ping_status":"closed","sticky":false,"template":"","format":"standard","meta":[],"categories":[],"tags":[],"_links":{"self":[{"href":"http:\/\/hoycordobaweb.com\/index.php\/wp-json\/wp\/v2\/posts\/84552"}],"collection":[{"href":"http:\/\/hoycordobaweb.com\/index.php\/wp-json\/wp\/v2\/posts"}],"about":[{"href":"http:\/\/hoycordobaweb.com\/index.php\/wp-json\/wp\/v2\/types\/post"}],"author":[{"embeddable":true,"href":"http:\/\/hoycordobaweb.com\/index.php\/wp-json\/wp\/v2\/users\/1"}],"replies":[{"embeddable":true,"href":"http:\/\/hoycordobaweb.com\/index.php\/wp-json\/wp\/v2\/comments?post=84552"}],"version-history":[{"count":0,"href":"http:\/\/hoycordobaweb.com\/index.php\/wp-json\/wp\/v2\/posts\/84552\/revisions"}],"wp:featuredmedia":[{"embeddable":true,"href":"http:\/\/hoycordobaweb.com\/index.php\/wp-json\/wp\/v2\/media\/84553"}],"wp:attachment":[{"href":"http:\/\/hoycordobaweb.com\/index.php\/wp-json\/wp\/v2\/media?parent=84552"}],"wp:term":[{"taxonomy":"category","embeddable":true,"href":"http:\/\/hoycordobaweb.com\/index.php\/wp-json\/wp\/v2\/categories?post=84552"},{"taxonomy":"post_tag","embeddable":true,"href":"http:\/\/hoycordobaweb.com\/index.php\/wp-json\/wp\/v2\/tags?post=84552"}],"curies":[{"name":"wp","href":"https:\/\/api.w.org\/{rel}","templated":true}]}}