{"id":84548,"date":"2024-10-05T14:13:17","date_gmt":"2024-10-05T14:13:17","guid":{"rendered":"http:\/\/hoycordobaweb.com\/index.php\/2024\/10\/05\/el-exminisitro-de-cristina-kirchner-que-tomo-distancia-del-operativo-clamor-y-banco-a-kicillof\/"},"modified":"2024-10-05T14:13:17","modified_gmt":"2024-10-05T14:13:17","slug":"el-exminisitro-de-cristina-kirchner-que-tomo-distancia-del-operativo-clamor-y-banco-a-kicillof","status":"publish","type":"post","link":"http:\/\/hoycordobaweb.com\/index.php\/2024\/10\/05\/el-exminisitro-de-cristina-kirchner-que-tomo-distancia-del-operativo-clamor-y-banco-a-kicillof\/","title":{"rendered":"El exminisitro de Cristina Kirchner que tom\u00f3 distancia del \u00aboperativo clamor\u00bb y banc\u00f3 a Kicillof"},"content":{"rendered":"<div class=\"media_block\"><\/div>\n<div><img src=\"http:\/\/hoycordobaweb.com\/wp-content\/uploads\/2024\/10\/el-exminisitro-de-cristina-kirchner-que-tomo-distancia-del-operativo-clamor-y-banco-a-kicillof-1.jpg\" class=\"ff-og-image-inserted\"><\/div>\n<p>El exjefe de Gabinete <strong>Juan Manuel Abal Medina<\/strong> lanz\u00f3 una fuerte autocr\u00edtica a la \u00faltima gesti\u00f3n de UxP en el gobierno y tom\u00f3 distancia del \u00ab<a target=\"_blank\" href=\"https:\/\/www.perfil.com\/noticias\/politica\/el-peronismo-impulsa-a-cristina-kirchner-para-liderar-el-pj-crecen-las-expectativas-para-2025.phtml\" rel=\"noopener noreferrer\">operativo clamor<\/a>\u00bb para que <strong>Cristina Kirchner <\/strong>tome las riendas del PJ con vistas a un potencial candidatura en 2025.<\/p>\n<p>Puntualmente, el exsenador se expres\u00f3 a favor de la proyecci\u00f3n del gobernador bonaerense <strong>Axel Kicillof <\/strong>como lider del espacio.<\/p>\n<p>\u00ab<strong>Hemos gobernado muy mal<\/strong>, en el peronismo lo que hay que hacer es renovar\u00bb, lanz\u00f3 Abal Medina, quien&nbsp;fue ministro del gobierno de CFK entre&nbsp; diciembre de 2011 y noviembre de 2013, en la primera parte del segundo mandato de la expresidenta.<\/p>\n<div class=\"subscription\" readability=\"6.683257918552\">\n<p>\nEsto no les gusta a los autoritarios\n<\/p>\n<div class=\"subscription__container\" readability=\"6.1467391304348\">\n<div class=\"subscription__text-wrapper\" readability=\"31.20652173913\">\n<p>\nEl ejercicio del periodismo profesional y cr\u00edtico es un pilar fundamental de la democracia. Por eso molesta a quienes creen ser los due\u00f1os de la verdad.\n<\/p>\n<\/p><\/div>\n<\/div><\/div>\n<p class=\"destacadoNota\"><a target=\"_blank\" href=\"http:\/\/https:\/\/www.perfil.com\/noticias\/educacion\/juan-manuel-abal-medina-me-daba-verguenza-el-pimpenilismo-de-estado-entre-cristina-y-alberto.phtml\" rel=\"noopener noreferrer\">Juan Manuel Abal Medina: \u201cMe daba verg\u00fcenza el pimpinelismo de Estado entre Cristina y Alberto\u201d<\/a><\/p>\n<p>En declaraciones al programa que conduce Diego Schurman en <em>SplendidAM990<\/em>, agreg\u00f3 que&nbsp; la f\u00f3rmula Cristina y Alberto Fern\u00e1ndez \u00ab<strong>fue un error<\/strong>\u00ab.<\/p>\n<p>Dijo que hoy \u00abes un momento para mucha renovaci\u00f3n\u00bb, que en&nbsp;este momento \u00ab<strong>el que est\u00e1 mostrando que tiene m\u00e1s condiciones es Axel Kicillof<\/strong>\u00ab.<\/p>\n<h2>Abal Medina y la boleta \u00fanica de papel: \u00abTiene cosas buenas y malas\u00bb<\/h2>\n<p>El exfuncionario tambi\u00e9n habl\u00f3 sobre la aprobaci\u00f3n en el Congreso&nbsp;de la <a target=\"_blank\" href=\"http:\/\/https:\/\/www.perfil.com\/noticias\/politica\/cuales-son-los-puntos-principales-de-la-nueva-ley-de-boleta-unica-de-papel.phtml\" rel=\"noopener noreferrer\">boleta \u00fanica de papel<\/a>, que promovi\u00f3 el gobierno de Javier Milei y se utilizar\u00e1 a partir de las pr\u00f3ximas elecciones.<\/p>\n<p>\u00abEste cambio<strong> tiene cosas buenas y malas<\/strong>, pero no tiene que ver con la forma de votaci\u00f3n. En contra, lo que veo es que no van a entrar todos los candidatos. Se termina el robo de boletas, este es un aspecto positivo\u00bb, explic\u00f3.<\/p>\n<p>LT<\/p>\n","protected":false},"excerpt":{"rendered":"<p>El exjefe de Gabinete Juan Manuel Abal Medina lanz\u00f3 una fuerte autocr\u00edtica a la \u00faltima gesti\u00f3n de UxP en el gobierno y tom\u00f3 distancia del \u00aboperativo clamor\u00bb para que Cristina Kirchner tome las riendas del PJ con vistas a un potencial candidatura en 2025. Puntualmente, el exsenador se expres\u00f3 a favor de la proyecci\u00f3n del [&hellip;]<\/p>\n","protected":false},"author":1,"featured_media":84549,"comment_status":"closed","ping_status":"closed","sticky":false,"template":"","format":"standard","meta":[],"categories":[19],"tags":[522],"_links":{"self":[{"href":"http:\/\/hoycordobaweb.com\/index.php\/wp-json\/wp\/v2\/posts\/84548"}],"collection":[{"href":"http:\/\/hoycordobaweb.com\/index.php\/wp-json\/wp\/v2\/posts"}],"about":[{"href":"http:\/\/hoycordobaweb.com\/index.php\/wp-json\/wp\/v2\/types\/post"}],"author":[{"embeddable":true,"href":"http:\/\/hoycordobaweb.com\/index.php\/wp-json\/wp\/v2\/users\/1"}],"replies":[{"embeddable":true,"href":"http:\/\/hoycordobaweb.com\/index.php\/wp-json\/wp\/v2\/comments?post=84548"}],"version-history":[{"count":0,"href":"http:\/\/hoycordobaweb.com\/index.php\/wp-json\/wp\/v2\/posts\/84548\/revisions"}],"wp:featuredmedia":[{"embeddable":true,"href":"http:\/\/hoycordobaweb.com\/index.php\/wp-json\/wp\/v2\/media\/84549"}],"wp:attachment":[{"href":"http:\/\/hoycordobaweb.com\/index.php\/wp-json\/wp\/v2\/media?parent=84548"}],"wp:term":[{"taxonomy":"category","embeddable":true,"href":"http:\/\/hoycordobaweb.com\/index.php\/wp-json\/wp\/v2\/categories?post=84548"},{"taxonomy":"post_tag","embeddable":true,"href":"http:\/\/hoycordobaweb.com\/index.php\/wp-json\/wp\/v2\/tags?post=84548"}],"curies":[{"name":"wp","href":"https:\/\/api.w.org\/{rel}","templated":true}]}}