{"id":84445,"date":"2024-10-04T13:49:34","date_gmt":"2024-10-04T13:49:34","guid":{"rendered":"https:\/\/www.ole.com.ar\/futbol-internacional\/inglaterra\/guardiola-manches-city-futuro-incierto_0_hvhc61GFTt.html"},"modified":"2024-10-04T13:49:34","modified_gmt":"2024-10-04T13:49:34","slug":"pep-guardiola-sobre-su-futuro-en-el-manchester-city-no-voy-a-hablar-de-ese-tema","status":"publish","type":"post","link":"http:\/\/hoycordobaweb.com\/index.php\/2024\/10\/04\/pep-guardiola-sobre-su-futuro-en-el-manchester-city-no-voy-a-hablar-de-ese-tema\/","title":{"rendered":"Pep Guardiola, sobre su futuro en el Manchester City: \u00abNo voy a hablar de ese tema\u00bb"},"content":{"rendered":"<p><img src=\"http:\/\/hoycordobaweb.com\/wp-content\/uploads\/2024\/10\/pep-guardiola-sobre-su-futuro-en-el-manchester-city-no-voy-a-hablar-de-ese-tema.jpg\"><\/p>\n<p><time class=\"createDate\" datetime=\"2024-10-04T10:49:34-03:00\">04\/10\/2024 10:49hs.<\/time><\/p>\n<div id=\"storyBody\">\n<div class=\"custom-text \" readability=\"33.672131147541\">\n<p>Hace m\u00e1s de una d\u00e9cada<strong><a href=\"https:\/\/www.ole.com.ar\/tema\/pep-guardiola.html\" title=\"Pep Guardiola\" alt=\"Pep Guardiola\" class=\"slug\"> Pep Guardiola <\/a><\/strong>volvi\u00f3 aparacer en el radar del mundo f\u00fatbol, pero en este caso como entrenador. Sus logros en <strong><a href=\"https:\/\/www.ole.com.ar\/tema\/barcelona.html\" title=\"Barcelona\" alt=\"Barcelona\" class=\"slug\">Barcelona<\/a><\/strong>, <a href=\"https:\/\/www.ole.com.ar\/tema\/bayern-munich.html\" title=\"Bayern Munich\" alt=\"Bayern Munich\" class=\"slug\">Bayern Munich<\/a> y <a href=\"https:\/\/www.ole.com.ar\/tema\/manchester-city.html\" title=\"Manchester City\" alt=\"Manchester City\" class=\"slug\">Manchester City<\/a> no son un secreto para nadie. Ahora, se encuentra al mando del club ingl\u00e9s, pero su contrato finalizar\u00e1 en junio del pr\u00f3ximo a\u00f1o y los ciudadanos se preguntan qu\u00e9 har\u00e1 en el futuro.<\/p>\n<\/div>\n<div class=\"custom-text \" readability=\"43\">\n<p><strong>El conjunto celeste vive un gran momento en la temporada, con un inicio prometedor tanto en la Premier League como en la Champions League<\/strong>. Sin embargo, la incertidumbre se instal\u00f3 entre los hinchas cuando Pep dej\u00f3 una frase inquietante en la previa del partido contra Fulham, por la s\u00e9ptima fecha de la liga inglesa: \u00abNo voy a hablar de este tema, cuando pase, pasar\u00e1\u00bb. Ante estas declaraciones, <strong>los fan\u00e1ticos del equipo est\u00e1n organizando una muestra de apoyo con carteles<\/strong>, pidiendo que el t\u00e9cnico espa\u00f1ol contin\u00fae al mando, preocupados por su posible salida.<\/p>\n<\/div>\n<div class=\"custom-text \" readability=\"40\">\n<p><strong>Otro motivo que complica la renovaci\u00f3n de Guardiola con el Manchester City es el inter\u00e9s de la selecci\u00f3n de Inglaterra<\/strong>, que busca entrenador tras el final de la era de Gareth Southgate, luego de perder la final de la Eurocopa ante Espa\u00f1a. Pep es el principal candidato para tomar las riendas del equipo de la rosa, lo que ha generado especulaciones sobre su futuro. Actualmente, <strong>Lee Carsley ocupa el puesto de t\u00e9cnico interino, aunque podr\u00eda extender su mandato si Guardiola decide no aceptar el cargo.<\/strong> <\/p>\n<\/div>\n<div class=\"custom-text \" readability=\"43\">\n<p>\u00ab<strong>Me gustar\u00eda tener la experiencia de vivir un Mundial, una Eurocopa. Una Copa, una Copa Am\u00e9rica, lo que sea. Me gustar\u00eda vivir esto. No s\u00e9 cu\u00e1ndo, dentro de cinco, diez, 15 a\u00f1os, pero me gustar\u00eda jugar un Mundial como entrenador<\/strong>\u00ab, mencion\u00f3 el ex entrenador del Barcelona sobre la posibilidad de dirigir una selecci\u00f3n. \u00bfSer\u00e1 el momento en el que veremos a Guardiola en competencias de pa\u00edses?<\/p>\n<\/div>\n<div class=\"sc-e7b891c4-0 ifHnQL\"><img alt=\"Guardiola y el conjunto del City.\nReuters\/Lee Smith\" loading=\"lazy\" width=\"720\" height=\"100\" decoding=\"async\" data-nimg=\"1\" src=\"http:\/\/hoycordobaweb.com\/wp-content\/uploads\/2024\/10\/pep-guardiola-sobre-su-futuro-en-el-manchester-city-no-voy-a-hablar-de-ese-tema-2.jpg\"><span class=\"epigraphe\">Guardiola y el conjunto del City.<br \/>\nReuters\/Lee Smith<\/span><\/div>\n<p><h2><strong>El palmar\u00e9s del espa\u00f1ol como t\u00e9cnico<\/strong><\/h2>\n<\/p>\n<div class=\"custom-text \" readability=\"40\">\n<p>Guardiola asumi\u00f3 en el primer equipo del Barcelona en 2008 y desde all\u00ed gan\u00f3 una gran cantidad de t\u00edtulos: tres ligas locales, la misma cantidad de Supercopas y dos Copas del Rey a nivel local. En el plano internacional, por su parte, se despach\u00f3 con la Champions League, la Supercopa de Europa y el Mundial de Clubes con dos conquistas en cada una.<strong> Adem\u00e1s, en 2009 logr\u00f3 que el club cul\u00e9 sea el primero en ganar un sextete en toda la historia<\/strong>. <\/p>\n<\/div>\n<div class=\"custom-text \" readability=\"41\">\n<p><strong>En 2013, Guardiola se traslad\u00f3 a Alemania para asumir el mando del Bayern Munich<\/strong>. Durante su etapa en el gigante b\u00e1varo, conquist\u00f3 tres Bundesliga consecutivas, dos Supercopas de Alemania, una Supercopa de Europa y un Mundial de Clubes. Y, tras su \u00e9xito en el f\u00fatbol alem\u00e1n, en 2016 dio el salto a la Premier League para dirigir al Manchester City.<\/p>\n<\/div>\n<div class=\"custom-text \" readability=\"39\">\n<p><strong>En Manchester City conquist\u00f3 18 trofeos entre 2016 y 2024<\/strong>: seis Premiers League (cuatro seguidas), cuatro Copas de la Liga Inglesa, tres FA Cup y dos Communiy Shield son las estad\u00edsticas en las competencias nacionales. En cambio, en Europa conquist\u00f3 la primera Orejona de la historia del club, y a eso se sum\u00f3 la Supercopa y el Mundial de Clubes ante el Fluminense.<\/p>\n<\/div>\n<div class=\"sc-e7b891c4-0 ifHnQL\"><img alt=\"Guardiola con la Champions en City.\n(Photo by Oli SCARFF \/ AFP) \" loading=\"lazy\" width=\"720\" height=\"100\" decoding=\"async\" data-nimg=\"1\" src=\"http:\/\/hoycordobaweb.com\/wp-content\/uploads\/2024\/10\/pep-guardiola-sobre-su-futuro-en-el-manchester-city-no-voy-a-hablar-de-ese-tema-3.jpg\"><span class=\"epigraphe\">Guardiola con la Champions en City.<br \/>\n(Photo by Oli SCARFF \/ AFP) <\/span><\/div>\n<div class=\"sc-a7166897-0 eoLsBE\" readability=\"7\">\n<section readability=\"4\"><picture><img alt=\"Profunda reflexi\u00f3n de Ancelotti: &quot;Te puedes creer invencible, una derrota reconecta con la realidad\u0094\" loading=\"lazy\" width=\"290\" height=\"290\" decoding=\"async\" data-nimg=\"1\" src=\"http:\/\/hoycordobaweb.com\/wp-content\/uploads\/2024\/10\/pep-guardiola-sobre-su-futuro-en-el-manchester-city-no-voy-a-hablar-de-ese-tema-4.jpg\"><\/picture>\n<p><span>Mir\u00e1 tambi\u00e9n<\/span><\/p>\n<hr>\n<h3>Profunda reflexi\u00f3n de Ancelotti: \u00abTe puedes creer invencible, una derrota reconecta con la realidad\u0094<\/h3>\n<\/p>\n<\/section>\n<\/div>\n<div class=\"sc-a7166897-0 eoLsBE\" readability=\"6\">\n<section readability=\"2\"><picture><img alt=\"\u00bfBoca se muda a La Plata durante todo 2025 para ampliar la Bombonera?\" loading=\"lazy\" width=\"290\" height=\"290\" decoding=\"async\" data-nimg=\"1\" src=\"http:\/\/hoycordobaweb.com\/wp-content\/uploads\/2024\/10\/pep-guardiola-sobre-su-futuro-en-el-manchester-city-no-voy-a-hablar-de-ese-tema-5.jpg\"><\/picture>\n<p><span>Mir\u00e1 tambi\u00e9n<\/span><\/p>\n<hr>\n<h3>\u00bfBoca se muda a La Plata durante todo 2025 para ampliar la Bombonera?<\/h3>\n<\/p>\n<\/section>\n<\/div>\n<div class=\"sc-a7166897-0 eoLsBE\" readability=\"6\">\n<section readability=\"2\"><picture><img alt=\"El nuevo proyecto de Patrice Evra: &quot;el LinkedIn del f\u00fatbol&quot;\" loading=\"lazy\" width=\"290\" height=\"290\" decoding=\"async\" data-nimg=\"1\" src=\"http:\/\/hoycordobaweb.com\/wp-content\/uploads\/2024\/10\/pep-guardiola-sobre-su-futuro-en-el-manchester-city-no-voy-a-hablar-de-ese-tema-6.jpg\"><\/picture>\n<p><span>Mir\u00e1 tambi\u00e9n<\/span><\/p>\n<hr>\n<h3>El nuevo proyecto de Patrice Evra: \u00abel LinkedIn del f\u00fatbol\u00bb<\/h3>\n<\/p>\n<\/section>\n<\/div>\n<\/div>\n","protected":false},"excerpt":{"rendered":"<p>04\/10\/2024 10:49hs. Hace m\u00e1s de una d\u00e9cada Pep Guardiola volvi\u00f3 aparacer en el radar del mundo f\u00fatbol, pero en este caso como entrenador. Sus logros en Barcelona, Bayern Munich y Manchester City no son un secreto para nadie. Ahora, se encuentra al mando del club ingl\u00e9s, pero su contrato finalizar\u00e1 en junio del pr\u00f3ximo a\u00f1o [&hellip;]<\/p>\n","protected":false},"author":1,"featured_media":84446,"comment_status":"open","ping_status":"closed","sticky":false,"template":"","format":"standard","meta":[],"categories":[16],"tags":[],"_links":{"self":[{"href":"http:\/\/hoycordobaweb.com\/index.php\/wp-json\/wp\/v2\/posts\/84445"}],"collection":[{"href":"http:\/\/hoycordobaweb.com\/index.php\/wp-json\/wp\/v2\/posts"}],"about":[{"href":"http:\/\/hoycordobaweb.com\/index.php\/wp-json\/wp\/v2\/types\/post"}],"author":[{"embeddable":true,"href":"http:\/\/hoycordobaweb.com\/index.php\/wp-json\/wp\/v2\/users\/1"}],"replies":[{"embeddable":true,"href":"http:\/\/hoycordobaweb.com\/index.php\/wp-json\/wp\/v2\/comments?post=84445"}],"version-history":[{"count":0,"href":"http:\/\/hoycordobaweb.com\/index.php\/wp-json\/wp\/v2\/posts\/84445\/revisions"}],"wp:featuredmedia":[{"embeddable":true,"href":"http:\/\/hoycordobaweb.com\/index.php\/wp-json\/wp\/v2\/media\/84446"}],"wp:attachment":[{"href":"http:\/\/hoycordobaweb.com\/index.php\/wp-json\/wp\/v2\/media?parent=84445"}],"wp:term":[{"taxonomy":"category","embeddable":true,"href":"http:\/\/hoycordobaweb.com\/index.php\/wp-json\/wp\/v2\/categories?post=84445"},{"taxonomy":"post_tag","embeddable":true,"href":"http:\/\/hoycordobaweb.com\/index.php\/wp-json\/wp\/v2\/tags?post=84445"}],"curies":[{"name":"wp","href":"https:\/\/api.w.org\/{rel}","templated":true}]}}