{"id":84437,"date":"2024-10-04T14:44:21","date_gmt":"2024-10-04T14:44:21","guid":{"rendered":"https:\/\/www.ole.com.ar\/fuera-de-juego\/juan-cruz-kaprof-suena-river-rumania-gol-sevilla_0_ucKpcUOlgV.html"},"modified":"2024-10-04T14:44:21","modified_gmt":"2024-10-04T14:44:21","slug":"gano-la-libertadores-le-hizo-un-gol-epico-a-un-grande-de-espana-y-suena-con-volver-a-river","status":"publish","type":"post","link":"http:\/\/hoycordobaweb.com\/index.php\/2024\/10\/04\/gano-la-libertadores-le-hizo-un-gol-epico-a-un-grande-de-espana-y-suena-con-volver-a-river\/","title":{"rendered":"Gan\u00f3 la Libertadores, le hizo un gol \u00e9pico a un grande de Espa\u00f1a y sue\u00f1a con volver a River"},"content":{"rendered":"<p><img src=\"http:\/\/hoycordobaweb.com\/wp-content\/uploads\/2024\/10\/gano-la-libertadores-le-hizo-un-gol-epico-a-un-grande-de-espana-y-suena-con-volver-a-river.jpg\"><\/p>\n<p><time class=\"createDate\" datetime=\"2024-10-04T11:44:21-03:00\">04\/10\/2024 11:44hs.<\/time><\/p>\n<div id=\"storyBody\">\n<div class=\"custom-text \" readability=\"33.936210131332\">\n<p>Lleg\u00f3 a River con ocho a\u00f1os y debut\u00f3 de la mano de <strong><a href=\"https:\/\/www.ole.com.ar\/tema\/ramon-diaz.html\" title=\"Ram\u00f3n D\u00edaz\" alt=\"Ram\u00f3n D\u00edaz\" class=\"slug\">Ram\u00f3n D\u00edaz<\/a> <\/strong>en 2013 en una igualdad sin goles ante Godoy Cruz. Sali\u00f3 campe\u00f3n de la <strong><a href=\"https:\/\/www.ole.com.ar\/tema\/copa-sudamericana.html\" title=\"Copa Sudamericana\" alt=\"Copa Sudamericana\" class=\"slug\">Copa Sudamericana<\/a> 2014, la <a href=\"https:\/\/www.ole.com.ar\/tema\/copa-libertadores.html\" title=\"Copa Libertadores\" alt=\"Copa Libertadores\" class=\"slug\">Libertadores<\/a> 2015<\/strong> y le convirti\u00f3 un gol \u00e9pico al Sevilla en un partido en el Monumental por la Supercopa Euroamericana 2015. Luego, Marcelo Gallardo le comunic\u00f3 que no iba a ser tenido en cuenta y <strong><a href=\"https:\/\/www.ole.com.ar\/tema\/juan-cruz-kaprof.html\" title=\"Juan Cruz Kaprof\" alt=\"Juan Cruz Kaprof\" class=\"slug\">Juan Cruz Kaprof<\/a><\/strong> emigr\u00f3 hacia Europa para sumar minutos y confianza: \u00ab<strong>No me arrepiento de nada, pero obviamente uno se queda con espina a ver si se hubiese quedado<\/strong>\u00ab.<\/p>\n<\/div>\n<div class=\"custom-text \" readability=\"40\">\n<p>A pesar de jugar en diversos clubes del f\u00fatbol argentino y el ascenso del Viejo Continente, hoy se encuentra en Rumania. Sin embargo, sue\u00f1a con volver a vestir los colores rojo y blanco. \u00abHoy vivo el d\u00eda a d\u00eda. Tengo contrato hasta junio, pero en diciembre puede salir otra oportunidad. Todo depende de c\u00f3mo me vaya y si hago un buen torneo. <strong>Ojal\u00e1 en un futuro puede retornar a River. Todo depende de m\u00ed, pero me gustar\u00eda que se d\u00e9 la oportunidad de volver<\/strong>\u00ab, declar\u00f3.<\/p>\n<\/div>\n<div class=\"custom-text \" readability=\"32\">\n<p><strong>-\u00bfQu\u00e9 sentiste al formar parte de un plantel dirigido por Ram\u00f3n Diaz?<\/strong><\/p>\n<\/div>\n<div class=\"custom-text \" readability=\"39\">\n<p>-Yo soy hincha de River, y Ram\u00f3n D\u00edaz siendo delantero como yo, me generaba cierta expectativa. De su punto de vista siempre me ayud\u00f3 y me marc\u00f3 movimientos. \u00c9l ten\u00eda lo principal, y quer\u00eda tambi\u00e9n la uni\u00f3n del equipo. En su momento, River no ven\u00eda con campeonatos y pudimos lograr el Final 2014 despu\u00e9s de varios a\u00f1os.<\/p>\n<\/div>\n<div class=\"custom-text \" readability=\"32\">\n<p><strong>-\u00bfY con Marcelo Gallardo?<\/strong><\/p>\n<\/div>\n<div class=\"custom-text \" readability=\"38\">\n<p>-A Marcelo lo conoc\u00eda como jugador, pero no ten\u00eda mucha noci\u00f3n de lo que era como t\u00e9cnico. Era una prueba para River. A nosotros de entrada nos dio mucha motivaci\u00f3n y le dio un poquito m\u00e1s de lugar a los chicos de Reserva. Nos inculc\u00f3 la presi\u00f3n de los delanteros, la intenci\u00f3n a la hora de trabajar y a ra\u00edz de lo que se entrenase, que se traslade a la cancha. Y eso sucedi\u00f3. El equipo encontr\u00f3 r\u00e1pido esa motivaci\u00f3n que generaba y a partir de eso el plantel volaba en los partidos.<\/p>\n<\/div>\n<div class=\"custom-text \" readability=\"33\">\n<p><strong>-Si ten\u00e9s que remarcar de los dos, \u00bfcon qu\u00e9 te qued\u00e1s de cada uno?<\/strong><\/p>\n<\/div>\n<div class=\"custom-text \" readability=\"38\">\n<p>-De Ram\u00f3n lo que te generaba a nivel grupo, de la uni\u00f3n que quer\u00eda en un vestuario. Ese era el punto de \u00e9l. Que todos se queden en el vestuario y se traslade el compa\u00f1erismo. De Marcelo, en cambio, la manera de trabajar y la intensidad que ten\u00eda. Hac\u00eda que dentro de la cancha te comas a los rivales y generes una din\u00e1mica.<\/p>\n<\/div>\n<div class=\"custom-text \" readability=\"33\">\n<p><strong>-Le convertiste un gol al Sevilla en el Monumental, \u00bfqu\u00e9 recordas de ese partido?<\/strong><\/p>\n<\/div>\n<div class=\"custom-text \" readability=\"38\">\n<p>-Fue un partido rar\u00edsimo. Hoy me lo dec\u00eds y uno en ese momento no pensaba tanto. Yo estaba mentalizado en River. <strong>Por ah\u00ed miraba Europa, pero siempre tuve la cabeza ac\u00e1 y nunca en mi vida me imagin\u00e9 que mi primer gol iba a ser contra el Sevilla<\/strong>. En el partido se lesion\u00f3 Gabi Mercado y Solari que estaba jugando de ocho pas\u00f3 de cuatro. Fue ah\u00ed cuando Marcelo me dijo que vaya de ocho. Hab\u00eda tenido una clara y peg\u00f3 en en el palo.<strong> <\/strong>Despu\u00e9s, Rodri Mora me meti\u00f3 una bocha terrible que no tuve otra que tuve tirar el taco, y gracias a Dios se dio el gol. <strong>Uno siempre sue\u00f1a con que se d\u00e9 la oportunidad de volver a River y hacer otro gol en el Monumental<\/strong>.<\/p>\n<\/div>\n<div type=\"embed\" class=\"sc-3f46f5ae-0 djVTgz\">\n<div class=\"sc-3f46f5ae-1 fTjZec videoText\" id=\"contentTitleembedBYwud9PE\" type=\"embed\"><svg fill=\"#ffffff\"><symbol id=\"play\" viewBox=\"0 0 512 512\"><path d=\"M512 256C512 397.4 397.4 512 256 512C114.6 512 0 397.4 0 256C0 114.6 114.6 0 256 0C397.4 0 512 114.6 512 256zM176 168V344C176 352.7 180.7 360.7 188.3 364.9C195.8 369.2 205.1 369 212.5 364.5L356.5 276.5C363.6 272.1 368 264.4 368 256C368 247.6 363.6 239.9 356.5 235.5L212.5 147.5C205.1 142.1 195.8 142.8 188.3 147.1C180.7 151.3 176 159.3 176 168V168z\" \/><\/symbol><use xlink:href=\"#play\" \/><\/svg><\/p>\n<div class=\"right\">\n<p>gol<!-- --> &#8211;<!-- --> <span>&nbsp;<\/span><\/p>\n<h2 class=\"title-vid\"> Kaprof puso en ventaja a River<\/h2>\n<\/div>\n<\/div>\n<p><span class=\"back\" id=\"spanBackembedBYwud9PE\"><\/span><\/div>\n<p><h2><strong>De River a Francia: el paso de Kaprof por Europa<\/strong><\/h2>\n<\/p>\n<div class=\"custom-text \" readability=\"34\">\n<p>&#8211;<strong>Luego de tus inicios en River te fuiste a Francia a jugar al Metz, \u00bfqu\u00e9 te acord\u00e1s de tu paso por el club?<\/strong><\/p>\n<\/div>\n<div class=\"custom-text \" readability=\"40\">\n<p>-Metz es un club que la mayor\u00eda de los a\u00f1os estuvo en Primera Divisi\u00f3n. Justo cuando me toc\u00f3 la oportunidad de ir hab\u00eda descendido. Me fue bien porque pude sumar mucha experiencia, disput\u00e9 varios partidos y jugu\u00e9 en otra posici\u00f3n. Al principio me cost\u00f3 porque jugu\u00e9 m\u00e1s de volante, tipo de 8, y por suerte, aprend\u00ed a jugar en ese puesto. El objetivo era ascender y se pudo conseguir. As\u00ed que a nivel personal fue muy bueno, me sent\u00ed parte del ascenso y fue mi primer logro en primera.<\/p>\n<\/div>\n<div class=\"custom-text \" readability=\"33\">\n<p><strong>-Pasaste por Europa y volviste al pa\u00eds para jugar en Defensa y Justicia. \u00bfQu\u00e9 evoluci\u00f3n viste de ese Juan Cruz que dej\u00f3 River y volvi\u00f3 al f\u00fatbol local?<\/strong><\/p>\n<\/div>\n<div class=\"custom-text \" readability=\"37\">\n<p>-En ese momento me cost\u00f3 me cost\u00f3 entender, y reci\u00e9n cuando estuve en Atl\u00e9tico Tucum\u00e1n pude cambiar el chip: <strong>mi chip siempre fue volver a River<\/strong> e ir a un lugar para volver a River. Me cost\u00f3 crecer personalmente y no pod\u00eda disfrutar de otras cosas. <strong>Ese Kaprof en Defensa volvi\u00f3 con confianza. Me sent\u00ed c\u00f3modo desde el primer d\u00eda y ten\u00eda la experiencia del f\u00fatbol europeo<\/strong>. En ese momento el club no es lo que es hoy. Era un equipo que reci\u00e9n hab\u00eda subido a primera y hab\u00eda hecho seis meses buenos, pero no hab\u00eda logrado nada.<strong> Pude agarrar ritmo y a pesar de no convertir muchos goles me sirvi\u00f3 much\u00edsimo para crecer y para sentirme seguro<\/strong>.<\/p>\n<\/div>\n<div class=\"custom-text \" readability=\"34\">\n<p><strong>-Luego de un breve paso por el Halc\u00f3n y Atl\u00e9tico Tucum\u00e1n llegaste a Arsenal de la mano de Sergio Rondina, \u00bfqu\u00e9 balance haces de tu paso por Sarand\u00ed?<\/strong><\/p>\n<\/div>\n<div class=\"custom-text \" readability=\"38\">\n<p>-Cuando llegu\u00e9 a Arsenal ven\u00eda de una lesi\u00f3n de pubalgia y ese primer mes Rondina me llam\u00f3 y me dijo que me entrenase aparte, que confiaba en m\u00ed y que hab\u00eda visto mi paso por River en Inferiores. Jugu\u00e9 de media punta, que es la posici\u00f3n donde yo me siento c\u00f3modo y donde jugu\u00e9 siempre. <strong>En Arsenal fue donde mejor me sent\u00ed porque esa posici\u00f3n la conozco desde chico, me siento c\u00f3modo y con esa libertad de poder encarar. <\/strong>Gracias a Rondina encontr\u00e9 mi mejor versi\u00f3n porque me dio esa libertad a la hora de jugar. <strong>En cuanto a lo personal fue el mejor a\u00f1o y encontr\u00e9 esa estabilidad y confianza<\/strong>.<\/p>\n<\/div>\n<div class=\"sc-e7b891c4-0 ifHnQL\"><img alt=\"Kaprof con la camiseta de Arsenal de Sarand\u00ed. \" loading=\"lazy\" width=\"720\" height=\"100\" decoding=\"async\" data-nimg=\"1\" src=\"http:\/\/hoycordobaweb.com\/wp-content\/uploads\/2024\/10\/gano-la-libertadores-le-hizo-un-gol-epico-a-un-grande-de-espana-y-suena-con-volver-a-river-2.jpg\"><span class=\"epigraphe\">Kaprof con la camiseta de Arsenal de Sarand\u00ed. <\/span><\/div>\n<div class=\"custom-text \" readability=\"33\">\n<p><strong>-Volviste a hacer las valijas y desembarcaste en Italia \u00bfCu\u00e1les son tus recuerdos en el ascenso italiano?<\/strong><\/p>\n<\/div>\n<div class=\"custom-text \" readability=\"37\">\n<p>-Lo de de Italia fue algo muy raro porque en mi cabeza ten\u00eda ya pensado ir a Am\u00e9rica de Cali. Estuve a un d\u00eda de firmar en Colombia y se cay\u00f3 el pase porque mandaron un contrato que no hab\u00edamos arreglado. <strong>Yo busqu\u00e9 irme para all\u00e1 pensando en que a los seis meses estaba en Serie B o Serie A y me encontr\u00e9, por ah\u00ed, con otra realidad.<\/strong> Era un f\u00fatbol muy amateur en cuanto a vestuarios o canchas de sint\u00e9tico. Si tendr\u00eda que volver tiempo atr\u00e1s dir\u00eda que no porque me baj\u00f3 mucho el nivel y no encontraba algo que me motive. <strong>Fueron cuatro meses donde no lo disfrut\u00e9<\/strong>.<\/p>\n<\/div>\n<div class=\"custom-text \" readability=\"35\">\n<p><strong>-Estuviste en Liga de Quito, Central C\u00f3rdoba y Sarmiento. Sin embargo, ahora est\u00e1s en el Botosani de<\/strong> <strong>Rumania. \u00bfC\u00f3mo es la vida y el f\u00fatbol all\u00e1?<\/strong><\/p>\n<\/div>\n<div class=\"custom-text \" readability=\"46\">\n<p>-Ten\u00eda ganas de volver a Europa, y se dio la chance de Rumania. No ten\u00edamos idea con mi mujer, pero dijimos de ir a ver y probar. <strong>El club es humilde y abierto a darte muchas cosas a nivel contenci\u00f3n y ayuda<\/strong>. Te dan una mano en todo, y uno hace que solamente piense en lo deportivo. Las costumbres en cambio, son distintas. Se cena m\u00e1s temprano, no meriendan, la carne no se consigue como en Argentina. Sin embargo, el d\u00eda a d\u00eda uno lo hace parecido a Argentina. Con mi mujer tenemos la misma tradici\u00f3n, y cuando nos levantamos tomamos unos mates, al mediod\u00eda almorzamos, y a la tarde cuando ellos cenan, nosotros tomamos merendamos y cenamos a la nueve de la noche como siempre lo hicimos.<\/p>\n<\/div>\n<div class=\"sc-e7b891c4-0 ifHnQL\"><img alt=\"Kaprof con la camiseta del Botosani de Rumania.\" loading=\"lazy\" width=\"720\" height=\"100\" decoding=\"async\" data-nimg=\"1\" src=\"http:\/\/hoycordobaweb.com\/wp-content\/uploads\/2024\/10\/gano-la-libertadores-le-hizo-un-gol-epico-a-un-grande-de-espana-y-suena-con-volver-a-river-3.jpg\"><span class=\"epigraphe\">Kaprof con la camiseta del Botosani de Rumania.<\/span><\/div>\n<div class=\"custom-text \" readability=\"32\">\n<p><strong>-\u00bfSegu\u00eds a River a la distancia? \u00bfC\u00f3mo lo ves para la Copa?<\/strong><\/p>\n<\/div>\n<div class=\"custom-text \" readability=\"36\">\n<p>-Ac\u00e1 lo sigo siempre y trato de ver los partidos. Ahora con la vuelta de Gallardo lo veo con m\u00e1s confianza que cuando estaba Demichelis. En el torneo lamentablemente no viene bien, pero ojal\u00e1 que pueda levantar. <strong>En la Libertadores tengo mucha confianza y ojal\u00e1 que como todo hincha de River podamos salir campeones y festejar todos con Gallardo<\/strong>.<\/p>\n<\/div>\n<div class=\"sc-e7b891c4-0 ifHnQL\"><img alt=\"Kaprof (primero a la izquierda de Gallardo) en una pretemporada en River.\" loading=\"lazy\" width=\"720\" height=\"100\" decoding=\"async\" data-nimg=\"1\" src=\"http:\/\/hoycordobaweb.com\/wp-content\/uploads\/2024\/10\/gano-la-libertadores-le-hizo-un-gol-epico-a-un-grande-de-espana-y-suena-con-volver-a-river-4.jpg\"><span class=\"epigraphe\">Kaprof (primero a la izquierda de Gallardo) en una pretemporada en River.<\/span><\/div>\n<\/div>\n","protected":false},"excerpt":{"rendered":"<p>04\/10\/2024 11:44hs. Lleg\u00f3 a River con ocho a\u00f1os y debut\u00f3 de la mano de Ram\u00f3n D\u00edaz en 2013 en una igualdad sin goles ante Godoy Cruz. Sali\u00f3 campe\u00f3n de la Copa Sudamericana 2014, la Libertadores 2015 y le convirti\u00f3 un gol \u00e9pico al Sevilla en un partido en el Monumental por la Supercopa Euroamericana 2015. [&hellip;]<\/p>\n","protected":false},"author":1,"featured_media":84438,"comment_status":"open","ping_status":"closed","sticky":false,"template":"","format":"standard","meta":[],"categories":[16],"tags":[],"_links":{"self":[{"href":"http:\/\/hoycordobaweb.com\/index.php\/wp-json\/wp\/v2\/posts\/84437"}],"collection":[{"href":"http:\/\/hoycordobaweb.com\/index.php\/wp-json\/wp\/v2\/posts"}],"about":[{"href":"http:\/\/hoycordobaweb.com\/index.php\/wp-json\/wp\/v2\/types\/post"}],"author":[{"embeddable":true,"href":"http:\/\/hoycordobaweb.com\/index.php\/wp-json\/wp\/v2\/users\/1"}],"replies":[{"embeddable":true,"href":"http:\/\/hoycordobaweb.com\/index.php\/wp-json\/wp\/v2\/comments?post=84437"}],"version-history":[{"count":0,"href":"http:\/\/hoycordobaweb.com\/index.php\/wp-json\/wp\/v2\/posts\/84437\/revisions"}],"wp:featuredmedia":[{"embeddable":true,"href":"http:\/\/hoycordobaweb.com\/index.php\/wp-json\/wp\/v2\/media\/84438"}],"wp:attachment":[{"href":"http:\/\/hoycordobaweb.com\/index.php\/wp-json\/wp\/v2\/media?parent=84437"}],"wp:term":[{"taxonomy":"category","embeddable":true,"href":"http:\/\/hoycordobaweb.com\/index.php\/wp-json\/wp\/v2\/categories?post=84437"},{"taxonomy":"post_tag","embeddable":true,"href":"http:\/\/hoycordobaweb.com\/index.php\/wp-json\/wp\/v2\/tags?post=84437"}],"curies":[{"name":"wp","href":"https:\/\/api.w.org\/{rel}","templated":true}]}}