{"id":84347,"date":"2024-10-03T13:15:14","date_gmt":"2024-10-03T13:15:14","guid":{"rendered":"https:\/\/www.ole.com.ar\/futbol-internacional\/conmebol-congreso-fifa_0_h3bhtBocTU.html"},"modified":"2024-10-03T13:15:14","modified_gmt":"2024-10-03T13:15:14","slug":"la-conmebol-piso-fuerte-el-proximo-congreso-de-la-fifa-sera-de-local","status":"publish","type":"post","link":"http:\/\/hoycordobaweb.com\/index.php\/2024\/10\/03\/la-conmebol-piso-fuerte-el-proximo-congreso-de-la-fifa-sera-de-local\/","title":{"rendered":"La Conmebol pis\u00f3 fuerte: el pr\u00f3ximo Congreso de la FIFA ser\u00e1 de local"},"content":{"rendered":"<p><img src=\"http:\/\/hoycordobaweb.com\/wp-content\/uploads\/2024\/10\/la-conmebol-piso-fuerte-el-proximo-congreso-de-la-fifa-sera-de-local.jpg\"><\/p>\n<p><time class=\"createDate\" datetime=\"2024-10-03T10:15:14-03:00\">03\/10\/2024 10:15hs.<\/time><time class=\"modificatedDate\" datetime=\"2024-10-03T10:52:04-03:00\"> Actualizado al 03\/10\/2024 10:52hs.<\/time><\/p>\n<div id=\"storyBody\">\n<div class=\"custom-text \" readability=\"41.683001531394\">\n<p>Esta semana <strong>se est\u00e1 desarrollando en Zurich la reuni\u00f3n del Consejo de la FIFA<\/strong>, como se realiza mensualmente, con los presidentes de las asociaciones miembro y referentes. Y en ese marco, la Conmebol, de la mano de <strong><a href=\"https:\/\/www.ole.com.ar\/informacion-general\/martin-fierro-reconocimiento-conmebol_0_W5Ju40hk7C.html\" target=\"_self\" title=\"Alejandro Dom\u00ednguez\" alt=\"Alejandro Dom\u00ednguez\" rel=\"noopener noreferrer\">Alejandro Dom\u00ednguez<\/a><\/strong>, consigui\u00f3 que se le otorgue algo relevante para el futbol sudamericano. No porque haya partidos, sino por lo que significa para una de las organizaciones mas importantes del mundo en f\u00fatbol: <strong>en Sudam\u00e9rica, el 15 de mayo del a\u00f1o pr\u00f3ximo, se realizar\u00e1 el Congreso ordinario de la FIFA. <\/strong>\u00bfQu\u00e9 signfica? Que a la sede de la Conmebol en Luque asistir\u00e1n los representantes de las 211 federaciones internacionales.<\/p>\n<\/div>\n<div class=\"custom-text \" readability=\"39\">\n<p>A nivel asociaci\u00f3n, esto marca un hito para el futbol sudamericano: es la sexta vez que se realizar\u00e1 en Sudam\u00e9rica: 1950 en R\u00edo de Janeiro, 1962 en Santiago, 1978 en Buenos Aires, 2001 en Buenos Aires (extraordinario), 2014 en San Pablo y 2025 en Asunci\u00f3n.<\/p>\n<\/div>\n<div class=\"sc-e7b891c4-0 ifHnQL\"><img alt=\"Dom\u00ednguez con Gianni Infantino.\" loading=\"lazy\" width=\"720\" height=\"100\" decoding=\"async\" data-nimg=\"1\" src=\"http:\/\/hoycordobaweb.com\/wp-content\/uploads\/2024\/10\/la-conmebol-piso-fuerte-el-proximo-congreso-de-la-fifa-sera-de-local-2.jpg\"><span class=\"epigraphe\">Dom\u00ednguez con Gianni Infantino.<\/span><\/div>\n<p><h2><strong>El peso de la Conmebol en el mapa mundial<\/strong><\/h2>\n<\/p>\n<div class=\"custom-text \" readability=\"45\">\n<p><strong>Desde el 2016, Sudam\u00e9rica se ha convertido en un escenario recurrente de los grandes eventos del f\u00fatbol mundial,<\/strong> como la Copa Mundial de Futsal 2016 en Colombia; la Copa Mundial Sub 17 femenina 2018 en Uruguay; la Copa Mundial de F\u00fatbol Playa de la FIFA 2019 en Paraguay; la Copa Mundial Sub 17 de la FIFA 2019 en Brasil y la Copa Mundial Sub 20 de la FIFA 2023 en Argentina. Adem\u00e1s del reciente Mundial femenino Sub 20, que se llev\u00f3 a cabo este a\u00f1o en Colombia y, pr\u00f3ximamente, la Copa Mundial Sub 20 de la FIFA 2025 en Chile. Y, por primera vez, la Copa Mundial femenina tendr\u00e1 lugar en Brasil, en el 2027. Y la frutilla del postre: Argentina, Uruguay y Paraguay ser\u00e1n sede de partidos inaugurales del Mundial 2030, celebrando los 100 a\u00f1os de la primera disputa del torneo.<\/p>\n<\/div>\n<div class=\"sc-e7b891c4-0 ifHnQL\"><img alt=\"Dom\u00ednguez en el Congreso de la FIFA.\" loading=\"lazy\" width=\"720\" height=\"100\" decoding=\"async\" data-nimg=\"1\" src=\"http:\/\/hoycordobaweb.com\/wp-content\/uploads\/2024\/10\/la-conmebol-piso-fuerte-el-proximo-congreso-de-la-fifa-sera-de-local-3.jpg\"><span class=\"epigraphe\">Dom\u00ednguez en el Congreso de la FIFA.<\/span><\/div>\n<div class=\"custom-text \" readability=\"36\">\n<p><strong>\u201cMuchas gracias al presidente Gianni Infantino por la confianza. A seguir creyendo en grande\u201d<\/strong>, poste\u00f3 el presidente Dom\u00ednguez, con el futbol sudamericano pisando fuerte a nivel mundial y con Argentina como uno de sus grandes cartas.<\/p>\n<\/div>\n<div class=\"sc-a7166897-0 eoLsBE\" readability=\"6\">\n<section readability=\"2\"><picture><img alt=\"Mart\u00edn Fierro: reconocimiento a la Conmebol\" loading=\"lazy\" width=\"290\" height=\"290\" decoding=\"async\" data-nimg=\"1\" src=\"http:\/\/hoycordobaweb.com\/wp-content\/uploads\/2024\/10\/la-conmebol-piso-fuerte-el-proximo-congreso-de-la-fifa-sera-de-local-4.jpg\"><\/picture>\n<p><span>Mir\u00e1 tambi\u00e9n<\/span><\/p>\n<hr>\n<h3>Mart\u00edn Fierro: reconocimiento a la Conmebol<\/h3>\n<\/p>\n<\/section>\n<\/div>\n<div class=\"sc-a7166897-0 eoLsBE\" readability=\"6\">\n<section readability=\"2\"><picture><img alt=\"Cartas en la manga de AFA: FIFA y Conmebol\" loading=\"lazy\" width=\"290\" height=\"290\" decoding=\"async\" data-nimg=\"1\" src=\"http:\/\/hoycordobaweb.com\/wp-content\/uploads\/2024\/10\/la-conmebol-piso-fuerte-el-proximo-congreso-de-la-fifa-sera-de-local-5.jpg\"><\/picture>\n<p><span>Mir\u00e1 tambi\u00e9n<\/span><\/p>\n<hr>\n<h3>Cartas en la manga de AFA: FIFA y Conmebol<\/h3>\n<\/p>\n<\/section>\n<\/div>\n<\/div>\n","protected":false},"excerpt":{"rendered":"<p>03\/10\/2024 10:15hs. Actualizado al 03\/10\/2024 10:52hs. Esta semana se est\u00e1 desarrollando en Zurich la reuni\u00f3n del Consejo de la FIFA, como se realiza mensualmente, con los presidentes de las asociaciones miembro y referentes. Y en ese marco, la Conmebol, de la mano de Alejandro Dom\u00ednguez, consigui\u00f3 que se le otorgue algo relevante para el futbol [&hellip;]<\/p>\n","protected":false},"author":1,"featured_media":84348,"comment_status":"open","ping_status":"closed","sticky":false,"template":"","format":"standard","meta":[],"categories":[16],"tags":[],"_links":{"self":[{"href":"http:\/\/hoycordobaweb.com\/index.php\/wp-json\/wp\/v2\/posts\/84347"}],"collection":[{"href":"http:\/\/hoycordobaweb.com\/index.php\/wp-json\/wp\/v2\/posts"}],"about":[{"href":"http:\/\/hoycordobaweb.com\/index.php\/wp-json\/wp\/v2\/types\/post"}],"author":[{"embeddable":true,"href":"http:\/\/hoycordobaweb.com\/index.php\/wp-json\/wp\/v2\/users\/1"}],"replies":[{"embeddable":true,"href":"http:\/\/hoycordobaweb.com\/index.php\/wp-json\/wp\/v2\/comments?post=84347"}],"version-history":[{"count":0,"href":"http:\/\/hoycordobaweb.com\/index.php\/wp-json\/wp\/v2\/posts\/84347\/revisions"}],"wp:featuredmedia":[{"embeddable":true,"href":"http:\/\/hoycordobaweb.com\/index.php\/wp-json\/wp\/v2\/media\/84348"}],"wp:attachment":[{"href":"http:\/\/hoycordobaweb.com\/index.php\/wp-json\/wp\/v2\/media?parent=84347"}],"wp:term":[{"taxonomy":"category","embeddable":true,"href":"http:\/\/hoycordobaweb.com\/index.php\/wp-json\/wp\/v2\/categories?post=84347"},{"taxonomy":"post_tag","embeddable":true,"href":"http:\/\/hoycordobaweb.com\/index.php\/wp-json\/wp\/v2\/tags?post=84347"}],"curies":[{"name":"wp","href":"https:\/\/api.w.org\/{rel}","templated":true}]}}