{"id":84338,"date":"2024-10-03T11:35:59","date_gmt":"2024-10-03T11:35:59","guid":{"rendered":"https:\/\/ladecimaweb.com\/?p=29421"},"modified":"2024-10-03T11:35:59","modified_gmt":"2024-10-03T11:35:59","slug":"dos-naranjitas-detenidos-por-exigir-4000-a-conductores","status":"publish","type":"post","link":"http:\/\/hoycordobaweb.com\/index.php\/2024\/10\/03\/dos-naranjitas-detenidos-por-exigir-4000-a-conductores\/","title":{"rendered":"Dos naranjitas detenidos por exigir $ 4000 a conductores"},"content":{"rendered":"<div class=\"boldgrid-section\">\n<div class=\"container\">\n<div class=\"row\">\n<div class=\"col-md-12 col-xs-12 col-sm-12\">\n<p class=\"\">Fueron detenidos en <strong>B\u00ba Alberdi<\/strong> dos naranjitas de 19 y 25 a\u00f1os tras exigir a los automovilistas la suma de $4000 para el cuidado de veh\u00edculos en la v\u00eda p\u00fablica.<\/p>\n<p class=\"\">El procedimiento se llev\u00f3 a cabo en calle Dean Funes al 600, luego de que vecinos alertaran a las autoridades de dicha situaci\u00f3n.<\/p>\n<p class=\"\">All\u00ed, los cuidacoches fueron interceptados con el secuestro de dos bandoleras, quedando a disposici\u00f3n del magistrado interviniente por supuesta infracci\u00f3n al C.C.C.<\/p>\n<p>&nbsp;<\/p>\n<div class=\"ubm_banner\"><a href=\"https:\/\/desarrolloyempleo.cba.gov.ar\/\" target=\"_blank\" rel=\"dofollow noopener noreferrer\"><img src=\"http:\/\/hoycordobaweb.com\/wp-content\/uploads\/2024\/10\/dos-naranjitas-detenidos-por-exigir-4000-a-conductores.gif\" width=\"900\" alt=\"\"><\/a><\/div>\n<\/div>\n<\/div>\n<\/div>\n<\/div>\n<p>La entrada <a rel=\"nofollow\" href=\"https:\/\/ladecimaweb.com\/dos-naranjitas-detenidos-por-exigir-4000-a-conductores\/\">Dos naranjitas detenidos por exigir $ 4000 a conductores<\/a> se public\u00f3 primero en <a rel=\"nofollow\" href=\"https:\/\/ladecimaweb.com\">LaDecima<\/a>.<\/p>\n","protected":false},"excerpt":{"rendered":"<p>Fueron detenidos en B\u00ba Alberdi dos naranjitas de 19 y 25 a\u00f1os tras exigir a los automovilistas la suma de $4000 para el cuidado de veh\u00edculos en la v\u00eda p\u00fablica. El procedimiento se llev\u00f3 a cabo en calle Dean Funes al 600, luego de que vecinos alertaran a las autoridades de dicha situaci\u00f3n. All\u00ed, los [&hellip;]<\/p>\n","protected":false},"author":1,"featured_media":0,"comment_status":"closed","ping_status":"closed","sticky":false,"template":"","format":"standard","meta":[],"categories":[32],"tags":[],"_links":{"self":[{"href":"http:\/\/hoycordobaweb.com\/index.php\/wp-json\/wp\/v2\/posts\/84338"}],"collection":[{"href":"http:\/\/hoycordobaweb.com\/index.php\/wp-json\/wp\/v2\/posts"}],"about":[{"href":"http:\/\/hoycordobaweb.com\/index.php\/wp-json\/wp\/v2\/types\/post"}],"author":[{"embeddable":true,"href":"http:\/\/hoycordobaweb.com\/index.php\/wp-json\/wp\/v2\/users\/1"}],"replies":[{"embeddable":true,"href":"http:\/\/hoycordobaweb.com\/index.php\/wp-json\/wp\/v2\/comments?post=84338"}],"version-history":[{"count":0,"href":"http:\/\/hoycordobaweb.com\/index.php\/wp-json\/wp\/v2\/posts\/84338\/revisions"}],"wp:attachment":[{"href":"http:\/\/hoycordobaweb.com\/index.php\/wp-json\/wp\/v2\/media?parent=84338"}],"wp:term":[{"taxonomy":"category","embeddable":true,"href":"http:\/\/hoycordobaweb.com\/index.php\/wp-json\/wp\/v2\/categories?post=84338"},{"taxonomy":"post_tag","embeddable":true,"href":"http:\/\/hoycordobaweb.com\/index.php\/wp-json\/wp\/v2\/tags?post=84338"}],"curies":[{"name":"wp","href":"https:\/\/api.w.org\/{rel}","templated":true}]}}