{"id":84010,"date":"2024-09-30T09:26:19","date_gmt":"2024-09-30T09:26:19","guid":{"rendered":"https:\/\/www.mujerhoy.com\/moda\/no-te-pierdas\/reina-letizia-elegante-traje-lila-look-dos-piezas-favorecedor-radio-20240930105849-nt.html"},"modified":"2024-09-30T09:26:19","modified_gmt":"2024-09-30T09:26:19","slug":"la-reina-letizia-muy-elegante-repite-su-traje-lila-mas-favorecedor-en-la-presentacion-del-servicio-radio-nacional-para-todos","status":"publish","type":"post","link":"http:\/\/hoycordobaweb.com\/index.php\/2024\/09\/30\/la-reina-letizia-muy-elegante-repite-su-traje-lila-mas-favorecedor-en-la-presentacion-del-servicio-radio-nacional-para-todos\/","title":{"rendered":"La reina Letizia, muy elegante, repite su traje lila m\u00e1s favorecedor en la presentaci\u00f3n del servicio Radio Nacional para Todos"},"content":{"rendered":"<p><!-- AUTHOR --> <\/p>\n<div class=\"voc-author-timesocial \"> <!-- AUTHOR --> <\/p>\n<div class=\"voc-author-timesocial__signature \">\n<div class=\"voc-author-timesocial__img-c\"> <!-- IMAGE AUTHOR --> <picture class=\"voc-image-signature\"> <img class=\"voc-image-signature__img\" src=\"http:\/\/hoycordobaweb.com\/wp-content\/uploads\/2024\/09\/la-reina-letizia-muy-elegante-repite-su-traje-lila-mas-favorecedor-en-la-presentacion-del-servicio-radio-nacional-para-todos.jpg\" alt=\"Patricia Mart\u00edn\"> <\/picture> <\/div>\n<p> <!-- INFO AUTHOR --> <\/div><\/div>\n<p> <!-- COMPONENTS --> <\/p>\n<p class=\"voc-paragraph\" data-mrf-recirculation=\"Link art\u00edculo\">La <a data-voc-vtm-id=\"in-text-traffic\" href=\"https:\/\/www.mujerhoy.com\/temas\/personajes\/reina-dona-letizia.html\" data-mrf-link=\"https:\/\/www.mujerhoy.com\/temas\/personajes\/reina-dona-letizia.html\">reina Letizia<\/a> preside hoy un acto muy especial, la presentaci\u00f3n del servicio \u00abRadio Nacional para Todos\u00bb<br \/>\n<strong>, una iniciativa de RTVE<\/strong> y el Real Patronato sobre Discapacidad para hacer accesible la radio en directo a las personas sordas a trav\u00e9s de nuevos desarrollos tecnol\u00f3gicos, que incorporar\u00e1n subtitulado y m\u00e1s adelante avatares en lengua de signos.\n<\/p>\n<p class=\"voc-paragraph\" data-mrf-recirculation=\"Link art\u00edculo\">Un acto celebrado en la Casa de la Radio, coincidiendo con el centenario de la Radio, y que est\u00e1 especialmente ligado a la reina Letizia por su pasado period\u00edstico. Tras sorprender con<br \/>\n<a data-voc-vtm-id=\"in-text-traffic\" href=\"https:\/\/www.mujerhoy.com\/moda\/no-te-pierdas\/reina-letizia-vestido-rojo-gabardina-milan-dia-investigacion-cancer-milan-20240926125101-nt.html\" data-mrf-link=\"https:\/\/www.mujerhoy.com\/moda\/no-te-pierdas\/reina-letizia-vestido-rojo-gabardina-milan-dia-investigacion-cancer-milan-20240926125101-nt.html\"> su vestido rojo en Mil\u00e1n<\/a><br \/>\n, o <a data-voc-vtm-id=\"in-text-traffic\" href=\"https:\/\/www.mujerhoy.com\/moda\/no-te-pierdas\/reina-letizia-look-otono-cena-salida-sorpresa-reunion-rey-juan-carlos-princesa-leonor-20240928074501-nt.html\" data-mrf-link=\"https:\/\/www.mujerhoy.com\/moda\/no-te-pierdas\/reina-letizia-look-otono-cena-salida-sorpresa-reunion-rey-juan-carlos-princesa-leonor-20240928074501-nt.html\">su look con gabardina cenando por Galicia<\/a><br \/>\n, Letizia ha vuelto a confiar en su f\u00f3rmula favorita. un traje de chaqueta y pantal\u00f3n. <\/p>\n<p><h3 class=\"voc-detail__title\"> El look de Letizia, al detalle<br \/>\n<\/h3>\n<\/p>\n<p class=\"voc-paragraph\" data-mrf-recirculation=\"Link art\u00edculo\">La Reina ha vuelto ha repetido look con<br \/>\n<strong> uno de sus trajes favoritos:<\/strong> en color lila, muy elegante y favorecedor. Un dise\u00f1o que estren\u00f3 en 2021 cuando asisti\u00f3 un acto virtual con motivo del D\u00eda Mundial de la Investigaci\u00f3n Contra el C\u00e1ncer durante la pandemia. Tambi\u00e9n la vimos con \u00e9l este verano, en una cita celebrada en Boadilla del Monte.\n<\/p>\n<div class=\"voc-detail-photo-zoom\"> <picture data-toggle=\"modal\" data-target=\"#photoZoomModal-471\" target=\"modal\">\n<div class=\"voc-img-icon-link\"> <img loading=\"lazy\" src=\"http:\/\/hoycordobaweb.com\/wp-content\/uploads\/2024\/09\/la-reina-letizia-muy-elegante-repite-su-traje-lila-mas-favorecedor-en-la-presentacion-del-servicio-radio-nacional-para-todos.webp\" width=\"650\" height=\"900\" alt=\"La Reina Letizia en la presentaci\u00f3n del servicio \u00abRadio Nacional para Todos\u00bb (LIMITED PICTURES)\"> <noscript> <img src=\"http:\/\/hoycordobaweb.com\/wp-content\/uploads\/2024\/09\/la-reina-letizia-muy-elegante-repite-su-traje-lila-mas-favorecedor-en-la-presentacion-del-servicio-radio-nacional-para-todos.webp\" alt=\"La Reina Letizia en la presentaci\u00f3n del servicio \u00abRadio Nacional para Todos\u00bb (LIMITED PICTURES)\"> <\/noscript> <i class=\"voc-icons zoom voc-multimedia-box voc-ico-l\"><\/i> <\/div><figcaption class=\"figure-caption\">La Reina Letizia en la presentaci\u00f3n del servicio \u00abRadio Nacional para Todos\u00bb (LIMITED PICTURES)<\/figcaption><\/picture>\n<\/div>\n<div id=\"photoZoomModal-471\" class=\"voc-lightbox modal fade voc-lightbox--photo-zoom\" role=\"dialog\" data-voc-photozoom-lightbox>\n<div class=\"voc-lightbox__dialog\" role=\"document\">\n<div class=\"voc-lightbox__content\"> <!-- Modal header --> <!-- Modal content --> <\/p>\n<div class=\"voc-lightbox__photo-container\"> <picture class> <img loading=\"lazy\" src=\"http:\/\/hoycordobaweb.com\/wp-content\/uploads\/2024\/09\/la-reina-letizia-muy-elegante-repite-su-traje-lila-mas-favorecedor-en-la-presentacion-del-servicio-radio-nacional-para-todos.webp\" alt=\"La Reina Letizia en la presentaci\u00f3n del servicio \u00abRadio Nacional para Todos\u00bb (LIMITED PICTURES)\"> <noscript> <img src=\"http:\/\/hoycordobaweb.com\/wp-content\/uploads\/2024\/09\/la-reina-letizia-muy-elegante-repite-su-traje-lila-mas-favorecedor-en-la-presentacion-del-servicio-radio-nacional-para-todos.webp\" alt=\"La Reina Letizia en la presentaci\u00f3n del servicio \u00abRadio Nacional para Todos\u00bb (LIMITED PICTURES)\"> <\/noscript> <\/picture> <\/div><\/div><\/div>\n<\/div>\n<p class=\"voc-paragraph\" data-mrf-recirculation=\"Link art\u00edculo\">Se trata de un modelo de dos piezas que<br \/>\n<strong> firma Bleis,<\/strong> una de las firmas espa\u00f1olas que apuestan por la sastrer\u00eda femenina de calidad. La chaqueta, con solapa, bolsillos laterales y cierre mediante bot\u00f3n, es sofisticada y muy estilosa, y los pantalones, de traje, tiro alto y corte tobillero, son elegant\u00edsimos.\n<\/p>\n<p class=\"voc-paragraph\" data-mrf-recirculation=\"Link art\u00edculo\">Si este verano la vimos combinando el traje con unas zapatillas blancas debido a su lesi\u00f3n, esta vez ha elegido<br \/>\n<strong> unos kitten heels en color nude,<\/strong> acabados en punta. Completa el look, un bolso de mano tipo clutch, en el mismo tono que los zapatos, con detalle de pliegues y cierre mediante iman. <\/p>\n<p class=\"voc-paragraph\" data-mrf-recirculation=\"Link art\u00edculo\">Ning\u00fan estilismo est\u00e1 completo sin las joyas, y esta vez Letizia<br \/>\n<strong> apuesta por el minimalismo<\/strong> con unos pendientes con forma de aro triple, y un discreto anillo en el dedo anular. <\/p>\n<p class=\"voc-paragraph\" data-mrf-recirculation=\"Link art\u00edculo\">En el aspecto beauty, Letizia lleva <strong>un maquillaje de lo m\u00e1s natural,<\/strong> con unos ojos delineados en tonos ahumados, y mejillas y labios en un color rosa que ilumina y favorece mucho al rostro. El pelo, suelto, peinado con raya al lado, culmina un look impecable. <\/p>\n<p><h3 class=\"voc-detail__title\"> Primera experiencia mundial<br \/>\n<\/h3>\n<\/p>\n<p class=\"voc-paragraph\" data-mrf-recirculation=\"Link art\u00edculo\">&#8216;RNE para todos&#8217; se podr\u00e1 sintonizar en TDT por los usuarios que lo deseen y tambi\u00e9n ser\u00e1 accesible a trav\u00e9s de RTVE Play. El servicio se prestar\u00e1 con una cobertura inicial del 60% de la poblaci\u00f3n en TDT, si bien aumentar\u00e1 la cobertura para llegar a m\u00e1s del 99% a medio plazo<br \/>\n<strong>. La radio ser\u00e1 al fin accesible para las personas sordas<\/strong> mediante la incorporaci\u00f3n de subtitulaci\u00f3n acompa\u00f1ada de la imagen de estudio de Radio Nacional.\n<\/p>\n<p class=\"voc-paragraph\" data-mrf-recirculation=\"Link art\u00edculo\">RNE realiz\u00f3 la prueba piloto de este nuevo servicio el 13 de febrero de 2023, con motivo del d\u00eda mundial de la radio, con la colaboraci\u00f3n del Centro Espa\u00f1ol de Subtitulaci\u00f3n y Audiodescripci\u00f3n (CESyA). De lo aprendido de esta prueba piloto, que <strong>se consider\u00f3 un \u00e9xito,<\/strong> se ha depurado y mejorado la puesta en marcha del servicio que arrancar\u00e1 en pruebas el pr\u00f3ximo lunes. <\/p>\n<p> <!-- TOPICS --> <\/p>\n","protected":false},"excerpt":{"rendered":"<p>La reina Letizia preside hoy un acto muy especial, la presentaci\u00f3n del servicio \u00abRadio Nacional para Todos\u00bb , una iniciativa de RTVE y el Real Patronato sobre Discapacidad para hacer accesible la radio en directo a las personas sordas a trav\u00e9s de nuevos desarrollos tecnol\u00f3gicos, que incorporar\u00e1n subtitulado y m\u00e1s adelante avatares en lengua de [&hellip;]<\/p>\n","protected":false},"author":1,"featured_media":84011,"comment_status":"closed","ping_status":"closed","sticky":false,"template":"","format":"standard","meta":[],"categories":[],"tags":[],"_links":{"self":[{"href":"http:\/\/hoycordobaweb.com\/index.php\/wp-json\/wp\/v2\/posts\/84010"}],"collection":[{"href":"http:\/\/hoycordobaweb.com\/index.php\/wp-json\/wp\/v2\/posts"}],"about":[{"href":"http:\/\/hoycordobaweb.com\/index.php\/wp-json\/wp\/v2\/types\/post"}],"author":[{"embeddable":true,"href":"http:\/\/hoycordobaweb.com\/index.php\/wp-json\/wp\/v2\/users\/1"}],"replies":[{"embeddable":true,"href":"http:\/\/hoycordobaweb.com\/index.php\/wp-json\/wp\/v2\/comments?post=84010"}],"version-history":[{"count":0,"href":"http:\/\/hoycordobaweb.com\/index.php\/wp-json\/wp\/v2\/posts\/84010\/revisions"}],"wp:featuredmedia":[{"embeddable":true,"href":"http:\/\/hoycordobaweb.com\/index.php\/wp-json\/wp\/v2\/media\/84011"}],"wp:attachment":[{"href":"http:\/\/hoycordobaweb.com\/index.php\/wp-json\/wp\/v2\/media?parent=84010"}],"wp:term":[{"taxonomy":"category","embeddable":true,"href":"http:\/\/hoycordobaweb.com\/index.php\/wp-json\/wp\/v2\/categories?post=84010"},{"taxonomy":"post_tag","embeddable":true,"href":"http:\/\/hoycordobaweb.com\/index.php\/wp-json\/wp\/v2\/tags?post=84010"}],"curies":[{"name":"wp","href":"https:\/\/api.w.org\/{rel}","templated":true}]}}