{"id":83998,"date":"2024-09-29T13:32:34","date_gmt":"2024-09-29T13:32:34","guid":{"rendered":"https:\/\/www.ole.com.ar\/atletico-tucuman\/afa-reconocio-titulo-atletico-tucuman-decadas_0_TBKZZO8upu.html"},"modified":"2024-09-29T13:32:34","modified_gmt":"2024-09-29T13:32:34","slug":"la-afa-le-reconocio-un-titulo-a-atletico-tucuman-despues-de-mas-de-seis-decadas","status":"publish","type":"post","link":"http:\/\/hoycordobaweb.com\/index.php\/2024\/09\/29\/la-afa-le-reconocio-un-titulo-a-atletico-tucuman-despues-de-mas-de-seis-decadas\/","title":{"rendered":"La AFA le reconoci\u00f3 un t\u00edtulo a Atl\u00e9tico Tucum\u00e1n despu\u00e9s de m\u00e1s de seis d\u00e9cadas"},"content":{"rendered":"<p><img src=\"http:\/\/hoycordobaweb.com\/wp-content\/uploads\/2024\/09\/la-afa-le-reconocio-un-titulo-a-atletico-tucuman-despues-de-mas-de-seis-decadas.jpg\"><\/p>\n<p><time class=\"createDate\" datetime=\"2024-09-29T10:32:34-03:00\">29\/09\/2024 10:32hs.<\/time><\/p>\n<div id=\"storyBody\">\n<div class=\"custom-text \" readability=\"39\">\n<p>Las cosas parecen haberse acomodado para Atl\u00e9tico Tucum\u00e1n. Luego de que en abril quebrara una racha de 149 d\u00edas sin ganar un partido, el equipo de Facundo Sava logr\u00f3 acomodarse en la parte alta del torneo con 25 unidades, ocho menos que el l\u00edder, V\u00e9lez. Pero ahora, <strong>una noticia despert\u00f3 la sonrisa de los hinchas&#8230;<\/strong><\/p>\n<\/div>\n<div class=\"custom-text \" readability=\"39\">\n<p>A horas de visitar a Argentinos por la fecha 16 de la Liga Profesional, con el objetivo de seguir sumando y alej\u00e1ndose poco a poco de la oscuridad de la tabla anual (tiene 35 puntos, 13 m\u00e1s que Tigre, el que hoy estar\u00eda descendiendo), una buena lleg\u00f3 desde las oficinas de Viamonte 1366. \u00bfQu\u00e9 pas\u00f3? <strong>La AFA le reconoci\u00f3 un t\u00edtulo al Decano despu\u00e9s de m\u00e1s de seis d\u00e9cadas<\/strong>. Hist\u00f3rico.<\/p>\n<\/div>\n<div class=\"custom-text \" readability=\"36\">\n<p>A trav\u00e9s de una resoluci\u00f3n, que fue firmada por Claudio Tapia y difundida a trav\u00e9s de las redes sociales del equipo de Tucum\u00e1n, se confirm\u00f3 que la <strong>Copa Campeonato de Campeones de la Rep\u00fablica Argentina 1959-1960<\/strong>.es v\u00e1lida como t\u00edtulo oficial.<\/p>\n<\/div>\n<div class=\"custom-text \" readability=\"40\">\n<p>\u00abAtento surge de la documentaci\u00f3n aportada por el club y de nuestros registros,<strong> corresponde reconocer que el Club Atl\u00e9tico Tucum\u00e1n se consagr\u00f3 campe\u00f3n <\/strong>de la Copa Campeonato de Campeones de la Rep\u00fablica Argentina 1959-1960, organizada por la Asociaci\u00f3n del F\u00fatbol Argentino a trav\u00e9s del Consejo Federal\u00bb, comienza el escrito dirigido a Mario Leito, presidente del club, quien se mostr\u00f3 emocionado tras el fallo.<\/p>\n<\/div>\n<div class=\"custom-text \" readability=\"45\">\n<p>Eso no fue todo, sino que en esas l\u00edneas, el titular del ente que regula al f\u00fatbol nacional se explay\u00f3 sobre la decisi\u00f3n tomada. \u00abLa referida competici\u00f3n, no clasificatoria a una instancia superior, en la cual participaron los clubes campeones de cada provincia, fue precursora de los Campeonatos Nacionales de la cual participaron los clubes de Primera Divisi\u00f3n de la Asociaci\u00f3n del F\u00fatbol Argentino. En esta edici\u00f3n (1959-1960), sin embargo, <strong>no particip\u00f3 el campe\u00f3n de Primera Divisi\u00f3n de la Asociaci\u00f3n del F\u00fatbol Argentino<\/strong>, lo cual no obsta para que el lauro logrado por el Club Atl\u00e9tico Tucum\u00e1n sea equiparado a la obtenci\u00f3n de un Campeonato Nacional, considerado de Primera Divisi\u00f3n\u00bb, finaliz\u00f3.<\/p>\n<\/div>\n<div class=\"custom-text \" readability=\"40\">\n<p>De esta manera, el trofeo se convirti\u00f3 en la <strong>primera estrella bordada en el escudo de la instituci\u00f3n<\/strong>. Y, aunque se trate del \u00fanico de Primera Divisi\u00f3n, acompa\u00f1ar\u00e1 en las vitrinas a los obtenidos por su desempe\u00f1o en la Primera B Nacional (2008-09 y 2015), el Torneo Argentino A (Clausura 2004 y 2007-08), el Torneo del Interior (Zona NOA) de 1987 y el Torneo Regional (1975 y 1981).<\/p>\n<\/div>\n<div class=\"sc-e7b891c4-0 ifHnQL\"><img alt=\"El momento en el que el presidente Arturo de La Vega recibe el trofeo, en 1959. (Foto: @HistoriaTucuman)\" loading=\"lazy\" width=\"720\" height=\"100\" decoding=\"async\" data-nimg=\"1\" src=\"http:\/\/hoycordobaweb.com\/wp-content\/uploads\/2024\/09\/la-afa-le-reconocio-un-titulo-a-atletico-tucuman-despues-de-mas-de-seis-decadas-2.jpg\"><span class=\"epigraphe\">El momento en el que el presidente Arturo de La Vega recibe el trofeo, en 1959. (Foto: @HistoriaTucuman)<\/span><\/div>\n<p><h2><strong>La resoluci\u00f3n de la AFA que difundi\u00f3 Atl\u00e9tico Tucum\u00e1n<\/strong><\/h2>\n<\/p>\n<p><h2><strong>\u00bfC\u00f3mo gan\u00f3 su t\u00edtulo Atl\u00e9tico Tucum\u00e1n?<\/strong><\/h2>\n<\/p>\n<div class=\"custom-text \" readability=\"45\">\n<p>Una vez definidos los representantes de Buenos Aires y C\u00f3rdoba en una suerte de qualy inicial, por la ronda final del certamen, Atl\u00e9tico Tucum\u00e1n le gan\u00f3 los puntos a Gorriti de Jujuy en diciembre de 1959. Ya a comienzos de 1960, por la segunda fase eliminatoria (octavos), derrot\u00f3 4-3 a Los Andes de San Juan a partido \u00fanico; en cuartos, venci\u00f3 2-1 en Mendoza a Argentino en el Legrotaglie de Gimnaia y Esgrima; en semis, repiti\u00f3 el resultado en el Carminatti de Bah\u00eda Blanca frente a Sportivo Belgrano de San Francisco (C\u00f3rdoba) y, en el partido definitorio, <strong>disputado el 30 de enero en la cancha bonaerense <\/strong>de El Nacional de Tres Arroyos, le gan\u00f3 por penales (5-3) a El Quequ\u00e9n de Oriente, tras igualar 1-1.<\/p>\n<\/div>\n<div class=\"sc-e7b891c4-0 ifHnQL\"><img alt=\"El equipo que se consagr\u00f3 campe\u00f3n. (Foto: @HistoriaTucuman)\" loading=\"lazy\" width=\"720\" height=\"100\" decoding=\"async\" data-nimg=\"1\" src=\"http:\/\/hoycordobaweb.com\/wp-content\/uploads\/2024\/09\/la-afa-le-reconocio-un-titulo-a-atletico-tucuman-despues-de-mas-de-seis-decadas-3.jpg\"><span class=\"epigraphe\">El equipo que se consagr\u00f3 campe\u00f3n. (Foto: @HistoriaTucuman)<\/span><\/div>\n<div class=\"sc-a7166897-0 eoLsBE\" readability=\"6\">\n<section readability=\"2\"><picture><img alt=\"Un jugador termin\u00f3 detenido y otro debi\u00f3 ser trasladado de urgencia\" loading=\"lazy\" width=\"290\" height=\"290\" decoding=\"async\" data-nimg=\"1\" src=\"http:\/\/hoycordobaweb.com\/wp-content\/uploads\/2024\/09\/la-afa-le-reconocio-un-titulo-a-atletico-tucuman-despues-de-mas-de-seis-decadas-4.jpg\"><\/picture>\n<p><span>Mir\u00e1 tambi\u00e9n<\/span><\/p>\n<hr>\n<h3>Un jugador termin\u00f3 detenido y otro debi\u00f3 ser trasladado de urgencia<\/h3>\n<\/p>\n<\/section>\n<\/div>\n<div class=\"sc-a7166897-0 eoLsBE\" readability=\"6\">\n<section readability=\"2\"><picture><img alt=\"Confirmado: qui\u00e9n ser\u00e1 el t\u00e9cnico de Boca tras la salida de Mart\u00ednez\" loading=\"lazy\" width=\"290\" height=\"290\" decoding=\"async\" data-nimg=\"1\" src=\"http:\/\/hoycordobaweb.com\/wp-content\/uploads\/2024\/09\/la-afa-le-reconocio-un-titulo-a-atletico-tucuman-despues-de-mas-de-seis-decadas-5.jpg\"><\/picture>\n<p><span>Mir\u00e1 tambi\u00e9n<\/span><\/p>\n<hr>\n<h3>Confirmado: qui\u00e9n ser\u00e1 el t\u00e9cnico de Boca tras la salida de Mart\u00ednez<\/h3>\n<\/p>\n<\/section>\n<\/div>\n<div class=\"sc-a7166897-0 eoLsBE\" readability=\"6.5\">\n<section readability=\"3\"><picture><img alt=\"La frase que us\u00f3 Riquelme cuando le consultaron por la elecci\u00f3n del pr\u00f3ximo DT tras el interinato\" loading=\"lazy\" width=\"290\" height=\"290\" decoding=\"async\" data-nimg=\"1\" src=\"http:\/\/hoycordobaweb.com\/wp-content\/uploads\/2024\/09\/la-afa-le-reconocio-un-titulo-a-atletico-tucuman-despues-de-mas-de-seis-decadas-6.jpg\"><\/picture>\n<p><span>Mir\u00e1 tambi\u00e9n<\/span><\/p>\n<hr>\n<h3>La frase que us\u00f3 Riquelme cuando le consultaron por la elecci\u00f3n del pr\u00f3ximo DT tras el interinato<\/h3>\n<\/p>\n<\/section>\n<\/div>\n<\/div>\n","protected":false},"excerpt":{"rendered":"<p>29\/09\/2024 10:32hs. Las cosas parecen haberse acomodado para Atl\u00e9tico Tucum\u00e1n. Luego de que en abril quebrara una racha de 149 d\u00edas sin ganar un partido, el equipo de Facundo Sava logr\u00f3 acomodarse en la parte alta del torneo con 25 unidades, ocho menos que el l\u00edder, V\u00e9lez. Pero ahora, una noticia despert\u00f3 la sonrisa de [&hellip;]<\/p>\n","protected":false},"author":1,"featured_media":83999,"comment_status":"open","ping_status":"closed","sticky":false,"template":"","format":"standard","meta":[],"categories":[16],"tags":[],"_links":{"self":[{"href":"http:\/\/hoycordobaweb.com\/index.php\/wp-json\/wp\/v2\/posts\/83998"}],"collection":[{"href":"http:\/\/hoycordobaweb.com\/index.php\/wp-json\/wp\/v2\/posts"}],"about":[{"href":"http:\/\/hoycordobaweb.com\/index.php\/wp-json\/wp\/v2\/types\/post"}],"author":[{"embeddable":true,"href":"http:\/\/hoycordobaweb.com\/index.php\/wp-json\/wp\/v2\/users\/1"}],"replies":[{"embeddable":true,"href":"http:\/\/hoycordobaweb.com\/index.php\/wp-json\/wp\/v2\/comments?post=83998"}],"version-history":[{"count":0,"href":"http:\/\/hoycordobaweb.com\/index.php\/wp-json\/wp\/v2\/posts\/83998\/revisions"}],"wp:featuredmedia":[{"embeddable":true,"href":"http:\/\/hoycordobaweb.com\/index.php\/wp-json\/wp\/v2\/media\/83999"}],"wp:attachment":[{"href":"http:\/\/hoycordobaweb.com\/index.php\/wp-json\/wp\/v2\/media?parent=83998"}],"wp:term":[{"taxonomy":"category","embeddable":true,"href":"http:\/\/hoycordobaweb.com\/index.php\/wp-json\/wp\/v2\/categories?post=83998"},{"taxonomy":"post_tag","embeddable":true,"href":"http:\/\/hoycordobaweb.com\/index.php\/wp-json\/wp\/v2\/tags?post=83998"}],"curies":[{"name":"wp","href":"https:\/\/api.w.org\/{rel}","templated":true}]}}