{"id":83992,"date":"2024-09-29T14:14:57","date_gmt":"2024-09-29T14:14:57","guid":{"rendered":"https:\/\/www.ole.com.ar\/boca-juniors\/juan-roman-riquelme-dt-tecnico-entrenador-boca-renuncia-salida-diego-martinez_0_0ILsO5vukJ.html"},"modified":"2024-09-29T14:14:57","modified_gmt":"2024-09-29T14:14:57","slug":"opinion-riquelme-va-tener-que-entregar-el-vestuario-y-darselo-a-un-dt-de-jerarquia","status":"publish","type":"post","link":"http:\/\/hoycordobaweb.com\/index.php\/2024\/09\/29\/opinion-riquelme-va-tener-que-entregar-el-vestuario-y-darselo-a-un-dt-de-jerarquia\/","title":{"rendered":"Opini\u00f3n: Riquelme va tener que entregar el vestuario y d\u00e1rselo a un DT de jerarqu\u00eda"},"content":{"rendered":"<p><img src=\"http:\/\/hoycordobaweb.com\/wp-content\/uploads\/2024\/09\/opinion-riquelme-va-tener-que-entregar-el-vestuario-y-darselo-a-un-dt-de-jerarquia.jpg\"><\/p>\n<p><time class=\"createDate\" datetime=\"2024-09-29T11:14:57-03:00\">29\/09\/2024 11:14hs.<\/time><\/p>\n<div id=\"storyBody\">\n<div class=\"custom-text \" readability=\"42.652525252525\">\n<p>Rom\u00e1n no esper\u00f3, porque ya sab\u00eda el final de la pel\u00edcula. <strong>Apenas Franco Jara meti\u00f3 el gol tras el rebote en Brey, el presidente de <a href=\"https:\/\/www.ole.com.ar\/tema\/boca-juniors.html\" title=\"Boca Juniors\" alt=\"Boca Juniors\" class=\"slug\">Boca <\/a>se eyect\u00f3 de su silla y baj\u00f3 al vestuario: no ten\u00eda m\u00e1s nada que ver del desastre de la noche en Alberdi<\/strong>. La presencia de Riquelme en el centro de la escena es, antes que nada, un reconocimiento, <strong>consciente o inconsciente, de su propia responsabilidad en esta crisis, la m\u00e1s profunda desde que asumi\u00f3 su rol de dirigente, all\u00e1 por finales de 2019.<\/strong><\/p>\n<\/div>\n<div class=\"custom-text \" readability=\"39\">\n<p>La impericia del presidente en la elecci\u00f3n de los entrenadores, la administraci\u00f3n de la relaci\u00f3n con cada uno de ellos, su incapacidad para discernir su rol como dirigente e \u00eddolo m\u00e1ximo de la historia del club y la imposibilidad de resistir la tentaci\u00f3n de intervenir directamente sobre cuestiones del plantel (de la que el archivo es generoso en ejemplos),<strong> lo ponen en la obligaci\u00f3n de revisar sus actitudes a fondo, porque va a tener que cambiar si quiere que las cosas sean diferentes.<\/strong><\/p>\n<\/div>\n<div class=\"custom-text \" readability=\"38\">\n<p>\u00bfPor qu\u00e9 lo har\u00eda hoy cuando no lo hizo antes? Primero,<strong> por la sucesi\u00f3n de fracasos que, inexorablemente, ya afectan la evaluaci\u00f3n del medio y de la gente sobre su gesti\u00f3n<\/strong>, al punto que la cataforesis de su condici\u00f3n de \u00eddolo comienza a mostrar evidentes s\u00edntomas de agrietamiento. <\/p>\n<\/div>\n<div class=\"custom-text \" readability=\"36.027027027027\">\n<p><strong><a href=\"https:\/\/www.ole.com.ar\/tema\/miguel-angel-russo.html\" title=\"Miguel Angel Russo\" alt=\"Miguel Angel Russo\" class=\"slug\">Miguel Russo<\/a> con 60 partidos, <a href=\"https:\/\/www.ole.com.ar\/tema\/sebastian-battaglia.html\" title=\"Sebasti\u00e1n Battaglia\" alt=\"Sebasti\u00e1n Battaglia\" class=\"slug\">Sebasti\u00e1n Battaglia <\/a>con 55, <a href=\"https:\/\/www.ole.com.ar\/tema\/hugo-ibarra.html\" title=\"Hugo Ibarra\" alt=\"Hugo Ibarra\" class=\"slug\">Hugo Ibarra<\/a> con 36, <a href=\"https:\/\/www.ole.com.ar\/tema\/jorge-almiron.html\" title=\"Jorge Almir\u00f3n\" alt=\"Jorge Almir\u00f3n\" class=\"slug\">Jorge Almir\u00f3n<\/a> con 43 y <a href=\"https:\/\/www.ole.com.ar\/tema\/diego-martinez-dt.html\" title=\"Diego Mart\u00ednez DT\" alt=\"Diego Mart\u00ednez DT\" class=\"slug\">Diego Mart\u00ednez<\/a> con 45. <\/strong>Los entrenadores de la era Rom\u00e1n tienen un factor com\u00fan: ninguno pudo establecerse en el tiempo, generar un patr\u00f3n, un recorrido, escaparle a la urgencia del momento. De todos, <strong>Mart\u00ednez representa el elegido del Riquelme presidente, por lo que el peso del despiste lo afecta m\u00e1s a\u00fan que en los casos anteriores.<\/strong><\/p>\n<\/div>\n<div type=\"embed\" class=\"sc-3f46f5ae-0 djVTgz\">\n<div class=\"sc-3f46f5ae-1 fTjZec videoText\" id=\"contentTitleembed3VEaNEIq\" type=\"embed\"><svg fill=\"#ffffff\"><symbol id=\"play\" viewBox=\"0 0 512 512\"><path d=\"M512 256C512 397.4 397.4 512 256 512C114.6 512 0 397.4 0 256C0 114.6 114.6 0 256 0C397.4 0 512 114.6 512 256zM176 168V344C176 352.7 180.7 360.7 188.3 364.9C195.8 369.2 205.1 369 212.5 364.5L356.5 276.5C363.6 272.1 368 264.4 368 256C368 247.6 363.6 239.9 356.5 235.5L212.5 147.5C205.1 142.1 195.8 142.8 188.3 147.1C180.7 151.3 176 159.3 176 168V168z\" \/><\/symbol><use xlink:href=\"#play\" \/><\/svg><\/p>\n<div class=\"right\">\n<p>Diego Mart\u00ednez DT<!-- --> &#8211;<!-- --> <span>&nbsp;<\/span><\/p>\n<h2 class=\"title-vid\">Renunci\u00f3 Mart\u00ednez<\/h2>\n<\/div>\n<\/div>\n<p><span class=\"back\" id=\"spanBackembed3VEaNEIq\"><\/span><\/div>\n<div type=\"embed\" class=\"sc-3f46f5ae-0 djVTgz\">\n<div class=\"sc-3f46f5ae-1 fTjZec videoText\" id=\"contentTitleembedRqJ6B5lD\" type=\"embed\" readability=\"56\"><svg fill=\"#ffffff\"><symbol id=\"play\" viewBox=\"0 0 512 512\"><path d=\"M512 256C512 397.4 397.4 512 256 512C114.6 512 0 397.4 0 256C0 114.6 114.6 0 256 0C397.4 0 512 114.6 512 256zM176 168V344C176 352.7 180.7 360.7 188.3 364.9C195.8 369.2 205.1 369 212.5 364.5L356.5 276.5C363.6 272.1 368 264.4 368 256C368 247.6 363.6 239.9 356.5 235.5L212.5 147.5C205.1 142.1 195.8 142.8 188.3 147.1C180.7 151.3 176 159.3 176 168V168z\" \/><\/symbol><use xlink:href=\"#play\" \/><\/svg><\/p>\n<div class=\"right\" readability=\"7\">\n<p>Belgrano de C\u00f3rdoba<!-- --> &#8211;<!-- --> <span>&nbsp;<\/span><\/p>\n<h2 class=\"title-vid\">Belgrano le gan\u00f3 2-0 a Boca<\/h2>\n<\/div>\n<\/div>\n<p><span class=\"back\" id=\"spanBackembedRqJ6B5lD\"><\/span><\/div>\n<div class=\"custom-text \" readability=\"33.664536741214\">\n<p>Los s\u00edntomas no asoman alentadores: un Riquelme despreocupado, desconectado de la gravedad de la situaci\u00f3n, no contribuye al momento. <strong><a href=\"https:\/\/www.ole.com.ar\/boca-juniors\/juan-roman-riquelme-renuncia-diego-martinez-jugadores-boca-belgrano_0_fiR3rqbRZ8.html\" target=\"_self\" title=\"\u201cEs deporte\u201d, minimiz\u00f3 el presidente cuando se iba.\" alt=\"\u201cEs deporte\u201d, minimiz\u00f3 el presidente cuando se iba.\" rel=\"noopener noreferrer\">\u201cEs deporte\u201d, minimiz\u00f3 el presidente cuando se iba.<\/a><\/strong> Impermeable a la tormenta, <strong>no parece ser consciente de que, esta vez, la crisis lo pone a \u00e9l en el centro del hurac\u00e1n.<\/strong><\/p>\n<\/div>\n<div class=\"custom-text \" readability=\"50\">\n<p>Como nunca antes, es el mismo Rom\u00e1n el que necesita un paraguas, alguien que lo preserve, lo ubique m\u00e1s en su rol dirigencial, lo aleje del vestuario y lo acerque a un papel institucional, de conducci\u00f3n estrat\u00e9gica, fuera de la primera l\u00ednea de fuego. <strong>Riquelme, en otras palabras, debe entregar el vestuario, traer a un entrenador de jerarqu\u00eda, formado, y darle el control total, ceder la botonera por una vez, y dejar de traer t\u00e9cnicos novatos, de media cocci\u00f3n, que se arrebatan al primer fuego. As\u00ed le fue&#8230;<\/strong><\/p>\n<\/div>\n<p><h2><strong>QU\u00c9 DIJO RIQUELME TRAS LA SALIDA DE MART\u00cdNEZ<\/strong><\/h2>\n<\/p>\n<div class=\"custom-text \" readability=\"40\">\n<p><strong>\u00abHay que tomar las cosas con calma. Estamos, a ver c\u00f3mo lo podemos llamar, estamos dolidos, tristes porque queremos que el equipo compita.<\/strong> Lo m\u00e1s importante para m\u00ed es mandarle a los hinchas un abrazo grande, pedirles disculpas porque el equipo no est\u00e1 compitiendo. Tenemos que mirar para adelante, quedan muchos partidos. Ahora a pensar en Argentinos\u00bb.<\/p>\n<\/div>\n<div class=\"custom-text \" readability=\"37\">\n<p>\u00abQue miren de otra manera, que quieran trasladar algo diferente o que parece que estamos en una guerra, no; yo no lo vivo as\u00ed. <strong>Trato de ser claro y sincero, es un deporte y no estamos compitiendo. Entre todos vamos a salir de esto\u00bb.<\/strong><\/p>\n<\/div>\n<div class=\"custom-text \" readability=\"36\">\n<p>\u00abReci\u00e9n se acaba de ir el t\u00e9cnico. Ten\u00edamos la ilusi\u00f3n de hacerlo bien, de conseguir un triunfo, no se jug\u00f3 bien. Eso es lo que m\u00e1s duele.<strong> Por eso la disculpas al hincha. Debemos mirar para adentro y tragar saliva\u00bb.<\/strong><\/p>\n<\/div>\n<div type=\"embed\" class=\"sc-3f46f5ae-0 djVTgz\">\n<div class=\"sc-3f46f5ae-1 fTjZec videoText\" id=\"contentTitleembed5fXtt1MW\" type=\"embed\"><svg fill=\"#ffffff\"><symbol id=\"play\" viewBox=\"0 0 512 512\"><path d=\"M512 256C512 397.4 397.4 512 256 512C114.6 512 0 397.4 0 256C0 114.6 114.6 0 256 0C397.4 0 512 114.6 512 256zM176 168V344C176 352.7 180.7 360.7 188.3 364.9C195.8 369.2 205.1 369 212.5 364.5L356.5 276.5C363.6 272.1 368 264.4 368 256C368 247.6 363.6 239.9 356.5 235.5L212.5 147.5C205.1 142.1 195.8 142.8 188.3 147.1C180.7 151.3 176 159.3 176 168V168z\" \/><\/symbol><use xlink:href=\"#play\" \/><\/svg><\/p>\n<div class=\"right\">\n<p>Boca Juniors<!-- --> &#8211;<!-- --> <span>&nbsp;<\/span><\/p>\n<h2 class=\"title-vid\">Riquelme les mand\u00f3 un mensaje a los jugadores de Boca tras la renuncia de Mart\u00ednez.<\/h2>\n<\/div>\n<\/div>\n<p><span class=\"back\" id=\"spanBackembed5fXtt1MW\"><\/span><\/div>\n<div class=\"sc-a7166897-0 eoLsBE\" readability=\"6\">\n<section readability=\"2\"><picture><img alt=\"Confirmado: qui\u00e9n ser\u00e1 el t\u00e9cnico de Boca tras la salida de Mart\u00ednez\" loading=\"lazy\" width=\"290\" height=\"290\" decoding=\"async\" data-nimg=\"1\" src=\"http:\/\/hoycordobaweb.com\/wp-content\/uploads\/2024\/09\/opinion-riquelme-va-tener-que-entregar-el-vestuario-y-darselo-a-un-dt-de-jerarquia-2.jpg\"><\/picture>\n<p><span>Mir\u00e1 tambi\u00e9n<\/span><\/p>\n<hr>\n<h3>Confirmado: qui\u00e9n ser\u00e1 el t\u00e9cnico de Boca tras la salida de Mart\u00ednez<\/h3>\n<\/p>\n<\/section>\n<\/div>\n<div class=\"sc-a7166897-0 eoLsBE\" readability=\"6.5\">\n<section readability=\"3\"><picture><img alt=\"La frase que us\u00f3 Riquelme cuando le consultaron por la elecci\u00f3n del pr\u00f3ximo DT tras el interinato\" loading=\"lazy\" width=\"290\" height=\"290\" decoding=\"async\" data-nimg=\"1\" src=\"http:\/\/hoycordobaweb.com\/wp-content\/uploads\/2024\/09\/opinion-riquelme-va-tener-que-entregar-el-vestuario-y-darselo-a-un-dt-de-jerarquia-3.jpg\"><\/picture>\n<p><span>Mir\u00e1 tambi\u00e9n<\/span><\/p>\n<hr>\n<h3>La frase que us\u00f3 Riquelme cuando le consultaron por la elecci\u00f3n del pr\u00f3ximo DT tras el interinato<\/h3>\n<\/p>\n<\/section>\n<\/div>\n<div class=\"sc-a7166897-0 eoLsBE\" readability=\"6\">\n<section readability=\"2\"><picture><img alt=\"Cavani sobre Diego Mart\u00ednez: &quot;M\u00e1s all\u00e1 de que haya cosas...&quot;\" loading=\"lazy\" width=\"290\" height=\"290\" decoding=\"async\" data-nimg=\"1\" src=\"http:\/\/hoycordobaweb.com\/wp-content\/uploads\/2024\/09\/opinion-riquelme-va-tener-que-entregar-el-vestuario-y-darselo-a-un-dt-de-jerarquia-4.jpg\"><\/picture>\n<p><span>Mir\u00e1 tambi\u00e9n<\/span><\/p>\n<hr>\n<h3>Cavani sobre Diego Mart\u00ednez: \u00abM\u00e1s all\u00e1 de que haya cosas&#8230;\u00bb<\/h3>\n<\/p>\n<\/section>\n<\/div>\n<div class=\"sc-a7166897-0 eoLsBE\" readability=\"6\">\n<section readability=\"2\"><picture><img alt=\"El uno por uno de la dur\u00edsima derrota de Boca con Belgrano\" loading=\"lazy\" width=\"290\" height=\"290\" decoding=\"async\" data-nimg=\"1\" src=\"http:\/\/hoycordobaweb.com\/wp-content\/uploads\/2024\/09\/opinion-riquelme-va-tener-que-entregar-el-vestuario-y-darselo-a-un-dt-de-jerarquia-5.jpg\"><\/picture>\n<p><span>Mir\u00e1 tambi\u00e9n<\/span><\/p>\n<hr>\n<h3>El uno por uno de la dur\u00edsima derrota de Boca con Belgrano<\/h3>\n<\/p>\n<\/section>\n<\/div>\n<div class=\"sc-a7166897-0 eoLsBE\" readability=\"6.5\">\n<section readability=\"3\"><picture><img alt=\"Radiograf\u00eda del partido de Brey: as\u00ed reemplaz\u00f3 a Romero y salv\u00f3 a Boca de la goleada\" loading=\"lazy\" width=\"290\" height=\"290\" decoding=\"async\" data-nimg=\"1\" src=\"http:\/\/hoycordobaweb.com\/wp-content\/uploads\/2024\/09\/opinion-riquelme-va-tener-que-entregar-el-vestuario-y-darselo-a-un-dt-de-jerarquia-6.jpg\"><\/picture>\n<p><span>Mir\u00e1 tambi\u00e9n<\/span><\/p>\n<hr>\n<h3>Radiograf\u00eda del partido de Brey: as\u00ed reemplaz\u00f3 a Romero y salv\u00f3 a Boca de la goleada<\/h3>\n<\/p>\n<\/section>\n<\/div>\n<div class=\"sc-a7166897-0 eoLsBE\" readability=\"6\">\n<section readability=\"2\"><picture><img alt=\"El penal que reclam\u00f3 Boca por una mano de Jara\" loading=\"lazy\" width=\"290\" height=\"290\" decoding=\"async\" data-nimg=\"1\" src=\"http:\/\/hoycordobaweb.com\/wp-content\/uploads\/2024\/09\/opinion-riquelme-va-tener-que-entregar-el-vestuario-y-darselo-a-un-dt-de-jerarquia-7.jpg\"><\/picture>\n<p><span>Mir\u00e1 tambi\u00e9n<\/span><\/p>\n<hr>\n<h3>El penal que reclam\u00f3 Boca por una mano de Jara<\/h3>\n<\/p>\n<\/section>\n<\/div>\n<div class=\"sc-a7166897-0 eoLsBE\" readability=\"6\">\n<section readability=\"2\"><picture><img alt=\"Belgrano le dio otro duro golpe a Boca y se termin\u00f3 el ciclo Mart\u00ednez\" loading=\"lazy\" width=\"290\" height=\"290\" decoding=\"async\" data-nimg=\"1\" src=\"http:\/\/hoycordobaweb.com\/wp-content\/uploads\/2024\/09\/opinion-riquelme-va-tener-que-entregar-el-vestuario-y-darselo-a-un-dt-de-jerarquia-6.jpg\"><\/picture>\n<p><span>Mir\u00e1 tambi\u00e9n<\/span><\/p>\n<hr>\n<h3>Belgrano le dio otro duro golpe a Boca y se termin\u00f3 el ciclo Mart\u00ednez<\/h3>\n<\/p>\n<\/section>\n<\/div>\n<div class=\"sc-a7166897-0 eoLsBE\" readability=\"6.5\">\n<section readability=\"3\"><picture><img alt=\"Se fue Diego Mart\u00ednez: &quot;Present\u00e9 la renuncia, no vamos a continuar&quot;\" loading=\"lazy\" width=\"290\" height=\"290\" decoding=\"async\" data-nimg=\"1\" src=\"http:\/\/hoycordobaweb.com\/wp-content\/uploads\/2024\/09\/opinion-riquelme-va-tener-que-entregar-el-vestuario-y-darselo-a-un-dt-de-jerarquia-8.jpg\"><\/picture>\n<p><span>Mir\u00e1 tambi\u00e9n<\/span><\/p>\n<hr>\n<h3>Se fue Diego Mart\u00ednez: \u00abPresent\u00e9 la renuncia, no vamos a continuar\u00bb<\/h3>\n<\/p>\n<\/section>\n<\/div>\n<div class=\"sc-a7166897-0 eoLsBE\" readability=\"6\">\n<section readability=\"2\"><picture><img alt=\"Fin de ciclo: los n\u00fameros del Boca de Mart\u00ednez \" loading=\"lazy\" width=\"290\" height=\"290\" decoding=\"async\" data-nimg=\"1\" src=\"http:\/\/hoycordobaweb.com\/wp-content\/uploads\/2024\/09\/opinion-riquelme-va-tener-que-entregar-el-vestuario-y-darselo-a-un-dt-de-jerarquia-9.jpg\"><\/picture>\n<p><span>Mir\u00e1 tambi\u00e9n<\/span><\/p>\n<hr>\n<h3>Fin de ciclo: los n\u00fameros del Boca de Mart\u00ednez <\/h3>\n<\/p>\n<\/section>\n<\/div>\n<div class=\"sc-a7166897-0 eoLsBE\" readability=\"6.5\">\n<section readability=\"3\"><picture><img alt=\"Ciclo Riquelme: seis t\u00e9cnicos en Boca, adi\u00f3s en YPF y m\u00e1s\" loading=\"lazy\" width=\"290\" height=\"290\" decoding=\"async\" data-nimg=\"1\" src=\"http:\/\/hoycordobaweb.com\/wp-content\/uploads\/2024\/09\/opinion-riquelme-va-tener-que-entregar-el-vestuario-y-darselo-a-un-dt-de-jerarquia-10.jpg\"><\/picture>\n<p><span>Mir\u00e1 tambi\u00e9n<\/span><\/p>\n<hr>\n<h3>Ciclo Riquelme: seis t\u00e9cnicos en Boca, adi\u00f3s en YPF y m\u00e1s<\/h3>\n<\/p>\n<\/section>\n<\/div>\n<div class=\"sc-a7166897-0 eoLsBE\" readability=\"6\">\n<section readability=\"2\"><picture><img alt=\"Se confirmaron los estadios del S\u00faper Mundial de Clubes 2025\" loading=\"lazy\" width=\"290\" height=\"290\" decoding=\"async\" data-nimg=\"1\" src=\"http:\/\/hoycordobaweb.com\/wp-content\/uploads\/2024\/09\/opinion-riquelme-va-tener-que-entregar-el-vestuario-y-darselo-a-un-dt-de-jerarquia-11.jpg\"><\/picture>\n<p><span>Mir\u00e1 tambi\u00e9n<\/span><\/p>\n<hr>\n<h3>Se confirmaron los estadios del S\u00faper Mundial de Clubes 2025<\/h3>\n<\/p>\n<\/section>\n<\/div>\n<div class=\"sc-a7166897-0 eoLsBE\" readability=\"6.5\">\n<section readability=\"3\"><picture><img alt=\"\u00bfQui\u00e9n sucede a Mart\u00ednez? Posibles interinos hasta fin de a\u00f1o y los nombres para luego\" loading=\"lazy\" width=\"290\" height=\"290\" decoding=\"async\" data-nimg=\"1\" src=\"http:\/\/hoycordobaweb.com\/wp-content\/uploads\/2024\/09\/opinion-riquelme-va-tener-que-entregar-el-vestuario-y-darselo-a-un-dt-de-jerarquia-12.jpg\"><\/picture>\n<p><span>Mir\u00e1 tambi\u00e9n<\/span><\/p>\n<hr>\n<h3>\u00bfQui\u00e9n sucede a Mart\u00ednez? Posibles interinos hasta fin de a\u00f1o y los nombres para luego<\/h3>\n<\/p>\n<\/section>\n<\/div>\n<div class=\"sc-a7166897-0 eoLsBE\" readability=\"6\">\n<section readability=\"2\"><picture><img alt=\"El mensaje de Riquelme a los jugadores tras la renuncia de Mart\u00ednez: &quot;Tienen que...&quot;\" loading=\"lazy\" width=\"290\" height=\"290\" decoding=\"async\" data-nimg=\"1\" src=\"http:\/\/hoycordobaweb.com\/wp-content\/uploads\/2024\/09\/opinion-riquelme-va-tener-que-entregar-el-vestuario-y-darselo-a-un-dt-de-jerarquia-13.jpg\"><\/picture>\n<p><span>Mir\u00e1 tambi\u00e9n<\/span><\/p>\n<hr>\n<h3>El mensaje de Riquelme a los jugadores tras la renuncia de Mart\u00ednez: \u00abTienen que&#8230;\u00bb<\/h3>\n<\/p>\n<\/section>\n<\/div>\n<div class=\"sc-a7166897-0 eoLsBE\" readability=\"8\">\n<section readability=\"6\"><picture><img alt=\"Boca Juniors, de mal en peor: perdi\u00f3, renunci\u00f3 el DT, qui\u00e9nes suenan y la palabra de Riquelme\" loading=\"lazy\" width=\"290\" height=\"290\" decoding=\"async\" data-nimg=\"1\" src=\"http:\/\/hoycordobaweb.com\/wp-content\/uploads\/2024\/09\/opinion-riquelme-va-tener-que-entregar-el-vestuario-y-darselo-a-un-dt-de-jerarquia-14.jpg\"><\/picture>\n<p><span>Mir\u00e1 tambi\u00e9n<\/span><\/p>\n<hr>\n<h3>Boca Juniors, de mal en peor: perdi\u00f3, renunci\u00f3 el DT, qui\u00e9nes suenan y la palabra de Riquelme<\/h3>\n<\/p>\n<\/section>\n<\/div>\n<\/div>\n","protected":false},"excerpt":{"rendered":"<p>29\/09\/2024 11:14hs. Rom\u00e1n no esper\u00f3, porque ya sab\u00eda el final de la pel\u00edcula. Apenas Franco Jara meti\u00f3 el gol tras el rebote en Brey, el presidente de Boca se eyect\u00f3 de su silla y baj\u00f3 al vestuario: no ten\u00eda m\u00e1s nada que ver del desastre de la noche en Alberdi. La presencia de Riquelme en [&hellip;]<\/p>\n","protected":false},"author":1,"featured_media":83993,"comment_status":"open","ping_status":"closed","sticky":false,"template":"","format":"standard","meta":[],"categories":[16],"tags":[],"_links":{"self":[{"href":"http:\/\/hoycordobaweb.com\/index.php\/wp-json\/wp\/v2\/posts\/83992"}],"collection":[{"href":"http:\/\/hoycordobaweb.com\/index.php\/wp-json\/wp\/v2\/posts"}],"about":[{"href":"http:\/\/hoycordobaweb.com\/index.php\/wp-json\/wp\/v2\/types\/post"}],"author":[{"embeddable":true,"href":"http:\/\/hoycordobaweb.com\/index.php\/wp-json\/wp\/v2\/users\/1"}],"replies":[{"embeddable":true,"href":"http:\/\/hoycordobaweb.com\/index.php\/wp-json\/wp\/v2\/comments?post=83992"}],"version-history":[{"count":0,"href":"http:\/\/hoycordobaweb.com\/index.php\/wp-json\/wp\/v2\/posts\/83992\/revisions"}],"wp:featuredmedia":[{"embeddable":true,"href":"http:\/\/hoycordobaweb.com\/index.php\/wp-json\/wp\/v2\/media\/83993"}],"wp:attachment":[{"href":"http:\/\/hoycordobaweb.com\/index.php\/wp-json\/wp\/v2\/media?parent=83992"}],"wp:term":[{"taxonomy":"category","embeddable":true,"href":"http:\/\/hoycordobaweb.com\/index.php\/wp-json\/wp\/v2\/categories?post=83992"},{"taxonomy":"post_tag","embeddable":true,"href":"http:\/\/hoycordobaweb.com\/index.php\/wp-json\/wp\/v2\/tags?post=83992"}],"curies":[{"name":"wp","href":"https:\/\/api.w.org\/{rel}","templated":true}]}}