{"id":83930,"date":"2024-09-28T00:16:58","date_gmt":"2024-09-28T00:16:58","guid":{"rendered":"https:\/\/www.ole.com.ar\/messi\/buen-presagio-martino-estado-fisico-messi_0_4g1Vy1qAEb.html"},"modified":"2024-09-28T00:16:58","modified_gmt":"2024-09-28T00:16:58","slug":"el-buen-presagio-de-martino-sobre-messi-a-dos-semanas-de-las-eliminatorias","status":"publish","type":"post","link":"http:\/\/hoycordobaweb.com\/index.php\/2024\/09\/28\/el-buen-presagio-de-martino-sobre-messi-a-dos-semanas-de-las-eliminatorias\/","title":{"rendered":"El buen presagio de Martino sobre Messi, a dos semanas de las Eliminatorias"},"content":{"rendered":"<p><img src=\"http:\/\/hoycordobaweb.com\/wp-content\/uploads\/2024\/09\/el-buen-presagio-de-martino-sobre-messi-a-dos-semanas-de-las-eliminatorias.jpg\"><\/p>\n<p><time class=\"createDate\" datetime=\"2024-09-27T21:16:58-03:00\">27\/09\/2024 21:16hs.<\/time><\/p>\n<div id=\"storyBody\">\n<div class=\"custom-text \" readability=\"34.299107142857\">\n<p><a href=\"https:\/\/www.ole.com.ar\/tema\/lionel-messi.html\" title=\"Lionel Messi\" alt=\"Lionel Messi\" class=\"slug\">Lionel Messi<\/a> tuvo un regreso tremendo a las canchas tras su lesi\u00f3n en la final de la Copa Am\u00e9rica. Fue el s\u00e1bado 14 de septiembre,<strong> con dos goles y una asistencia en la victoria 3-1 del Inter Miami ante Philadelphia Union por la MLS.<\/strong> Y a pesar que no logr\u00f3 repetir tantos en los duelos ante Atlanta United (2-2) y New York FC (1-1), su entrenador, <a href=\"https:\/\/www.ole.com.ar\/tema\/gerardo-martino.html\" title=\"Gerardo Martino\" alt=\"Gerardo Martino\" class=\"slug\">Gerardo Martino<\/a>, <strong>brind\u00f3 un buen presagio justo a dos semanas de las <a href=\"https:\/\/www.ole.com.ar\/tema\/eliminatorias-sudamericanas.html\" title=\"Eliminatorias Sudamericanas\" alt=\"Eliminatorias Sudamericanas\" class=\"slug\">Eliminatorias Sudamericanas<\/a>.<\/strong><\/p>\n<\/div>\n<div class=\"custom-text \" readability=\"37\">\n<p>\u00abLeo se va a ir poniendo cada vez mejor conforme sume 90 minutos. <strong>Obviamente no necesita hacer trabajo f\u00edsico diferenciado en entrenamiento, sino necesita ritmo de competencia\u00bb, <\/strong>expres\u00f3 el Tata en rueda de prensa este viernes, en vistas del encuentro que el Inter Miami tendr\u00e1 frente a Charlotte.<\/p>\n<\/div>\n<div class=\"custom-text \" readability=\"39\">\n<p>En ese sentido, asegur\u00f3 que, por ejemplo, llegar\u00e1 muy bien a los Playoffs de la MLS, ya que tendr\u00e1 margen para recuperar el ritmo tanto en el Inter Miami como en la Selecci\u00f3n Argentina, <strong>donde se espera que sea convocado para la doble fecha de Eliminatorias en octubre.<\/strong><\/p>\n<\/div>\n<div class=\"custom-text \" readability=\"36\">\n<p>\u00abCada vez que sume 90 minutos <strong>me da la pauta que va a llegar muy bien a los Playoffs porque adem\u00e1s de los partidos con nosotros, tiene los partidos con la Selecci\u00f3n.<\/strong> Tenemos muchas esperanzas de que \u00e9l llegue en muy buena forma a los Playoffs\u00bb, agreg\u00f3.<\/p>\n<\/div>\n<div class=\"custom-text \" readability=\"39\">\n<p><strong>El Inter Miami jugar\u00e1 este s\u00e1bado desde las 20:30 (hora argentina) ante Charlotte FC, en el marco de la fecha 34 de la MLS.<\/strong> El equipo rosa lidera la tabla de la Conferencia Este de la MLS con 64 unidades y ya est\u00e1 clasificado a los Playoffs, que iniciar\u00e1n el s\u00e1bado 26 de octubre. Tambi\u00e9n, por la cantidad de puntos que ya tienen, <strong>consiguieron meterse a la Concachampions 2025<\/strong> (en la edici\u00f3n de este a\u00f1o fueron eliminados por Rayados de Monterrey en cuartos de final). <\/p>\n<\/div>\n<div class=\"sc-e7b891c4-0 ifHnQL\"><img alt=\"Messi junto a Busquets y Alba en una pr\u00e1ctica con el Inter Miami. (Foto: EFE)\" loading=\"lazy\" width=\"720\" height=\"100\" decoding=\"async\" data-nimg=\"1\" src=\"http:\/\/hoycordobaweb.com\/wp-content\/uploads\/2024\/09\/el-buen-presagio-de-martino-sobre-messi-a-dos-semanas-de-las-eliminatorias-2.jpg\"><span class=\"epigraphe\">Messi junto a Busquets y Alba en una pr\u00e1ctica con el Inter Miami. (Foto: EFE)<\/span><\/div>\n<div type=\"embed\" class=\"sc-3f46f5ae-0 djVTgz\">\n<div class=\"sc-3f46f5ae-1 fTjZec videoText\" id=\"contentTitleembedK7XC7XIX\" type=\"embed\"><svg fill=\"#ffffff\"><symbol id=\"play\" viewBox=\"0 0 512 512\"><path d=\"M512 256C512 397.4 397.4 512 256 512C114.6 512 0 397.4 0 256C0 114.6 114.6 0 256 0C397.4 0 512 114.6 512 256zM176 168V344C176 352.7 180.7 360.7 188.3 364.9C195.8 369.2 205.1 369 212.5 364.5L356.5 276.5C363.6 272.1 368 264.4 368 256C368 247.6 363.6 239.9 356.5 235.5L212.5 147.5C205.1 142.1 195.8 142.8 188.3 147.1C180.7 151.3 176 159.3 176 168V168z\" \/><\/symbol><use xlink:href=\"#play\" \/><\/svg><\/p>\n<div class=\"right\">\n<p>Inter Miami<!-- --> &#8211;<!-- --> <span>&nbsp;<\/span><\/p>\n<h2 class=\"title-vid\">Tata Martino habl\u00f3 del estado f\u00edsico de Messi<\/h2>\n<\/div>\n<\/div>\n<p><span class=\"back\" id=\"spanBackembedK7XC7XIX\"><\/span><\/div>\n<p><h2><strong>\u00bfCu\u00e1ndo vuelve Messi a la Selecci\u00f3n?<\/strong><\/h2>\n<\/p>\n<div class=\"custom-text \" readability=\"39\">\n<p><strong>\u00abEsperemos que empiece a jugar y cuando tengamos que dar la pr\u00f3xima lista, nos comunicaremos como hacemos con todos. Reci\u00e9n ah\u00ed veremos si est\u00e1 en condiciones de volver\u00bb,<\/strong> hab\u00eda dicho Lionel Scaloni en la \u00faltima doble fecha y, de no mediar un imprevisto, Messi volver\u00e1 a ser convocado tras su ausencia por la lesi\u00f3n el tobillo derecho que lo tuvo alejado de las canchas durante poco m\u00e1s de dos meses<\/p>\n<\/div>\n<div class=\"custom-text \" readability=\"38\">\n<p>De hecho, el cuerpo t\u00e9cnico de la Selecci\u00f3n decidi\u00f3 que la Argentina no har\u00e1 base en el predio de AFA en Ezeiza, sino que esperar\u00e1n a los players en Miami, para armar su b\u00fanker en el predio del equipo de Leo, como pas\u00f3 en la Copa Am\u00e9rica.<\/p>\n<\/div>\n<div class=\"custom-text \" readability=\"36\">\n<p>La Selecci\u00f3n se preparar\u00e1 en la casa de Messi en los d\u00edas previos al choque ante la Venezuela del Bocha Batista, que har\u00e1 de local en Matur\u00edn (a 2500 kil\u00f3metros y tres horas de avi\u00f3n de la ciudad norteamericana) el jueves 10 de octubre a las 18:00 (hora argentina). Toda una se\u00f1al de que el 10 estar\u00e1 de vuelta.<\/p>\n<\/div>\n<div class=\"custom-text \" readability=\"36\">\n<p>Tras el partido con el seleccionado de Batista, la delegaci\u00f3n argentina s\u00ed se trasladar\u00e1 a Buenos Aires para recuperarse y afrontar el siguiente partido, que ser\u00e1 frente a Bolivia el martes 15 a las 21:00.<\/p>\n<\/div>\n<div type=\"embed\" class=\"sc-3f46f5ae-0 djVTgz\">\n<div class=\"sc-3f46f5ae-1 fTjZec videoText\" id=\"contentTitleembedM4OsN6Nn\" type=\"embed\"><svg fill=\"#ffffff\"><symbol id=\"play\" viewBox=\"0 0 512 512\"><path d=\"M512 256C512 397.4 397.4 512 256 512C114.6 512 0 397.4 0 256C0 114.6 114.6 0 256 0C397.4 0 512 114.6 512 256zM176 168V344C176 352.7 180.7 360.7 188.3 364.9C195.8 369.2 205.1 369 212.5 364.5L356.5 276.5C363.6 272.1 368 264.4 368 256C368 247.6 363.6 239.9 356.5 235.5L212.5 147.5C205.1 142.1 195.8 142.8 188.3 147.1C180.7 151.3 176 159.3 176 168V168z\" \/><\/symbol><use xlink:href=\"#play\" \/><\/svg><\/p>\n<div class=\"right\">\n<p>Lionel Messi<!-- --> &#8211;<!-- --> <span>&nbsp;<\/span><\/p>\n<h2 class=\"title-vid\">El partido de Messi: ovaciones, goles y show en Inter Miami<\/h2>\n<\/div>\n<\/div>\n<p><span class=\"back\" id=\"spanBackembedM4OsN6Nn\"><\/span><\/div>\n<div class=\"sc-a7166897-0 eoLsBE\" readability=\"6\">\n<section readability=\"2\"><picture><img alt=\"Nuevo mural de Messi en Rosario: conoc\u00e9 la historia y el lugar\" loading=\"lazy\" width=\"290\" height=\"290\" decoding=\"async\" data-nimg=\"1\" src=\"http:\/\/hoycordobaweb.com\/wp-content\/uploads\/2024\/09\/el-buen-presagio-de-martino-sobre-messi-a-dos-semanas-de-las-eliminatorias-3.jpg\"><\/picture>\n<p><span>Mir\u00e1 tambi\u00e9n<\/span><\/p>\n<hr>\n<h3>Nuevo mural de Messi en Rosario: conoc\u00e9 la historia y el lugar<\/h3>\n<\/p>\n<\/section>\n<\/div>\n<div class=\"sc-a7166897-0 eoLsBE\" readability=\"6\">\n<section readability=\"2\"><picture><img alt=\"Efecto Messi: la marcada diferencia de precios para ver a la Selecci\u00f3n en Paraguay\" loading=\"lazy\" width=\"290\" height=\"290\" decoding=\"async\" data-nimg=\"1\" src=\"http:\/\/hoycordobaweb.com\/wp-content\/uploads\/2024\/09\/el-buen-presagio-de-martino-sobre-messi-a-dos-semanas-de-las-eliminatorias-4.jpg\"><\/picture>\n<p><span>Mir\u00e1 tambi\u00e9n<\/span><\/p>\n<hr>\n<h3>Efecto Messi: la marcada diferencia de precios para ver a la Selecci\u00f3n en Paraguay<\/h3>\n<\/p>\n<\/section>\n<\/div>\n<div class=\"sc-a7166897-0 eoLsBE\" readability=\"6.5\">\n<section readability=\"3\"><picture><img alt=\"La revelaci\u00f3n de un integrante de la Selecci\u00f3n Argentina en Rusia 2018: &quot;Pasaron cosas raras&quot;\" loading=\"lazy\" width=\"290\" height=\"290\" decoding=\"async\" data-nimg=\"1\" src=\"http:\/\/hoycordobaweb.com\/wp-content\/uploads\/2024\/09\/el-buen-presagio-de-martino-sobre-messi-a-dos-semanas-de-las-eliminatorias-5.jpg\"><\/picture>\n<p><span>Mir\u00e1 tambi\u00e9n<\/span><\/p>\n<hr>\n<h3>La revelaci\u00f3n de un integrante de la Selecci\u00f3n Argentina en Rusia 2018: \u00abPasaron cosas raras\u00bb<\/h3>\n<\/p>\n<\/section>\n<\/div>\n<\/div>\n","protected":false},"excerpt":{"rendered":"<p>27\/09\/2024 21:16hs. Lionel Messi tuvo un regreso tremendo a las canchas tras su lesi\u00f3n en la final de la Copa Am\u00e9rica. Fue el s\u00e1bado 14 de septiembre, con dos goles y una asistencia en la victoria 3-1 del Inter Miami ante Philadelphia Union por la MLS. Y a pesar que no logr\u00f3 repetir tantos en [&hellip;]<\/p>\n","protected":false},"author":1,"featured_media":83931,"comment_status":"open","ping_status":"closed","sticky":false,"template":"","format":"standard","meta":[],"categories":[16],"tags":[],"_links":{"self":[{"href":"http:\/\/hoycordobaweb.com\/index.php\/wp-json\/wp\/v2\/posts\/83930"}],"collection":[{"href":"http:\/\/hoycordobaweb.com\/index.php\/wp-json\/wp\/v2\/posts"}],"about":[{"href":"http:\/\/hoycordobaweb.com\/index.php\/wp-json\/wp\/v2\/types\/post"}],"author":[{"embeddable":true,"href":"http:\/\/hoycordobaweb.com\/index.php\/wp-json\/wp\/v2\/users\/1"}],"replies":[{"embeddable":true,"href":"http:\/\/hoycordobaweb.com\/index.php\/wp-json\/wp\/v2\/comments?post=83930"}],"version-history":[{"count":0,"href":"http:\/\/hoycordobaweb.com\/index.php\/wp-json\/wp\/v2\/posts\/83930\/revisions"}],"wp:featuredmedia":[{"embeddable":true,"href":"http:\/\/hoycordobaweb.com\/index.php\/wp-json\/wp\/v2\/media\/83931"}],"wp:attachment":[{"href":"http:\/\/hoycordobaweb.com\/index.php\/wp-json\/wp\/v2\/media?parent=83930"}],"wp:term":[{"taxonomy":"category","embeddable":true,"href":"http:\/\/hoycordobaweb.com\/index.php\/wp-json\/wp\/v2\/categories?post=83930"},{"taxonomy":"post_tag","embeddable":true,"href":"http:\/\/hoycordobaweb.com\/index.php\/wp-json\/wp\/v2\/tags?post=83930"}],"curies":[{"name":"wp","href":"https:\/\/api.w.org\/{rel}","templated":true}]}}