{"id":83922,"date":"2024-09-28T13:27:36","date_gmt":"2024-09-28T13:27:36","guid":{"rendered":"https:\/\/www.ole.com.ar\/river-plate\/dia-internacional-hincha-river-plate-saludo-marcelo-gallardo_0_TEaJs8EPSO.html"},"modified":"2024-09-28T13:27:36","modified_gmt":"2024-09-28T13:27:36","slug":"video-el-saludo-de-gallardo-por-el-dia-internacional-del-hincha-de-river","status":"publish","type":"post","link":"http:\/\/hoycordobaweb.com\/index.php\/2024\/09\/28\/video-el-saludo-de-gallardo-por-el-dia-internacional-del-hincha-de-river\/","title":{"rendered":"Video: el saludo de Gallardo por el D\u00eda Internacional del Hincha de River"},"content":{"rendered":"<p><img src=\"http:\/\/hoycordobaweb.com\/wp-content\/uploads\/2024\/09\/video-el-saludo-de-gallardo-por-el-dia-internacional-del-hincha-de-river.jpg\"><\/p>\n<p><time class=\"createDate\" datetime=\"2024-09-28T10:27:36-03:00\">28\/09\/2024 10:27hs.<\/time><time class=\"modificatedDate\" datetime=\"2024-09-28T11:11:05-03:00\"> Actualizado al 28\/09\/2024 11:11hs.<\/time><\/p>\n<div id=\"storyBody\">\n<div class=\"custom-text \" readability=\"39.071559633028\">\n<p>En <strong><a href=\"https:\/\/www.ole.com.ar\/tema\/river-plate.html\" title=\"River Plate\" alt=\"River Plate\" class=\"slug\">River<\/a><\/strong> no paran de festejar. Despu\u00e9s de la \u00absemana m\u00e1gica\u00bb que incluy\u00f3 el triunfazo ante Boca en la Bombonera y la clasificaci\u00f3n a semifinales de la <strong><a href=\"https:\/\/www.ole.com.ar\/tema\/copa-libertadores.html\" title=\"Copa Libertadores\" alt=\"Copa Libertadores\" class=\"slug\">Copa Libertadores<\/a><\/strong>,<strong> <\/strong>los hinchas disfrutan de una jornada muy especial, propia y \u00fanica. Desde 2003, <strong>en conmemoraci\u00f3n del nacimiento del m\u00edtico \u00c1ngel Labruna (1918)<\/strong>, \u00eddolo fundacional de la historia del club, cada 28 de septiembre se celebra el D\u00eda Internacional del Hincha. Y claro, entre tantos mensajes, el saludo de <strong><a href=\"https:\/\/www.ole.com.ar\/tema\/marcelo-gallardo.html\" title=\"Marcelo Gallardo\" alt=\"Marcelo Gallardo\" class=\"slug\">Marcelo Gallardo<\/a><\/strong> en el video que public\u00f3 el club no pod\u00eda faltar.<\/p>\n<\/div>\n<div class=\"custom-text \" readability=\"41\">\n<p><strong>\u00abFeliz d\u00eda a todos los hinchas de River. Yo estoy desde ac\u00e1\u00bb<\/strong>, expres\u00f3 el Mu\u00f1eco, toc\u00e1ndose el escudo. Adem\u00e1s, en un clip que incluye im\u00e1genes hist\u00f3ricas del Monumental y el orgullo de los fan\u00e1ticos, se sumaron al festejo otros apellidos importantes de la historia del CARP como el <strong>Beto Alonso, el Chori Dom\u00ednguez y Lucas Mart\u00ednez Quarta<\/strong>, saludo que incluy\u00f3 tambi\u00e9n el de su hijo Bauti.<\/p>\n<\/div>\n<div class=\"custom-text \" readability=\"43\">\n<p>En una jornada festiva en N\u00fa\u00f1ez, en la antesala del choque de este domingo ante Talleres, <strong>el club tambi\u00e9n incluy\u00f3 para Labruna, con la leyenda \u00abAngelito es de River\u00bb y el s\u00edmbolo de infinito.<\/strong> Y justamente una semana despu\u00e9s del 1-0 a Boca, se mantiene como el m\u00e1ximo anotador hist\u00f3rico en los cl\u00e1sicos entre River y Boca, con 16 festejos. Adem\u00e1s, ya como DT, inmortaliz\u00f3 el sentimiento del hincha con un gesto y una corbata, reversionada por MG y tambi\u00e9n por Demichelis. <\/p>\n<\/div>\n<div class=\"custom-text \" readability=\"36\">\n<p>Como jugador fue parte de La M\u00e1quina, uno de los equipos m\u00e1s recordados de la historia del f\u00fatbol argentino. Adem\u00e1s, <strong>es el m\u00e1ximo anotador de la instituci\u00f3n (317 festejos) y el segundo con m\u00e1s presencias (515)<\/strong> s\u00f3lo detr\u00e1s de otra gloria como Amadeo Carrizo.<\/p>\n<\/div>\n<div class=\"sc-e7b891c4-0 ifHnQL\"><img alt=\"El posteo de River por el D\u00eda Internacional del Hincha.\" loading=\"lazy\" width=\"720\" height=\"100\" decoding=\"async\" data-nimg=\"1\" src=\"http:\/\/hoycordobaweb.com\/wp-content\/uploads\/2024\/09\/video-el-saludo-de-gallardo-por-el-dia-internacional-del-hincha-de-river-2.jpg\"><span class=\"epigraphe\">El posteo de River por el D\u00eda Internacional del Hincha.<\/span><\/div>\n<div class=\"custom-text \" readability=\"41\">\n<p>Y cuando regres\u00f3 al club de sus amores para sentarse en el banco, <strong>el Feo cort\u00f3, en 1975, la in\u00e9dita y nefasta racha de 18 a\u00f1os sin t\u00edtulos.<\/strong> De hecho sigue siendo el hombre con m\u00e1s campeonatos ganados como futbolista y t\u00e9cnico de la Banda (22, 16 con los cortos y seis de saco y corbata), cifra que alcanz\u00f3 Gallardo. Y como ocurre con el Mu\u00f1eco, ambos est\u00e1n inmortalizados con sus estatuas a metros del Monumental.<\/p>\n<\/div>\n<div class=\"custom-embedhtml\" readability=\"6.4695652173913\">\n<blockquote class=\"twitter-tweet\" readability=\"7.2782608695652\">\n<p lang=\"es\" dir=\"ltr\">\ud83d\udd19 \ud835\ude40\ud835\ude61 \ud835\ude63\ud835\ude64\ud835\ude62\ud835\ude57\ud835\ude67\ud835\ude5a \ud835\ude59\ud835\ude5a \ud835\ude63\ud835\ude6a\ud835\ude5a\ud835\ude68\ud835\ude69\ud835\ude67\ud835\ude56 \ud835\ude5d\ud835\ude5e\ud835\ude68\ud835\ude69\ud835\ude64\ud835\ude67\ud835\ude5e\ud835\ude56. <\/p>\n<p>\u00a1Feliz d\u00eda, riverplatenses! \ud83e\udd0d\u2764\ufe0f\ud83e\udd0d <a href=\"https:\/\/t.co\/esTeiqIvES\">pic.twitter.com\/esTeiqIvES<\/a><\/p>\n<p>\u2014 Museo River (@MuseoRiver) <a href=\"https:\/\/twitter.com\/MuseoRiver\/status\/1840023108738064657?ref_src=twsrc%5Etfw\">September 28, 2024<\/a><\/p><\/blockquote><\/div>\n<div class=\"custom-text \" readability=\"39\">\n<p>El debut de Labruna con la camiseta del Millonario fue el 18 de junio de 1939 con 20 a\u00f1os. <strong>Le toc\u00f3 reemplazar a Jos\u00e9 Manuel Moreno, el Charro, en una derrota 1-0 ante Estudiantes de La Plata. <\/strong>Su primer gol lleg\u00f3 cuatro meses despu\u00e9s, el 15 de octubre, en un 4-2 a Atlanta. En ese momento no se imaginaba todo lo que vendr\u00eda despu\u00e9s&#8230;<\/p>\n<\/div>\n<p><h2><strong>El video de River por el D\u00eda del Hincha, con el saludo de Marcelo Gallardo<\/strong><\/h2>\n<\/p>\n<div type=\"embed\" class=\"sc-3f46f5ae-0 djVTgz\">\n<div class=\"sc-3f46f5ae-1 fTjZec videoText\" id=\"contentTitleembedUJbkLlQi\" type=\"embed\"><svg fill=\"#ffffff\"><symbol id=\"play\" viewBox=\"0 0 512 512\"><path d=\"M512 256C512 397.4 397.4 512 256 512C114.6 512 0 397.4 0 256C0 114.6 114.6 0 256 0C397.4 0 512 114.6 512 256zM176 168V344C176 352.7 180.7 360.7 188.3 364.9C195.8 369.2 205.1 369 212.5 364.5L356.5 276.5C363.6 272.1 368 264.4 368 256C368 247.6 363.6 239.9 356.5 235.5L212.5 147.5C205.1 142.1 195.8 142.8 188.3 147.1C180.7 151.3 176 159.3 176 168V168z\" \/><\/symbol><use xlink:href=\"#play\" \/><\/svg><\/p>\n<div class=\"right\">\n<p>Marcelo Gallardo<!-- --> &#8211;<!-- --> <span>&nbsp;<\/span><\/p>\n<h2 class=\"title-vid\">El video de River para celebrar el D\u00eda del Hincha<\/h2>\n<\/div>\n<\/div>\n<p><span class=\"back\" id=\"spanBackembedUJbkLlQi\"><\/span><\/div>\n<p><h2><strong>Los mensajes de Jorge Brito y el Beto Alonso<\/strong><\/h2>\n<\/p>\n<\/div>\n","protected":false},"excerpt":{"rendered":"<p>28\/09\/2024 10:27hs. Actualizado al 28\/09\/2024 11:11hs. En River no paran de festejar. Despu\u00e9s de la \u00absemana m\u00e1gica\u00bb que incluy\u00f3 el triunfazo ante Boca en la Bombonera y la clasificaci\u00f3n a semifinales de la Copa Libertadores, los hinchas disfrutan de una jornada muy especial, propia y \u00fanica. Desde 2003, en conmemoraci\u00f3n del nacimiento del m\u00edtico \u00c1ngel [&hellip;]<\/p>\n","protected":false},"author":1,"featured_media":83923,"comment_status":"open","ping_status":"closed","sticky":false,"template":"","format":"standard","meta":[],"categories":[16],"tags":[],"_links":{"self":[{"href":"http:\/\/hoycordobaweb.com\/index.php\/wp-json\/wp\/v2\/posts\/83922"}],"collection":[{"href":"http:\/\/hoycordobaweb.com\/index.php\/wp-json\/wp\/v2\/posts"}],"about":[{"href":"http:\/\/hoycordobaweb.com\/index.php\/wp-json\/wp\/v2\/types\/post"}],"author":[{"embeddable":true,"href":"http:\/\/hoycordobaweb.com\/index.php\/wp-json\/wp\/v2\/users\/1"}],"replies":[{"embeddable":true,"href":"http:\/\/hoycordobaweb.com\/index.php\/wp-json\/wp\/v2\/comments?post=83922"}],"version-history":[{"count":0,"href":"http:\/\/hoycordobaweb.com\/index.php\/wp-json\/wp\/v2\/posts\/83922\/revisions"}],"wp:featuredmedia":[{"embeddable":true,"href":"http:\/\/hoycordobaweb.com\/index.php\/wp-json\/wp\/v2\/media\/83923"}],"wp:attachment":[{"href":"http:\/\/hoycordobaweb.com\/index.php\/wp-json\/wp\/v2\/media?parent=83922"}],"wp:term":[{"taxonomy":"category","embeddable":true,"href":"http:\/\/hoycordobaweb.com\/index.php\/wp-json\/wp\/v2\/categories?post=83922"},{"taxonomy":"post_tag","embeddable":true,"href":"http:\/\/hoycordobaweb.com\/index.php\/wp-json\/wp\/v2\/tags?post=83922"}],"curies":[{"name":"wp","href":"https:\/\/api.w.org\/{rel}","templated":true}]}}