{"id":83779,"date":"2024-09-27T08:49:32","date_gmt":"2024-09-27T08:49:32","guid":{"rendered":"https:\/\/www.mujerhoy.com\/moda\/no-te-pierdas\/silvia-gomez-cuetara-look-elegante-collar-perlas-funeral-ramon-hermosilla-20240927091756-nt.html"},"modified":"2024-09-27T08:49:32","modified_gmt":"2024-09-27T08:49:32","slug":"silvia-gomez-cuetara-elegantisima-con-cardigan-y-perlas-en-el-funeral-de-su-exsuegro-ramon-hermosilla","status":"publish","type":"post","link":"http:\/\/hoycordobaweb.com\/index.php\/2024\/09\/27\/silvia-gomez-cuetara-elegantisima-con-cardigan-y-perlas-en-el-funeral-de-su-exsuegro-ramon-hermosilla\/","title":{"rendered":"Silvia G\u00f3mez-Cu\u00e9tara, elegant\u00edsima con c\u00e1rdigan y perlas, en el funeral de su exsuegro Ram\u00f3n Hermosilla"},"content":{"rendered":"<p><!-- AUTHOR --> <\/p>\n<div class=\"voc-author-timesocial \"> <!-- AUTHOR --> <\/p>\n<div class=\"voc-author-timesocial__signature \">\n<div class=\"voc-author-timesocial__img-c\"> <!-- IMAGE AUTHOR --> <picture class=\"voc-image-signature\"> <img class=\"voc-image-signature__img\" src=\"http:\/\/hoycordobaweb.com\/wp-content\/uploads\/2024\/09\/silvia-gomez-cuetara-elegantisima-con-cardigan-y-perlas-en-el-funeral-de-su-exsuegro-ramon-hermosilla.jpg\" alt=\"Sonia G\u00f3mez\"> <\/picture> <\/div>\n<p> <!-- INFO AUTHOR --> <\/p>\n<div class=\"voc-author-timesocial__info\" data-mrf-recirculation=\"Autor\">\n<div class=\"voc-author-info\"> <author> <a class=\"voc-author\" href=\"https:\/\/www.mujerhoy.com\/autor\/sonia-gomez-2306.html\" data-mrf-link=\"https:\/\/www.mujerhoy.com\/autor\/sonia-gomez-2306.html\">Sonia G\u00f3mez<\/a> <\/author> <time data-voc-date-modified class=\"mdamp-article-time\" itemprop=\"dateModified\" datetime=\"2024-09-27T08:49:32Z\" data-timestamp>Actualizado \u00b7 <span data-voc-date-modified-short>27 de septiembre de 2024, 10:49 h<\/span><\/time> <\/div><\/div><\/div><\/div>\n<p> <!-- COMPONENTS --> <\/p>\n<p class=\"voc-paragraph\" data-mrf-recirculation=\"Link art\u00edculo\">La tarde del jueves en Madrid estuvo protagonizada por dos despedidas importantes para la escena empresarial y alta sociedad de nuestro pa\u00eds. Por un lado, familiares, amigos y rostros conocidos como la <a data-voc-vtm-id=\"in-text-traffic\" href=\"https:\/\/www.mujerhoy.com\/celebrities\/realeza\/infanta-cristina-reconciliacion-felipe-elena-apoyo-rey-juan-carlos-20240927000649-nt.html\" data-mrf-link=\"https:\/\/www.mujerhoy.com\/celebrities\/realeza\/infanta-cristina-reconciliacion-felipe-elena-apoyo-rey-juan-carlos-20240927000649-nt.html\">infanta Cristina<\/a><br \/>\n, dieron <strong>el \u00faltimo adi\u00f3s a Juan Miguel Villar Mir<\/strong>, empresario, antiguo ministro y marqu\u00e9s de Villar Mir.\n<\/p>\n<p class=\"voc-paragraph\" data-mrf-recirculation=\"Link art\u00edculo\">Por otro, se celebr\u00f3 una <strong>misa funeral para Ram\u00f3n Hermosilla<\/strong> en la iglesia de San Francisco de Borja, donde pudimos ver a personalidades de todos los sectores como Isabel Preysler, Maribel Y\u00e9benes, Patricia Cerezo, Terelu Campos, Nuria Gonz\u00e1lez, Jes\u00fas V\u00e1zquez o <a data-voc-vtm-id=\"in-text-traffic\" href=\"https:\/\/www.mujerhoy.com\/celebrities\/quien-es-silvia-gomez-cuetara-rica-heredera-escandalo-herencia-cereceda-divorcios-herencia-millonaria-20220429133325-nt.html\" data-mrf-link=\"https:\/\/www.mujerhoy.com\/celebrities\/quien-es-silvia-gomez-cuetara-rica-heredera-escandalo-herencia-cereceda-divorcios-herencia-millonaria-20220429133325-nt.html\">Silvia G\u00f3mez-Cu\u00e9tara<\/a><br \/>\n, empresaria y exsuegra del abogado.\n<\/p>\n<p><h3 class=\"voc-detail__title\"> Silvia G\u00f3mez-Cu\u00e9tara, muy elegante, en la misa funeral de Ram\u00f3n Hermosilla<br \/>\n<\/h3>\n<\/p>\n<p class=\"voc-paragraph\" data-mrf-recirculation=\"Link art\u00edculo\">Con el glamour cl\u00e1sico que la caracteriza, Silvia G\u00f3mez-Cu\u00e9tara se visti\u00f3 para la ocasi\u00f3n con <strong>tres b\u00e1sicos<\/strong> que adem\u00e1s de cumplir con la etiqueta rigurosa de luto gracias a los tonos oscuros, derroch\u00f3 elegancia sin esfuerzo por la est\u00e9tica misma de las prendas.\n<\/p>\n<p class=\"voc-paragraph\" data-mrf-recirculation=\"Link art\u00edculo\">La que fuera nuera de Ram\u00f3n Hermosilla durante m\u00e1s de 30 a\u00f1os, acudi\u00f3 a la misa con un look sobrio compuesto por una <a data-voc-vtm-id=\"in-text-traffic\" href=\"https:\/\/www.mujerhoy.com\/moda\/no-te-pierdas\/cardigans-rebeca-punto-fino-basicos-entretiempo-fondo-armario-mango-hym-20240828092302-nt.html\" data-mrf-link=\"https:\/\/www.mujerhoy.com\/moda\/no-te-pierdas\/cardigans-rebeca-punto-fino-basicos-entretiempo-fondo-armario-mango-hym-20240828092302-nt.html\">rebeca de punto fino<\/a> gris oscura, ajustada y con botones, un <strong>pantal\u00f3n negro<\/strong> de traje fluido y de pata ancha, un bolso de mano plateado y un <strong>collar de perlas<\/strong> cu\u00e1druple como absoluto protagonista.\n<\/p>\n<div class=\"voc-detail-photo-zoom\"> <picture data-toggle=\"modal\" data-target=\"#photoZoomModal-738\" target=\"modal\">\n<div class=\"voc-img-icon-link\"> <img loading=\"lazy\" src=\"http:\/\/hoycordobaweb.com\/wp-content\/uploads\/2024\/09\/silvia-gomez-cuetara-elegantisima-con-cardigan-y-perlas-en-el-funeral-de-su-exsuegro-ramon-hermosilla.webp\" width=\"650\" height=\"900\" alt=\"Silvia G\u00f3mez-Cu\u00e9tara con rebeca y collar de perlas en el funeral de Ram\u00f3n Hermosilla.\"> <noscript> <img src=\"http:\/\/hoycordobaweb.com\/wp-content\/uploads\/2024\/09\/silvia-gomez-cuetara-elegantisima-con-cardigan-y-perlas-en-el-funeral-de-su-exsuegro-ramon-hermosilla.webp\" alt=\"Silvia G\u00f3mez-Cu\u00e9tara con rebeca y collar de perlas en el funeral de Ram\u00f3n Hermosilla.\"> <\/noscript> <i class=\"voc-icons zoom voc-multimedia-box voc-ico-l\"><\/i> <\/div><figcaption class=\"figure-caption\">Silvia G\u00f3mez-Cu\u00e9tara con rebeca y collar de perlas en el funeral de Ram\u00f3n Hermosilla.<\/figcaption><\/picture>\n<\/div>\n<div id=\"photoZoomModal-738\" class=\"voc-lightbox modal fade voc-lightbox--photo-zoom\" role=\"dialog\" data-voc-photozoom-lightbox>\n<div class=\"voc-lightbox__dialog\" role=\"document\">\n<div class=\"voc-lightbox__content\"> <!-- Modal header --> <!-- Modal content --> <\/p>\n<div class=\"voc-lightbox__photo-container\"> <picture class> <img loading=\"lazy\" src=\"http:\/\/hoycordobaweb.com\/wp-content\/uploads\/2024\/09\/silvia-gomez-cuetara-elegantisima-con-cardigan-y-perlas-en-el-funeral-de-su-exsuegro-ramon-hermosilla.webp\" alt=\"Silvia G\u00f3mez-Cu\u00e9tara con rebeca y collar de perlas en el funeral de Ram\u00f3n Hermosilla.\"> <noscript> <img src=\"http:\/\/hoycordobaweb.com\/wp-content\/uploads\/2024\/09\/silvia-gomez-cuetara-elegantisima-con-cardigan-y-perlas-en-el-funeral-de-su-exsuegro-ramon-hermosilla.webp\" alt=\"Silvia G\u00f3mez-Cu\u00e9tara con rebeca y collar de perlas en el funeral de Ram\u00f3n Hermosilla.\"> <\/noscript> <\/picture> <\/div><\/div><\/div>\n<\/div>\n<p class=\"voc-paragraph\" data-mrf-recirculation=\"Link art\u00edculo\">La heredera del imperio Cu\u00e9tara no perdi\u00f3 relaci\u00f3n con su ex suegro a pesar de que <strong>se separ\u00f3 de su hijo en 1999<\/strong>. El tambi\u00e9n abogado Ram\u00f3n Hermosilla Gimeno fue el primero de sus matrimonios. Se casaron en 1965, tuvieron cuatro hijos (Jaime, Ram\u00f3n, Silvia y Victoria) y llegaron a ser una de las parejas con m\u00e1s fama del momento.\n<\/p>\n<p class=\"voc-paragraph\" data-mrf-recirculation=\"Link art\u00edculo\">Su <strong>segundo matrimonio<\/strong> lleg\u00f3 en 2003, a\u00f1o en el que se cas\u00f3 con el promotor inmobiliario Luis Garci\u0301a Cereceda, responsable de construir la urbanizaci\u00f3n de lujo La Finca en Pozuelo de Alarco\u0301n, propietario de dos empresas inmobiliarias (Lugarce y Procisa) y tambi\u00e9n del restaurante Zalaca\u00edn. Lu\u00eds Garc\u00eda Cereceda falleci\u00f3 a los 72 a\u00f1os dejando a Silvia G\u00f3mez-Cu\u00e9tara viuda y envuelta a su pesar en un pleito por una herencia que se calculaba en 100 millones de euros. <\/p>\n<p><h3 class=\"voc-detail__title\"> El a\u00f1o m\u00e1s dif\u00edcil de Silvia G\u00f3mez-Cu\u00e9tara<br \/>\n<\/h3>\n<\/p>\n<p class=\"voc-paragraph\" data-mrf-recirculation=\"Link art\u00edculo\">2024 no est\u00e1 siendo un a\u00f1o f\u00e1cil para la empresaria. Tras 12 a\u00f1os de relaci\u00f3n con su \u00faltima pareja, <strong>el empresario Juan Antonio P\u00e9rez Sim\u00f3n<\/strong>, propietario de la colecci\u00f3n privada de arte m\u00e1s importante del mundo, este verano se dio a conocer <a data-voc-vtm-id=\"in-text-traffic\" href=\"https:\/\/www.mujerhoy.com\/actualidad\/silvia-gomez-cuetara-juan-antonio-perez-simon-divorcio-sonado-alta-sociedad-cancer-20240626130658-nt.html\" data-mrf-link=\"https:\/\/www.mujerhoy.com\/actualidad\/silvia-gomez-cuetara-juan-antonio-perez-simon-divorcio-sonado-alta-sociedad-cancer-20240626130658-nt.html\">su ruptura<\/a><br \/>\n. <\/p>\n<p class=\"voc-paragraph\" data-mrf-recirculation=\"Link art\u00edculo\">Pr\u00e1cticamente en las mismas fechas tambi\u00e9n se supo a trav\u00e9s de la revista &#8216;\u00a1Hola!&#8217; que hab\u00eda sido<br \/>\n<strong> diagnositicada con un c\u00e1ncer<\/strong>. Un duro golpe del que se va recuperando. Su presencia en el funeral evidencia adem\u00e1s su lealtad y cari\u00f1o al prestigioso abogado con quien tantas vivencias comparti\u00f3.\n<\/p>\n<p class=\"voc-paragraph\" data-mrf-recirculation=\"Link art\u00edculo\">M\u00e1s all\u00e1 de las circunstancias de su ruptura, lo cierto es que debemos destacar su enorme discreci\u00f3n. Por su parte, su exmarido inaugur\u00f3 hace unos d\u00edas<br \/>\n<strong> la exposici\u00f3n &#8216;Setenta grandes maestros&#8217;<\/strong> en Madrid. Un evento de enorme calado art\u00edstico y social en el que estuvo acompa\u00f1ado por la abogada Teresa Bueyes. <\/p>\n<p> <!-- TOPICS --> <\/p>\n","protected":false},"excerpt":{"rendered":"<p>Sonia G\u00f3mez Actualizado \u00b7 27 de septiembre de 2024, 10:49 h La tarde del jueves en Madrid estuvo protagonizada por dos despedidas importantes para la escena empresarial y alta sociedad de nuestro pa\u00eds. Por un lado, familiares, amigos y rostros conocidos como la infanta Cristina , dieron el \u00faltimo adi\u00f3s a Juan Miguel Villar Mir, [&hellip;]<\/p>\n","protected":false},"author":1,"featured_media":83780,"comment_status":"closed","ping_status":"closed","sticky":false,"template":"","format":"standard","meta":[],"categories":[],"tags":[],"_links":{"self":[{"href":"http:\/\/hoycordobaweb.com\/index.php\/wp-json\/wp\/v2\/posts\/83779"}],"collection":[{"href":"http:\/\/hoycordobaweb.com\/index.php\/wp-json\/wp\/v2\/posts"}],"about":[{"href":"http:\/\/hoycordobaweb.com\/index.php\/wp-json\/wp\/v2\/types\/post"}],"author":[{"embeddable":true,"href":"http:\/\/hoycordobaweb.com\/index.php\/wp-json\/wp\/v2\/users\/1"}],"replies":[{"embeddable":true,"href":"http:\/\/hoycordobaweb.com\/index.php\/wp-json\/wp\/v2\/comments?post=83779"}],"version-history":[{"count":0,"href":"http:\/\/hoycordobaweb.com\/index.php\/wp-json\/wp\/v2\/posts\/83779\/revisions"}],"wp:featuredmedia":[{"embeddable":true,"href":"http:\/\/hoycordobaweb.com\/index.php\/wp-json\/wp\/v2\/media\/83780"}],"wp:attachment":[{"href":"http:\/\/hoycordobaweb.com\/index.php\/wp-json\/wp\/v2\/media?parent=83779"}],"wp:term":[{"taxonomy":"category","embeddable":true,"href":"http:\/\/hoycordobaweb.com\/index.php\/wp-json\/wp\/v2\/categories?post=83779"},{"taxonomy":"post_tag","embeddable":true,"href":"http:\/\/hoycordobaweb.com\/index.php\/wp-json\/wp\/v2\/tags?post=83779"}],"curies":[{"name":"wp","href":"https:\/\/api.w.org\/{rel}","templated":true}]}}