{"id":83777,"date":"2024-09-27T09:11:48","date_gmt":"2024-09-27T09:11:48","guid":{"rendered":"https:\/\/www.mujerhoy.com\/moda\/no-te-pierdas\/isabel-presyler-funeral-ramon-hermosilla-look-elegante-tendencia-20240927093313-nt.html"},"modified":"2024-09-27T09:11:48","modified_gmt":"2024-09-27T09:11:48","slug":"isabel-preysler-acude-al-funeral-de-ramon-hermosilla-para-dar-el-ultimo-adios-al-abogado","status":"publish","type":"post","link":"http:\/\/hoycordobaweb.com\/index.php\/2024\/09\/27\/isabel-preysler-acude-al-funeral-de-ramon-hermosilla-para-dar-el-ultimo-adios-al-abogado\/","title":{"rendered":"Isabel Preysler acude al funeral de Ram\u00f3n Hermosilla para dar el \u00faltimo adi\u00f3s al abogado"},"content":{"rendered":"<p><!-- AUTHOR --> <\/p>\n<div class=\"voc-author-timesocial \"> <!-- AUTHOR --> <\/p>\n<div class=\"voc-author-timesocial__signature \">\n<div class=\"voc-author-timesocial__img-c\"> <!-- IMAGE AUTHOR --> <picture class=\"voc-image-signature\"> <img class=\"voc-image-signature__img\" src=\"http:\/\/hoycordobaweb.com\/wp-content\/uploads\/2024\/09\/isabel-preysler-acude-al-funeral-de-ramon-hermosilla-para-dar-el-ultimo-adios-al-abogado.jpg\" alt=\"Elena Romero Vargas\"> <\/picture> <\/div>\n<p> <!-- INFO AUTHOR --> <\/div><\/div>\n<p> <!-- COMPONENTS --> <\/p>\n<p class=\"voc-paragraph\" data-mrf-recirculation=\"Link art\u00edculo\">La noche del jueves tuvo lugar en Madrid la misa funeral para despedir a <strong>Ram\u00f3n Hermosilla Mart\u00edn<\/strong>. Hermosilla falleci\u00f3 el pasado 31 de julio a los 90 a\u00f1os y, tres meses despu\u00e9s, familiares y amigos del prestigioso abogado acudieron a la <a data-voc-vtm-id=\"in-text-traffic\" href=\"https:\/\/www.mujerhoy.com\/celebrities\/almeida-boda-como-es-la-iglesia-signicado-emotivo-20240402115913-nt.html\" data-mrf-link=\"https:\/\/www.mujerhoy.com\/celebrities\/almeida-boda-como-es-la-iglesia-signicado-emotivo-20240402115913-nt.html\">iglesia de San Francisco de Borja<\/a><br \/>\n, ubicada en pleno centro de Madrid, para darle el \u00faltimo adi\u00f3s.\n<\/p>\n<p class=\"voc-paragraph\" data-mrf-recirculation=\"Link art\u00edculo\">Entre los asistentes al funeral se encontraban <strong>personalidades del mundo de la cultura, la televisi\u00f3n y la alta sociedad espa\u00f1ola<\/strong> como Terelu Campos, Maribel Y\u00e9benes o las hermanas <a data-voc-vtm-id=\"in-text-traffic\" href=\"https:\/\/www.mujerhoy.com\/celebrities\/cari-miriam-lapique-muerte-goyanes-dependientas-corte-ingles-alta-sociedad-20240809014309-nt.html\" data-mrf-link=\"https:\/\/www.mujerhoy.com\/celebrities\/cari-miriam-lapique-muerte-goyanes-dependientas-corte-ingles-alta-sociedad-20240809014309-nt.html\">Miriam y Cari Lapique<\/a><br \/>\n, quien hace solo unos d\u00edas pasaba por el duro trance de <a data-voc-vtm-id=\"in-text-traffic\" href=\"https:\/\/www.mujerhoy.com\/celebrities\/cari-lapique-misa-funeral-caritina-goyanes-famosas-isabel-preysler-tamara-20240924024158-nt.html\" data-mrf-link=\"https:\/\/www.mujerhoy.com\/celebrities\/cari-lapique-misa-funeral-caritina-goyanes-famosas-isabel-preysler-tamara-20240924024158-nt.html\">despedir a su marido, Carlos Goyanes, y a su hija Caritina<\/a> con menos de 20 d\u00edas de diferencia entre fallecimientos. Otro de los rostros conocido que tambi\u00e9n quiso darle su \u00faltimo adi\u00f3s a Ram\u00f3n Hermosilla fue <strong>Isabel Preysler<\/strong>.\n<\/p>\n<div class=\"voc-detail__cmp\">\n<div class=\"voc-article-container\">\n<article class=\"voc-article voc-article--cmp-related voc-article--photo-left voc-article--photo-left--right-xs voc-home-tit-st\">\n<div class=\"voc-img-container \"> <picture> <a href=\"https:\/\/www.mujerhoy.com\/moda\/no-te-pierdas\/silvia-gomez-cuetara-look-elegante-collar-perlas-funeral-ramon-hermosilla-20240927091756-nt.html#vca=modulos&amp;vso=mujerhoy&amp;vmc=noticias-rel-cmp&amp;vli=no%20te%20pierdas\" class=\"voc-horizontal voc-img-icon-link\"> <img alt=\"Silvia G\u00f3mez-Cu\u00e9tara, elegant\u00edsima con c\u00e1rdigan y perlas, en el funeral de su exsuegro Ram\u00f3n Hermosilla\" loading=\"lazy\" src=\"http:\/\/hoycordobaweb.com\/wp-content\/uploads\/2024\/09\/isabel-preysler-acude-al-funeral-de-ramon-hermosilla-para-dar-el-ultimo-adios-al-abogado.webp\"> <\/a> <\/picture> <\/div>\n<\/article><\/div>\n<\/div>\n<p class=\"voc-paragraph\" data-mrf-recirculation=\"Link art\u00edculo\">Isabel Preysler mantiene un <strong>v\u00ednculo estrecho con la familia<\/strong> y le une una amistad cercana con <a data-voc-vtm-id=\"in-text-traffic\" href=\"https:\/\/www.mujerhoy.com\/celebrities\/quien-es-silvia-gomez-cuetara-rica-heredera-escandalo-herencia-cereceda-divorcios-herencia-millonaria-20220429133325-nt.html\" data-mrf-link=\"https:\/\/www.mujerhoy.com\/celebrities\/quien-es-silvia-gomez-cuetara-rica-heredera-escandalo-herencia-cereceda-divorcios-herencia-millonaria-20220429133325-nt.html\">Silvia G\u00f3mez-Cu\u00e9tara<\/a><br \/>\n, ex nuera del fallecido tras haber estado casada con el hijo de \u00e9ste, Ram\u00f3n Hermosilla Jr., hasta 1999. Es por ello que la madre de Tamara Falc\u00f3 no quiso perder la oportunidad de acompa\u00f1arles en este d\u00eda.\n<\/p>\n<p class=\"voc-paragraph\" data-mrf-recirculation=\"Link art\u00edculo\">Para ello, Isabel volvi\u00f3 a <strong>hacer alarde de elegancia natural<\/strong> con un estilismo tan sencillo como acertado para la ocasi\u00f3n. Escogi\u00f3 un traje de dos piezas, con estampado de cuadros en color gris que combin\u00f3 con un abrigo de lo m\u00e1s especial y accesorios que pon\u00edan el toque justo de color para completar un look elegante y tremendamente refinado.\n<\/p>\n<div class=\"voc-detail-photo-zoom\"> <picture data-toggle=\"modal\" data-target=\"#photoZoomModal-832\" target=\"modal\">\n<div class=\"voc-img-icon-link\"> <img loading=\"lazy\" src=\"http:\/\/hoycordobaweb.com\/wp-content\/uploads\/2024\/09\/isabel-preysler-acude-al-funeral-de-ramon-hermosilla-para-dar-el-ultimo-adios-al-abogado-1.jpg\" width=\"650\" height=\"900\" alt=\"Isabel Preysler\/GTRES\"> <noscript> <img src=\"http:\/\/hoycordobaweb.com\/wp-content\/uploads\/2024\/09\/isabel-preysler-acude-al-funeral-de-ramon-hermosilla-para-dar-el-ultimo-adios-al-abogado-1.jpg\" alt=\"Isabel Preysler\/GTRES\"> <\/noscript> <i class=\"voc-icons zoom voc-multimedia-box voc-ico-l\"><\/i> <\/div><figcaption class=\"figure-caption\">Isabel Preysler\/GTRES<\/figcaption><\/picture>\n<\/div>\n<div id=\"photoZoomModal-832\" class=\"voc-lightbox modal fade voc-lightbox--photo-zoom\" role=\"dialog\" data-voc-photozoom-lightbox>\n<div class=\"voc-lightbox__dialog\" role=\"document\">\n<div class=\"voc-lightbox__content\"> <!-- Modal header --> <!-- Modal content --> <\/p>\n<div class=\"voc-lightbox__photo-container\"> <picture class> <img loading=\"lazy\" src=\"http:\/\/hoycordobaweb.com\/wp-content\/uploads\/2024\/09\/isabel-preysler-acude-al-funeral-de-ramon-hermosilla-para-dar-el-ultimo-adios-al-abogado-1.jpg\" alt=\"Isabel Preysler\/GTRES\"> <noscript> <img src=\"http:\/\/hoycordobaweb.com\/wp-content\/uploads\/2024\/09\/isabel-preysler-acude-al-funeral-de-ramon-hermosilla-para-dar-el-ultimo-adios-al-abogado-1.jpg\" alt=\"Isabel Preysler\/GTRES\"> <\/noscript> <\/picture> <\/div><\/div><\/div>\n<\/div>\n<p><h3 class=\"voc-detail__title\"> Los detalles del look de Isabel Preysler en el funeral de Ram\u00f3n Hermosilla<br \/>\n<\/h3>\n<\/p>\n<p class=\"voc-paragraph\" data-mrf-recirculation=\"Link art\u00edculo\">No es la primera vez que Isabel Preysler recurre a esta f\u00f3rmula para construir su estilismo. Hace justo un a\u00f1o la ve\u00edamos en el funeral de Antonio Garc\u00eda-Ord\u00f3\u00f1ez, marido de Maribel Y\u00e9benes<br \/>\n<strong>, con el mismo traje y los mismos complementos<\/strong>. Que haya vuelto a recurrir a \u00e9l solo indica una cosa: Isabel sabe perfectamente c\u00f3mo sacarle todo el partido posible a un look, especialmente si resulta tan elegante y favorecedor como este.\n<\/p>\n<p class=\"voc-paragraph\" data-mrf-recirculation=\"Link art\u00edculo\">El traje est\u00e1 formado por un blazer de corte cl\u00e1sico con bot\u00f3n delantero y pantalones de vestir rectos. Completa el look con una camiseta en un gris algo m\u00e1s claro y con ligero escote de pico y un <strong>abrigo color gris oscuro<\/strong>colocado sobre los hombros que result\u00f3 ser el toque definitivo de sofisticaci\u00f3n tan sutil como efectivo en el resultado final.\n<\/p>\n<div class=\"voc-detail-photo-zoom\"> <picture data-toggle=\"modal\" data-target=\"#photoZoomModal-590\" target=\"modal\">\n<div class=\"voc-img-icon-link\"> <img loading=\"lazy\" src=\"http:\/\/hoycordobaweb.com\/wp-content\/uploads\/2024\/09\/isabel-preysler-acude-al-funeral-de-ramon-hermosilla-para-dar-el-ultimo-adios-al-abogado-2.jpg\" width=\"650\" height=\"900\" alt=\"sabel Preysler\/GTRES\"> <noscript> <img src=\"http:\/\/hoycordobaweb.com\/wp-content\/uploads\/2024\/09\/isabel-preysler-acude-al-funeral-de-ramon-hermosilla-para-dar-el-ultimo-adios-al-abogado-2.jpg\" alt=\"sabel Preysler\/GTRES\"> <\/noscript> <i class=\"voc-icons zoom voc-multimedia-box voc-ico-l\"><\/i> <\/div><figcaption class=\"figure-caption\">sabel Preysler\/GTRES<\/figcaption><\/picture>\n<\/div>\n<div id=\"photoZoomModal-590\" class=\"voc-lightbox modal fade voc-lightbox--photo-zoom\" role=\"dialog\" data-voc-photozoom-lightbox>\n<div class=\"voc-lightbox__dialog\" role=\"document\">\n<div class=\"voc-lightbox__content\"> <!-- Modal header --> <!-- Modal content --> <\/p>\n<div class=\"voc-lightbox__photo-container\"> <picture class> <img loading=\"lazy\" src=\"http:\/\/hoycordobaweb.com\/wp-content\/uploads\/2024\/09\/isabel-preysler-acude-al-funeral-de-ramon-hermosilla-para-dar-el-ultimo-adios-al-abogado-2.jpg\" alt=\"sabel Preysler\/GTRES\"> <noscript> <img src=\"http:\/\/hoycordobaweb.com\/wp-content\/uploads\/2024\/09\/isabel-preysler-acude-al-funeral-de-ramon-hermosilla-para-dar-el-ultimo-adios-al-abogado-2.jpg\" alt=\"sabel Preysler\/GTRES\"> <\/noscript> <\/picture> <\/div><\/div><\/div>\n<\/div>\n<p class=\"voc-paragraph\" data-mrf-recirculation=\"Link art\u00edculo\">Los complementos juegan un papel crucial en la elecci\u00f3n de look de Isabel Preysler para este funeral. Una vez m\u00e1s, repite con unos <strong>zapatos de tac\u00f3n alto con un detalle muy especial<\/strong> que pone el punto justo de color al look: la puntera en color burdeos. A juego lleva un bolso de mano del mismo color &#8211; que en otras ocasiones ha llevado al hombro con este mismo outfit &#8211; y que a pesar de la diferencia crom\u00e1tica mantiene a la perfecci\u00f3n el equilibrio del conjunto.\n<\/p>\n<p class=\"voc-paragraph\" data-mrf-recirculation=\"Link art\u00edculo\">La mezcla de los tonos neutros del traje y el abrigo con estos gui\u00f1os no solo consigue un <strong>look arm\u00f3nico en la l\u00ednea del estilo de Preysler<\/strong>, tambi\u00e9n da toda una lecci\u00f3n de estilo sobre c\u00f3mo incluir las tenencias en las propuestas m\u00e1s cl\u00e1sicas con \u00e9xito rotundo.\n<\/p>\n<p class=\"voc-paragraph\" data-mrf-recirculation=\"Link art\u00edculo\">Ultim\u00f3 los detalles de su look con unos pendientes de aro dorados y un reloj de mu\u00f1eca con la correa marr\u00f3n. Llev\u00f3 el pelo recogido en una coleta y una opci\u00f3n de maquillaje extra natural que casaban a la perfecci\u00f3n con la esencial del look al completo. Un <strong>acierto estil\u00edstico <\/strong>m\u00e1s que Isabel Preysler suma a su trayectoria.\n<\/p>\n<p> <!-- TOPICS --> <\/p>\n","protected":false},"excerpt":{"rendered":"<p>La noche del jueves tuvo lugar en Madrid la misa funeral para despedir a Ram\u00f3n Hermosilla Mart\u00edn. Hermosilla falleci\u00f3 el pasado 31 de julio a los 90 a\u00f1os y, tres meses despu\u00e9s, familiares y amigos del prestigioso abogado acudieron a la iglesia de San Francisco de Borja , ubicada en pleno centro de Madrid, para [&hellip;]<\/p>\n","protected":false},"author":1,"featured_media":83778,"comment_status":"closed","ping_status":"closed","sticky":false,"template":"","format":"standard","meta":[],"categories":[],"tags":[],"_links":{"self":[{"href":"http:\/\/hoycordobaweb.com\/index.php\/wp-json\/wp\/v2\/posts\/83777"}],"collection":[{"href":"http:\/\/hoycordobaweb.com\/index.php\/wp-json\/wp\/v2\/posts"}],"about":[{"href":"http:\/\/hoycordobaweb.com\/index.php\/wp-json\/wp\/v2\/types\/post"}],"author":[{"embeddable":true,"href":"http:\/\/hoycordobaweb.com\/index.php\/wp-json\/wp\/v2\/users\/1"}],"replies":[{"embeddable":true,"href":"http:\/\/hoycordobaweb.com\/index.php\/wp-json\/wp\/v2\/comments?post=83777"}],"version-history":[{"count":0,"href":"http:\/\/hoycordobaweb.com\/index.php\/wp-json\/wp\/v2\/posts\/83777\/revisions"}],"wp:featuredmedia":[{"embeddable":true,"href":"http:\/\/hoycordobaweb.com\/index.php\/wp-json\/wp\/v2\/media\/83778"}],"wp:attachment":[{"href":"http:\/\/hoycordobaweb.com\/index.php\/wp-json\/wp\/v2\/media?parent=83777"}],"wp:term":[{"taxonomy":"category","embeddable":true,"href":"http:\/\/hoycordobaweb.com\/index.php\/wp-json\/wp\/v2\/categories?post=83777"},{"taxonomy":"post_tag","embeddable":true,"href":"http:\/\/hoycordobaweb.com\/index.php\/wp-json\/wp\/v2\/tags?post=83777"}],"curies":[{"name":"wp","href":"https:\/\/api.w.org\/{rel}","templated":true}]}}