{"id":83771,"date":"2024-09-26T03:08:15","date_gmt":"2024-09-26T03:08:15","guid":{"rendered":"https:\/\/www.ole.com.ar\/futbol-internacional\/libertadores\/san-pablo-botafogo-copa-libertadores-cuartos-final_0_s6IdUA5zt5.html"},"modified":"2024-09-26T03:08:15","modified_gmt":"2024-09-26T03:08:15","slug":"botafogo-con-almada-clave-le-gano-por-penales-al-san-pablo-de-zubeldia-y-calleri","status":"publish","type":"post","link":"http:\/\/hoycordobaweb.com\/index.php\/2024\/09\/26\/botafogo-con-almada-clave-le-gano-por-penales-al-san-pablo-de-zubeldia-y-calleri\/","title":{"rendered":"Botafogo, con Almada clave, le gan\u00f3 por penales al San Pablo de Zubeld\u00eda y Calleri"},"content":{"rendered":"<p><img src=\"http:\/\/hoycordobaweb.com\/wp-content\/uploads\/2024\/09\/botafogo-con-almada-clave-le-gano-por-penales-al-san-pablo-de-zubeldia-y-calleri.jpg\"><\/p>\n<div><img src=\"http:\/\/hoycordobaweb.com\/wp-content\/uploads\/2024\/09\/botafogo-con-almada-clave-le-gano-por-penales-al-san-pablo-de-zubeldia-y-calleri.jpg\" class=\"ff-og-image-inserted\"><\/div>\n<p><time class=\"createDate\" datetime=\"2024-09-26T00:08:15-03:00\">26\/09\/2024 00:08hs.<\/time><time class=\"modificatedDate\" datetime=\"2024-09-26T00:39:18-03:00\"> Actualizado al 26\/09\/2024 00:39hs.<\/time><\/p>\n<div id=\"storyBody\">\n<div class=\"custom-text \" readability=\"35\">\n<p>Con un planteo t\u00e1ctico casi impecable, <strong>Botafogo<\/strong> logr\u00f3 ganarle por 2 goles a 1 a San Pablo para clasificarse a las semis de la <strong>Copa Libertadores<\/strong> tras un partido en el que el resultado final no se condijo con el tr\u00e1mite de los 90 minutos.<\/p>\n<\/div>\n<div class=\"custom-text \" readability=\"36\">\n<p>En un primer tiempo en el que el visitante domin\u00f3 por completo: tuvo el control total de la pelota y complic\u00f3 con su intensa presi\u00f3n a la desdibujada defensa del equipo dirigido por Zubeld\u00eda, <strong>Thiago Almada apareci\u00f3 con su instinto de goleador para dar el primer cimbronazo de la noche en el Morumb\u00ed.<\/strong><\/p>\n<\/div>\n<div class=\"custom-text \" readability=\"37\">\n<p>El ex V\u00e9lez aprovech\u00f3 un corto rebote que dej\u00f3 el arquero Rafael y, como si fuese un #9 tradicional, <strong>la empuj\u00f3 de cabeza en la puerta del \u00e1rea chica para poner el 1 a 0<\/strong>, un resultado que estuvo a poco de moverse sobre el final de la primera mitad.<\/p>\n<\/div>\n<div class=\"custom-text \" readability=\"39\">\n<p>Y es que a poco de que <strong>Dar\u00edo Herrera pite el final, recibi\u00f3 un llamado del VAR para revisar un posible penal por una mano de Bastos en el \u00e1rea de Botafogo.<\/strong> Tras varios minutos de revisi\u00f3n, el \u00e1rbitro argentino decidi\u00f3 cobrar penal para el local, chance que fue malograda por <strong>Lucas Moura, quien pate\u00f3 por encima del travesa\u00f1o.<\/strong><\/p>\n<\/div>\n<div type=\"embed\" class=\"sc-3f46f5ae-0 djVTgz\">\n<div class=\"sc-3f46f5ae-1 fTjZec videoText\" id=\"contentTitleembed6HdmfOvT\" type=\"embed\"><svg fill=\"#ffffff\"><symbol id=\"play\" viewBox=\"0 0 512 512\"><path d=\"M512 256C512 397.4 397.4 512 256 512C114.6 512 0 397.4 0 256C0 114.6 114.6 0 256 0C397.4 0 512 114.6 512 256zM176 168V344C176 352.7 180.7 360.7 188.3 364.9C195.8 369.2 205.1 369 212.5 364.5L356.5 276.5C363.6 272.1 368 264.4 368 256C368 247.6 363.6 239.9 356.5 235.5L212.5 147.5C205.1 142.1 195.8 142.8 188.3 147.1C180.7 151.3 176 159.3 176 168V168z\" \/><\/symbol><use xlink:href=\"#play\" \/><\/svg><\/p>\n<div class=\"right\">\n<p>Thiago Almada<!-- --> &#8211;<!-- --> <span>&nbsp;<\/span><\/p>\n<h2 class=\"title-vid\">El gol de Thiago Almada ante San Pablo<\/h2>\n<\/div>\n<\/div>\n<p><span class=\"back\" id=\"spanBackembed6HdmfOvT\"><\/span><\/div>\n<div class=\"custom-text \" readability=\"40\">\n<p>Pero San Pablo sali\u00f3 con otra cara en el segundo tiempo. El equipo se par\u00f3 m\u00e1s adelante y sus extremos desequilibraron bastante por las bandas, desde donde lleg\u00f3 el empate. <strong>Tras un muy buen centro de Silva, Calleri (antes se hab\u00eda perdido un gol ins\u00f3lito, con el arco libre) meti\u00f3 un frentazo a poco del final para darle el empate, que no mereci\u00f3, al local.<\/strong><\/p>\n<\/div>\n<div class=\"custom-text \" readability=\"39\">\n<p>Los \u00faltimos minutos del partido se esfumaron y la historia termin\u00f3 desde el punto penal,<strong> donde Botafogo se impuso por 5 a 4 en la serie, luego de que Calleri y Rodrigo Nestor fallaran para el local (Almada convirti\u00f3 el suyo con mucha clase)<\/strong>. As\u00ed, el equipo de R\u00edo de Janeiro espera por el ganador de la serie entre Pe\u00f1arol y Flamengo (en la ida, el equipo uruguayo se impuso por 1-0 en Brasil).<\/p>\n<\/div>\n<p><h2><strong>El incre\u00edble gol que err\u00f3 Calleri<\/strong><\/h2>\n<\/p>\n<div type=\"embed\" class=\"sc-3f46f5ae-0 djVTgz\">\n<div class=\"sc-3f46f5ae-1 fTjZec videoText\" id=\"contentTitleembedwyxgEu3p\" type=\"embed\"><svg fill=\"#ffffff\"><symbol id=\"play\" viewBox=\"0 0 512 512\"><path d=\"M512 256C512 397.4 397.4 512 256 512C114.6 512 0 397.4 0 256C0 114.6 114.6 0 256 0C397.4 0 512 114.6 512 256zM176 168V344C176 352.7 180.7 360.7 188.3 364.9C195.8 369.2 205.1 369 212.5 364.5L356.5 276.5C363.6 272.1 368 264.4 368 256C368 247.6 363.6 239.9 356.5 235.5L212.5 147.5C205.1 142.1 195.8 142.8 188.3 147.1C180.7 151.3 176 159.3 176 168V168z\" \/><\/symbol><use xlink:href=\"#play\" \/><\/svg><\/p>\n<div class=\"right\">\n<p>Jonathan Calleri<!-- --> &#8211;<!-- --> <span>&nbsp;<\/span><\/p>\n<h2 class=\"title-vid\">El incre\u00edble gol que err\u00f3 Calleri en San Pablo-Botafogo<\/h2>\n<\/div>\n<\/div>\n<p><span class=\"back\" id=\"spanBackembedwyxgEu3p\"><\/span><\/div>\n<\/div>\n","protected":false},"excerpt":{"rendered":"<p>26\/09\/2024 00:08hs. Actualizado al 26\/09\/2024 00:39hs. Con un planteo t\u00e1ctico casi impecable, Botafogo logr\u00f3 ganarle por 2 goles a 1 a San Pablo para clasificarse a las semis de la Copa Libertadores tras un partido en el que el resultado final no se condijo con el tr\u00e1mite de los 90 minutos. En un primer tiempo [&hellip;]<\/p>\n","protected":false},"author":1,"featured_media":83772,"comment_status":"open","ping_status":"closed","sticky":false,"template":"","format":"standard","meta":[],"categories":[16],"tags":[],"_links":{"self":[{"href":"http:\/\/hoycordobaweb.com\/index.php\/wp-json\/wp\/v2\/posts\/83771"}],"collection":[{"href":"http:\/\/hoycordobaweb.com\/index.php\/wp-json\/wp\/v2\/posts"}],"about":[{"href":"http:\/\/hoycordobaweb.com\/index.php\/wp-json\/wp\/v2\/types\/post"}],"author":[{"embeddable":true,"href":"http:\/\/hoycordobaweb.com\/index.php\/wp-json\/wp\/v2\/users\/1"}],"replies":[{"embeddable":true,"href":"http:\/\/hoycordobaweb.com\/index.php\/wp-json\/wp\/v2\/comments?post=83771"}],"version-history":[{"count":0,"href":"http:\/\/hoycordobaweb.com\/index.php\/wp-json\/wp\/v2\/posts\/83771\/revisions"}],"wp:featuredmedia":[{"embeddable":true,"href":"http:\/\/hoycordobaweb.com\/index.php\/wp-json\/wp\/v2\/media\/83772"}],"wp:attachment":[{"href":"http:\/\/hoycordobaweb.com\/index.php\/wp-json\/wp\/v2\/media?parent=83771"}],"wp:term":[{"taxonomy":"category","embeddable":true,"href":"http:\/\/hoycordobaweb.com\/index.php\/wp-json\/wp\/v2\/categories?post=83771"},{"taxonomy":"post_tag","embeddable":true,"href":"http:\/\/hoycordobaweb.com\/index.php\/wp-json\/wp\/v2\/tags?post=83771"}],"curies":[{"name":"wp","href":"https:\/\/api.w.org\/{rel}","templated":true}]}}