{"id":83757,"date":"2024-09-26T05:26:24","date_gmt":"2024-09-26T05:26:24","guid":{"rendered":"http:\/\/hoycordobaweb.com\/index.php\/2024\/09\/26\/dario-benedetto-considera-que-los-mexicanos-menosprecian-el-futbol-nacional-record\/"},"modified":"2024-09-26T05:26:24","modified_gmt":"2024-09-26T05:26:24","slug":"dario-benedetto-considera-que-los-mexicanos-menosprecian-el-futbol-nacional-record","status":"publish","type":"post","link":"http:\/\/hoycordobaweb.com\/index.php\/2024\/09\/26\/dario-benedetto-considera-que-los-mexicanos-menosprecian-el-futbol-nacional-record\/","title":{"rendered":"Dar\u00edo Benedetto considera que los mexicanos menosprecian el <b>futbol<\/b> nacional &#8211; R\u00c9CORD"},"content":{"rendered":"<p>El delantero del Quer\u00e9taro cont\u00f3 que los periodistas <b>argentinos<\/b> le pidieron disculpas tras ser criticado por su paso en M\u00e9xico. <\/p>\n","protected":false},"excerpt":{"rendered":"<p>El delantero del Quer\u00e9taro cont\u00f3 que los periodistas argentinos le pidieron disculpas tras ser criticado por su paso en M\u00e9xico.<\/p>\n","protected":false},"author":1,"featured_media":0,"comment_status":"closed","ping_status":"closed","sticky":false,"template":"","format":"standard","meta":[],"categories":[22],"tags":[],"_links":{"self":[{"href":"http:\/\/hoycordobaweb.com\/index.php\/wp-json\/wp\/v2\/posts\/83757"}],"collection":[{"href":"http:\/\/hoycordobaweb.com\/index.php\/wp-json\/wp\/v2\/posts"}],"about":[{"href":"http:\/\/hoycordobaweb.com\/index.php\/wp-json\/wp\/v2\/types\/post"}],"author":[{"embeddable":true,"href":"http:\/\/hoycordobaweb.com\/index.php\/wp-json\/wp\/v2\/users\/1"}],"replies":[{"embeddable":true,"href":"http:\/\/hoycordobaweb.com\/index.php\/wp-json\/wp\/v2\/comments?post=83757"}],"version-history":[{"count":0,"href":"http:\/\/hoycordobaweb.com\/index.php\/wp-json\/wp\/v2\/posts\/83757\/revisions"}],"wp:attachment":[{"href":"http:\/\/hoycordobaweb.com\/index.php\/wp-json\/wp\/v2\/media?parent=83757"}],"wp:term":[{"taxonomy":"category","embeddable":true,"href":"http:\/\/hoycordobaweb.com\/index.php\/wp-json\/wp\/v2\/categories?post=83757"},{"taxonomy":"post_tag","embeddable":true,"href":"http:\/\/hoycordobaweb.com\/index.php\/wp-json\/wp\/v2\/tags?post=83757"}],"curies":[{"name":"wp","href":"https:\/\/api.w.org\/{rel}","templated":true}]}}