{"id":83720,"date":"2024-09-26T12:18:26","date_gmt":"2024-09-26T12:18:26","guid":{"rendered":"https:\/\/fono.fcm.unc.edu.ar\/?p=12763"},"modified":"2024-09-26T12:18:26","modified_gmt":"2024-09-26T12:18:26","slug":"marcha-por-la-universidad-publica-y-la-ciencia","status":"publish","type":"post","link":"http:\/\/hoycordobaweb.com\/index.php\/2024\/09\/26\/marcha-por-la-universidad-publica-y-la-ciencia\/","title":{"rendered":"Marcha por la Universidad P\u00fablica y la Ciencia"},"content":{"rendered":"<h2 class=\"fusion-post-title\">Marcha por la Universidad P\u00fablica y la Ciencia<\/h2>\n<div class=\"post-content\" readability=\"36\">\n<p><img loading=\"lazy\" fetchpriority=\"high\" decoding=\"async\" class=\"alignright size-fusion-400 wp-image-12764\" src=\"https:\/\/fono.fcm.unc.edu.ar\/wp-content\/uploads\/sites\/14\/2024\/09\/marcha-400x500.jpg\" alt width=\"400\" height=\"500\" srcset=\"https:\/\/fono.fcm.unc.edu.ar\/wp-content\/uploads\/sites\/14\/2024\/09\/marcha-200x250.jpg 200w, https:\/\/fono.fcm.unc.edu.ar\/wp-content\/uploads\/sites\/14\/2024\/09\/marcha-240x300.jpg 240w, https:\/\/fono.fcm.unc.edu.ar\/wp-content\/uploads\/sites\/14\/2024\/09\/marcha-400x500.jpg 400w, https:\/\/fono.fcm.unc.edu.ar\/wp-content\/uploads\/sites\/14\/2024\/09\/marcha-600x750.jpg 600w, https:\/\/fono.fcm.unc.edu.ar\/wp-content\/uploads\/sites\/14\/2024\/09\/marcha-768x960.jpg 768w, https:\/\/fono.fcm.unc.edu.ar\/wp-content\/uploads\/sites\/14\/2024\/09\/marcha-800x1000.jpg 800w, https:\/\/fono.fcm.unc.edu.ar\/wp-content\/uploads\/sites\/14\/2024\/09\/marcha-819x1024.jpg 819w, https:\/\/fono.fcm.unc.edu.ar\/wp-content\/uploads\/sites\/14\/2024\/09\/marcha.jpg 1080w\" sizes=\"(max-width: 400px) 100vw, 400px\">La UNC convoca a toda la comunidad a marchar el pr\u00f3ximo mi\u00e9rcoles 2 de octubre.<br \/>Nos concentraremos en el Monumento de la Reforma a las 12 horas y partiremos hacia el centro de la ciudad a las 13 horas. A las 14:30 se realizar\u00e1 un acto para reafirmar los valores del sistema universitario argentino: inclusi\u00f3n, acceso libre y calidad educativa.<br \/>\u00a1Potenciemos la universidad p\u00fablica y la ciencia como pilares del desarrollo y la movilidad social!<\/p>\n<\/p><\/div>\n","protected":false},"excerpt":{"rendered":"<p>Marcha por la Universidad P\u00fablica y la Ciencia La UNC convoca a toda la comunidad a marchar el pr\u00f3ximo mi\u00e9rcoles 2 de octubre.Nos concentraremos en el Monumento de la Reforma a las 12 horas y partiremos hacia el centro de la ciudad a las 13 horas. A las 14:30 se realizar\u00e1 un acto para reafirmar [&hellip;]<\/p>\n","protected":false},"author":1,"featured_media":0,"comment_status":"closed","ping_status":"closed","sticky":false,"template":"","format":"standard","meta":[],"categories":[1],"tags":[],"_links":{"self":[{"href":"http:\/\/hoycordobaweb.com\/index.php\/wp-json\/wp\/v2\/posts\/83720"}],"collection":[{"href":"http:\/\/hoycordobaweb.com\/index.php\/wp-json\/wp\/v2\/posts"}],"about":[{"href":"http:\/\/hoycordobaweb.com\/index.php\/wp-json\/wp\/v2\/types\/post"}],"author":[{"embeddable":true,"href":"http:\/\/hoycordobaweb.com\/index.php\/wp-json\/wp\/v2\/users\/1"}],"replies":[{"embeddable":true,"href":"http:\/\/hoycordobaweb.com\/index.php\/wp-json\/wp\/v2\/comments?post=83720"}],"version-history":[{"count":0,"href":"http:\/\/hoycordobaweb.com\/index.php\/wp-json\/wp\/v2\/posts\/83720\/revisions"}],"wp:attachment":[{"href":"http:\/\/hoycordobaweb.com\/index.php\/wp-json\/wp\/v2\/media?parent=83720"}],"wp:term":[{"taxonomy":"category","embeddable":true,"href":"http:\/\/hoycordobaweb.com\/index.php\/wp-json\/wp\/v2\/categories?post=83720"},{"taxonomy":"post_tag","embeddable":true,"href":"http:\/\/hoycordobaweb.com\/index.php\/wp-json\/wp\/v2\/tags?post=83720"}],"curies":[{"name":"wp","href":"https:\/\/api.w.org\/{rel}","templated":true}]}}