{"id":8372,"date":"2020-12-25T20:15:00","date_gmt":"2020-12-25T20:15:00","guid":{"rendered":"http:\/\/hoycordobaweb.com\/index.php\/2020\/12\/25\/te-quiero-diego-napoli-recordo-a-maradona-a-un-mes-de-su-fallecimiento\/"},"modified":"2020-12-25T20:15:00","modified_gmt":"2020-12-25T20:15:00","slug":"te-quiero-diego-napoli-recordo-a-maradona-a-un-mes-de-su-fallecimiento","status":"publish","type":"post","link":"http:\/\/hoycordobaweb.com\/index.php\/2020\/12\/25\/te-quiero-diego-napoli-recordo-a-maradona-a-un-mes-de-su-fallecimiento\/","title":{"rendered":"Te quiero, Diego: Napoli record\u00f3 a Maradona a un mes de su fallecimiento"},"content":{"rendered":"<p>Hace exactamente un mes, Diego Maradona falleci\u00f3 en <b>Argentina<\/b> a los 60 a\u00f1os. Este viernes 25 de diciembre, durante la celebraci\u00f3n de Navidad,&nbsp;&#8230; <\/p>\n","protected":false},"excerpt":{"rendered":"<p>Hace exactamente un mes, Diego Maradona falleci\u00f3 en Argentina a los 60 a\u00f1os. Este viernes 25 de diciembre, durante la celebraci\u00f3n de Navidad,&nbsp;&#8230;<\/p>\n","protected":false},"author":1,"featured_media":0,"comment_status":"closed","ping_status":"closed","sticky":false,"template":"","format":"standard","meta":[],"categories":[22],"tags":[],"_links":{"self":[{"href":"http:\/\/hoycordobaweb.com\/index.php\/wp-json\/wp\/v2\/posts\/8372"}],"collection":[{"href":"http:\/\/hoycordobaweb.com\/index.php\/wp-json\/wp\/v2\/posts"}],"about":[{"href":"http:\/\/hoycordobaweb.com\/index.php\/wp-json\/wp\/v2\/types\/post"}],"author":[{"embeddable":true,"href":"http:\/\/hoycordobaweb.com\/index.php\/wp-json\/wp\/v2\/users\/1"}],"replies":[{"embeddable":true,"href":"http:\/\/hoycordobaweb.com\/index.php\/wp-json\/wp\/v2\/comments?post=8372"}],"version-history":[{"count":0,"href":"http:\/\/hoycordobaweb.com\/index.php\/wp-json\/wp\/v2\/posts\/8372\/revisions"}],"wp:attachment":[{"href":"http:\/\/hoycordobaweb.com\/index.php\/wp-json\/wp\/v2\/media?parent=8372"}],"wp:term":[{"taxonomy":"category","embeddable":true,"href":"http:\/\/hoycordobaweb.com\/index.php\/wp-json\/wp\/v2\/categories?post=8372"},{"taxonomy":"post_tag","embeddable":true,"href":"http:\/\/hoycordobaweb.com\/index.php\/wp-json\/wp\/v2\/tags?post=8372"}],"curies":[{"name":"wp","href":"https:\/\/api.w.org\/{rel}","templated":true}]}}