{"id":83689,"date":"2024-09-25T13:42:20","date_gmt":"2024-09-25T13:42:20","guid":{"rendered":"https:\/\/www.ole.com.ar\/futbol-internacional\/jorge-jesus-neymar-lesion-hilal-vuelve_0_nUl7ipSKlT.html"},"modified":"2024-09-25T13:42:20","modified_gmt":"2024-09-25T13:42:20","slug":"jorge-jesus-hablo-sobre-la-recuperacion-de-neymar-no-puedo-especificar-una-fecha","status":"publish","type":"post","link":"http:\/\/hoycordobaweb.com\/index.php\/2024\/09\/25\/jorge-jesus-hablo-sobre-la-recuperacion-de-neymar-no-puedo-especificar-una-fecha\/","title":{"rendered":"Jorge Jes\u00fas habl\u00f3 sobre la recuperaci\u00f3n de Neymar: \u00abNo puedo especificar una fecha\u00bb"},"content":{"rendered":"<p><img src=\"http:\/\/hoycordobaweb.com\/wp-content\/uploads\/2024\/09\/jorge-jesus-hablo-sobre-la-recuperacion-de-neymar-no-puedo-especificar-una-fecha.jpg\"><\/p>\n<p><time class=\"createDate\" datetime=\"2024-09-25T10:42:20-03:00\">25\/09\/2024 10:42hs.<\/time><\/p>\n<div id=\"storyBody\">\n<div class=\"custom-text \" readability=\"38.787878787879\">\n<p><strong>Ya se cumplir\u00e1 casi un a\u00f1o sin jugar para<\/strong> <strong><a href=\"https:\/\/www.ole.com.ar\/tema\/neymar.html\" title=\"Neymar\" alt=\"Neymar\" class=\"slug\">Neymar<\/a><\/strong>, quien sufri\u00f3 una grave lesi\u00f3n luego de su fichaje por el club \u00e1rabe <strong><a href=\"https:\/\/www.ole.com.ar\/tema\/al-hilal.html\" title=\"Al-Hilal\" alt=\"Al-Hilal\" class=\"slug\">Al Hilal<\/a><\/strong>. El astro brasile\u00f1o hab\u00eda comenzado su aventura por Medio Oriente en agosto de 2023, pero desde ese entonces <strong>solo pudo jugar 5 partidos<\/strong>. Casi 12 meses despu\u00e9s de su \u00faltimo partido, con la selecci\u00f3n de Brasil ante Uruguay, <strong>todav\u00eda no est\u00e1 para volver a jugar seg\u00fan confirm\u00f3 el entrenador del conjunto \u00e1rabe, Jorge Jes\u00fas<\/strong>.<\/p>\n<\/div>\n<div class=\"custom-text \" readability=\"39\">\n<p>\u00abNeymar es un jugador importante para Al Hilal y la liga en general. <strong>Sin embargo, no puedo especificar una fecha en cuanto a cu\u00e1ndo regresar\u00e1, pero analizaremos la situaci\u00f3n en enero\u00bb, <\/strong>dijo el DT, a pesar de que el brasile\u00f1o volvi\u00f3 a entrenarse con el equipo en julio. Vale recordar que la lesi\u00f3n de Ney fue la rotura del menisco y el ligamento cruzado anterior de su rodilla izquierda.<\/p>\n<\/div>\n<div class=\"custom-text \" readability=\"41\">\n<p>Se esperaba que el delantero brasile\u00f1o arrancara sin problemas la temporada 2024\/25 de la Liga Profesional Saud\u00ed, pero todav\u00eda no est\u00e1 al 100%. De todas formas, <strong>Al-Hilal podr\u00e1 inscribirlo en enero para la segunda mitad del torneo, ya que su lugar en la plantilla fue ocupado por Marcos Leonardo<\/strong>, quien lleg\u00f3 desde el Benfica a principios de septiembre. Esto se debe a que se puede registrar un m\u00e1ximo de ocho jugadores extranjeros mayores de 21 a\u00f1os, <strong>aunque podr\u00eda jugar la AFC Champions League, que no tiene l\u00edmite<\/strong>.<\/p>\n<\/div>\n<div class=\"sc-e7b891c4-0 ifHnQL\"><img alt=\"Jorge Jes\u00fas, el buen entrenador del Al-Hilal. (AFP)\" loading=\"lazy\" width=\"720\" height=\"100\" decoding=\"async\" data-nimg=\"1\" src=\"http:\/\/hoycordobaweb.com\/wp-content\/uploads\/2024\/09\/jorge-jesus-hablo-sobre-la-recuperacion-de-neymar-no-puedo-especificar-una-fecha-2.jpg\"><span class=\"epigraphe\">Jorge Jes\u00fas, el buen entrenador del Al-Hilal. (AFP)<\/span><\/div>\n<div class=\"sc-e7b891c4-0 ifHnQL\"><img alt=\"Neymar, en uno de los pocos partidos que disput\u00f3 en el Al Hilal. (Foto: AP)\" loading=\"lazy\" width=\"720\" height=\"100\" decoding=\"async\" data-nimg=\"1\" src=\"http:\/\/hoycordobaweb.com\/wp-content\/uploads\/2024\/09\/jorge-jesus-hablo-sobre-la-recuperacion-de-neymar-no-puedo-especificar-una-fecha-3.jpg\"><span class=\"epigraphe\">Neymar, en uno de los pocos partidos que disput\u00f3 en el Al Hilal. (Foto: AP)<\/span><\/div>\n<p><h2><strong>\u00bfC\u00f3mo fue la lesi\u00f3n de Neymar?<\/strong><\/h2>\n<\/p>\n<div class=\"custom-text \" readability=\"32.865168539326\">\n<p>La lesi\u00f3n sucedi\u00f3 cuando jugaba por las <strong><a href=\"https:\/\/www.ole.com.ar\/tema\/eliminatorias-sudamericanas.html\" title=\"Eliminatorias Sudamericanas\" alt=\"Eliminatorias Sudamericanas\" class=\"slug\">Eliminatorias del Mundial 2026<\/a><\/strong> contra <strong><a href=\"https:\/\/www.ole.com.ar\/tema\/seleccion-de-uruguay.html\" title=\"Selecci\u00f3n de Uruguay\" alt=\"Selecci\u00f3n de Uruguay\" class=\"slug\">Uruguay<\/a><\/strong>, tras un choque con <strong><a href=\"https:\/\/www.ole.com.ar\/tema\/nico-de-la-cruz.html\" title=\"Nico De la Cruz\" alt=\"Nico De la Cruz\" class=\"slug\">Nicol\u00e1s de la Cruz<\/a><\/strong>: el futbolista del Al Hilal perdi\u00f3 la estabilidad, pis\u00f3 mal, cay\u00f3 al piso y se agarr\u00f3 de inmediato la rodilla izquierda. Debi\u00f3 salir en camilla con mucho dolor, para que luego se confirmara finalmente su grave diagn\u00f3stico.<\/p>\n<\/div>\n<div class=\"custom-text \" readability=\"39\">\n<p><strong>Ya son 344 d\u00edas desde que Neymar no disputa un encuentro, <\/strong>y se estima que llegar\u00eda a m\u00e1s de 50 partidos perdidos con el Al Hilal. El contrato del 10 de Brasil termina en junio de 2025, por lo que, a esta altura, habr\u00e1 pasado (en caso de no seguir posteriormente en el club) la mayor\u00eda de su tiempo en Arabia lesionado.<\/p>\n<\/div>\n<div class=\"custom-text \" readability=\"39\">\n<p><strong>\u201cNeymar tiene m\u00e1s pasi\u00f3n por otras cosas y pone esas otras cosas, que es su vida privada, por delante<\/strong>. Pero como jugador es fabuloso. Y como hombre estuve mes y medio con \u00e9l, me sorprendi\u00f3 positivamente en todo\u201d, hab\u00eda asegurado el DT del Al Hilal, a principios de este a\u00f1o.<\/p>\n<\/div>\n<div type=\"embed\" class=\"sc-3f46f5ae-0 djVTgz\">\n<div class=\"sc-3f46f5ae-1 fTjZec videoText\" id=\"contentTitleembed017mELLu\" type=\"embed\"><svg fill=\"#ffffff\"><symbol id=\"play\" viewBox=\"0 0 512 512\"><path d=\"M512 256C512 397.4 397.4 512 256 512C114.6 512 0 397.4 0 256C0 114.6 114.6 0 256 0C397.4 0 512 114.6 512 256zM176 168V344C176 352.7 180.7 360.7 188.3 364.9C195.8 369.2 205.1 369 212.5 364.5L356.5 276.5C363.6 272.1 368 264.4 368 256C368 247.6 363.6 239.9 356.5 235.5L212.5 147.5C205.1 142.1 195.8 142.8 188.3 147.1C180.7 151.3 176 159.3 176 168V168z\" \/><\/symbol><use xlink:href=\"#play\" \/><\/svg><\/p>\n<div class=\"right\">\n<p>Neymar<!-- --> &#8211;<!-- --> <span>&nbsp;<\/span><\/p>\n<h2 class=\"title-vid\">Dura lesi\u00f3n de Neymar<\/h2>\n<\/div>\n<\/div>\n<p><span class=\"back\" id=\"spanBackembed017mELLu\"><\/span><\/div>\n<div class=\"sc-e7b891c4-0 ifHnQL\"><img alt=\"Neymar volvi\u00f3 a Arabia (@Alhilal_FC)\" loading=\"lazy\" width=\"720\" height=\"100\" decoding=\"async\" data-nimg=\"1\" src=\"http:\/\/hoycordobaweb.com\/wp-content\/uploads\/2024\/09\/jorge-jesus-hablo-sobre-la-recuperacion-de-neymar-no-puedo-especificar-una-fecha-4.jpg\"><span class=\"epigraphe\">Neymar volvi\u00f3 a Arabia (@Alhilal_FC)<\/span><\/div>\n<div class=\"sc-a7166897-0 eoLsBE\" readability=\"7.5\">\n<section readability=\"5\"><picture><img alt=\"Simeone, sobre las pol\u00e9micas de Vinicius y Endrick: &quot;Ya lo dijiste todo vos, no hace falta comentar nada m\u00e1s&quot;\" loading=\"lazy\" width=\"290\" height=\"290\" decoding=\"async\" data-nimg=\"1\" src=\"http:\/\/hoycordobaweb.com\/wp-content\/uploads\/2024\/09\/jorge-jesus-hablo-sobre-la-recuperacion-de-neymar-no-puedo-especificar-una-fecha-5.jpg\"><\/picture>\n<p><span>Mir\u00e1 tambi\u00e9n<\/span><\/p>\n<hr>\n<h3>Simeone, sobre las pol\u00e9micas de Vinicius y Endrick: \u00abYa lo dijiste todo vos, no hace falta comentar nada m\u00e1s\u00bb<\/h3>\n<\/p>\n<\/section>\n<\/div>\n<div class=\"sc-a7166897-0 eoLsBE\" readability=\"6\">\n<section readability=\"2\"><picture><img alt=\"La preocupaci\u00f3n de Guardiola por la grave lesi\u00f3n de Rodri: &quot;Es irremplazable&quot;\" loading=\"lazy\" width=\"290\" height=\"290\" decoding=\"async\" data-nimg=\"1\" src=\"http:\/\/hoycordobaweb.com\/wp-content\/uploads\/2024\/09\/jorge-jesus-hablo-sobre-la-recuperacion-de-neymar-no-puedo-especificar-una-fecha-6.jpg\"><\/picture>\n<p><span>Mir\u00e1 tambi\u00e9n<\/span><\/p>\n<hr>\n<h3>La preocupaci\u00f3n de Guardiola por la grave lesi\u00f3n de Rodri: \u00abEs irremplazable\u00bb<\/h3>\n<\/p>\n<\/section>\n<\/div>\n<div class=\"sc-a7166897-0 eoLsBE\" readability=\"6\">\n<section readability=\"2\"><picture><img alt=\"\u00bfQu\u00e9 dijeron en Chile del triunfo de River sobre&nbsp;Colo&nbsp;Colo?\" loading=\"lazy\" width=\"290\" height=\"290\" decoding=\"async\" data-nimg=\"1\" src=\"http:\/\/hoycordobaweb.com\/wp-content\/uploads\/2024\/09\/jorge-jesus-hablo-sobre-la-recuperacion-de-neymar-no-puedo-especificar-una-fecha-7.jpg\"><\/picture>\n<p><span>Mir\u00e1 tambi\u00e9n<\/span><\/p>\n<hr>\n<h3>\u00bfQu\u00e9 dijeron en Chile del triunfo de River sobre&nbsp;Colo&nbsp;Colo?<\/h3>\n<\/p>\n<\/section>\n<\/div>\n<\/div>\n","protected":false},"excerpt":{"rendered":"<p>25\/09\/2024 10:42hs. Ya se cumplir\u00e1 casi un a\u00f1o sin jugar para Neymar, quien sufri\u00f3 una grave lesi\u00f3n luego de su fichaje por el club \u00e1rabe Al Hilal. El astro brasile\u00f1o hab\u00eda comenzado su aventura por Medio Oriente en agosto de 2023, pero desde ese entonces solo pudo jugar 5 partidos. Casi 12 meses despu\u00e9s de [&hellip;]<\/p>\n","protected":false},"author":1,"featured_media":83690,"comment_status":"open","ping_status":"closed","sticky":false,"template":"","format":"standard","meta":[],"categories":[16],"tags":[],"_links":{"self":[{"href":"http:\/\/hoycordobaweb.com\/index.php\/wp-json\/wp\/v2\/posts\/83689"}],"collection":[{"href":"http:\/\/hoycordobaweb.com\/index.php\/wp-json\/wp\/v2\/posts"}],"about":[{"href":"http:\/\/hoycordobaweb.com\/index.php\/wp-json\/wp\/v2\/types\/post"}],"author":[{"embeddable":true,"href":"http:\/\/hoycordobaweb.com\/index.php\/wp-json\/wp\/v2\/users\/1"}],"replies":[{"embeddable":true,"href":"http:\/\/hoycordobaweb.com\/index.php\/wp-json\/wp\/v2\/comments?post=83689"}],"version-history":[{"count":0,"href":"http:\/\/hoycordobaweb.com\/index.php\/wp-json\/wp\/v2\/posts\/83689\/revisions"}],"wp:featuredmedia":[{"embeddable":true,"href":"http:\/\/hoycordobaweb.com\/index.php\/wp-json\/wp\/v2\/media\/83690"}],"wp:attachment":[{"href":"http:\/\/hoycordobaweb.com\/index.php\/wp-json\/wp\/v2\/media?parent=83689"}],"wp:term":[{"taxonomy":"category","embeddable":true,"href":"http:\/\/hoycordobaweb.com\/index.php\/wp-json\/wp\/v2\/categories?post=83689"},{"taxonomy":"post_tag","embeddable":true,"href":"http:\/\/hoycordobaweb.com\/index.php\/wp-json\/wp\/v2\/tags?post=83689"}],"curies":[{"name":"wp","href":"https:\/\/api.w.org\/{rel}","templated":true}]}}