{"id":83612,"date":"2024-09-24T13:45:07","date_gmt":"2024-09-24T13:45:07","guid":{"rendered":"https:\/\/www.ole.com.ar\/boca-juniors\/pedrin-fainero-boca-hincha-caracterizado-arenga-martinez-rojo-ezeiza_0_aaeZKmTouK.html"},"modified":"2024-09-24T13:45:07","modified_gmt":"2024-09-24T13:45:07","slug":"quien-es-el-hincha-que-se-disfraza-de-un-personaje-caracteristico-de-boca-y-fue-a-ezeiza-a-arengar-a-rojo-y-diego-martinez","status":"publish","type":"post","link":"http:\/\/hoycordobaweb.com\/index.php\/2024\/09\/24\/quien-es-el-hincha-que-se-disfraza-de-un-personaje-caracteristico-de-boca-y-fue-a-ezeiza-a-arengar-a-rojo-y-diego-martinez\/","title":{"rendered":"Qui\u00e9n es el hincha que se disfraza de un personaje caracter\u00edstico de Boca y fue a Ezeiza a arengar a Rojo y Diego Mart\u00ednez"},"content":{"rendered":"<p><img src=\"http:\/\/hoycordobaweb.com\/wp-content\/uploads\/2024\/09\/quien-es-el-hincha-que-se-disfraza-de-un-personaje-caracteristico-de-boca-y-fue-a-ezeiza-a-arengar-a-rojo-y-diego-martinez.jpg\"><\/p>\n<p><time class=\"createDate\" datetime=\"2024-09-24T10:45:07-03:00\">24\/09\/2024 10:45hs.<\/time><\/p>\n<div id=\"storyBody\">\n<div class=\"custom-text \" readability=\"32.171532846715\">\n<p>Su voz se escuch\u00f3 en los videos que se viralizaron luego de la pr\u00e1ctica de <strong><a href=\"https:\/\/www.ole.com.ar\/tema\/boca-juniors.html\" title=\"Boca Juniors\" alt=\"Boca Juniors\" class=\"slug\">Boca<\/a><\/strong> de este lunes, la cual ten\u00eda la particularidad de ser decisiva para la continuidad de <strong><a href=\"https:\/\/www.ole.com.ar\/tema\/diego-martinez-dt.html\" title=\"Diego Mart\u00ednez DT\" alt=\"Diego Mart\u00ednez DT\" class=\"slug\">Diego Mart\u00ednez<\/a><\/strong>, adem\u00e1s de la primera luego de la derrota en el supercl\u00e1sico del s\u00e1bado anterior.<strong> De un modo directo, encar\u00f3 a <a href=\"https:\/\/www.ole.com.ar\/boca-juniors\/boca-superclasico-marcosrojo-bandera-hinchas_0_Duv5tGcBbh.html\" target=\"_self\" title=\"Marcos Rojo mientras firmaba aut\u00f3grafos y le dej\u00f3 un mensaje que sorprendi\u00f3 al capit\u00e1n xeneize. \" alt=\"Marcos Rojo mientras firmaba aut\u00f3grafos y le dej\u00f3 un mensaje que sorprendi\u00f3 al capit\u00e1n xeneize. \" rel=\"noopener noreferrer\">Marcos Rojo mientras firmaba aut\u00f3grafos y le dej\u00f3 un mensaje que sorprendi\u00f3 al capit\u00e1n xeneize. <\/a>Y luego, esper\u00f3 a Diego Mart\u00ednez para hacer algo similar. Pero, al margen de su excursi\u00f3n hasta Ezeiza, Alejandro Morelli no es un hincha com\u00fan.<\/strong><\/p>\n<\/div>\n<div class=\"custom-text \" readability=\"38\">\n<p>Porque su caracterizaci\u00f3n habitual,<strong> vestido como el tradicional personaje popular conocido como \u00abPedr\u00edn el Fainero\u00bb (el t\u00edpico pizzero de La Boca con bigote, boina y la bandeja en su mano), es un cl\u00e1sico de cada partido en la Bombonera verlo cantar y bailar en la popular norte baja<\/strong> y tambi\u00e9n recorrer en la previa las calles aleda\u00f1as al Templo dejando siempre una marca particular con su vestimenta y sus canciones.<\/p>\n<\/div>\n<div class=\"custom-text \" readability=\"41\">\n<p>Pero si bien Pedr\u00edn es un canto a la alegr\u00eda xeneize, Alejandro se tom\u00f3 el trabajo de ir hasta la pr\u00e1ctica dolido por el presente del equipo y por lo vivido en el \u00faltimo partido.<strong> \u00abYo quiero a Boca, para m\u00ed Rojo es uno m\u00e1s, como la mayor\u00eda. Para ellos la actitud es hacerse los locos, los matoncitos. Y la realidad es que no hay sacrificio, entrega ni actitud ultimamente\u00bb<\/strong>, analiz\u00f3 con Ol\u00e9 ya de regreso de Ezeiza.<\/p>\n<\/div>\n<div type=\"embed\" class=\"sc-3f46f5ae-0 djVTgz\">\n<div class=\"sc-3f46f5ae-1 fTjZec videoText\" id=\"contentTitleembed0CbzKTGk\" type=\"embed\"><svg fill=\"#ffffff\"><symbol id=\"play\" viewBox=\"0 0 512 512\"><path d=\"M512 256C512 397.4 397.4 512 256 512C114.6 512 0 397.4 0 256C0 114.6 114.6 0 256 0C397.4 0 512 114.6 512 256zM176 168V344C176 352.7 180.7 360.7 188.3 364.9C195.8 369.2 205.1 369 212.5 364.5L356.5 276.5C363.6 272.1 368 264.4 368 256C368 247.6 363.6 239.9 356.5 235.5L212.5 147.5C205.1 142.1 195.8 142.8 188.3 147.1C180.7 151.3 176 159.3 176 168V168z\" \/><\/symbol><use xlink:href=\"#play\" \/><\/svg><\/p>\n<div class=\"right\">\n<p>Boca Juniors<!-- --> &#8211;<!-- --> <span>&nbsp;<\/span><\/p>\n<h2 class=\"title-vid\">El pedido de un hincha a Rojo en Ezeiza<\/h2>\n<\/div>\n<\/div>\n<p><span class=\"back\" id=\"spanBackembed0CbzKTGk\"><\/span><\/div>\n<p><h2><strong>Hincha con historia y preocupado<\/strong><\/h2>\n<\/p>\n<div class=\"custom-text \" readability=\"43\">\n<p>Hincha de toda la vida, socio desde 1999, recuerda un partido ante Deportivo Mandiy\u00fa de comienzos de los 90 como su primera vez en cancha. \u00abEstoy re chiflado\u00bb, confiesa entre risas por sus ocurrencias, pero enseguida vuelve a ser anal\u00edtico. <strong>\u00abA Mart\u00ednez lo vi dolido, compungido, como si supiera cosas que nosotros no\u00bb<\/strong>, confes\u00f3. Claro, justamente su mensaje al DT ten\u00eda que ver con que se la juegue con lo que \u00e9l cree. Y el futuro lo preocupa.<\/p>\n<\/div>\n<div class=\"sc-e7b891c4-0 ifHnQL\"><img alt=\"Pedr\u00edn el Fainero, de joven, junto a Toto Lorenzo. (Gentileza Alejandro Morelli)\" loading=\"lazy\" width=\"720\" height=\"100\" decoding=\"async\" data-nimg=\"1\" src=\"http:\/\/hoycordobaweb.com\/wp-content\/uploads\/2024\/09\/quien-es-el-hincha-que-se-disfraza-de-un-personaje-caracteristico-de-boca-y-fue-a-ezeiza-a-arengar-a-rojo-y-diego-martinez-2.jpg\"><span class=\"epigraphe\">Pedr\u00edn el Fainero, de joven, junto a Toto Lorenzo. (Gentileza Alejandro Morelli)<\/span><\/div>\n<div class=\"custom-text \" readability=\"43\">\n<p>Sobre lo sucedido con Chiquito Romero (a quien quiso pero no pudo ver en su excursi\u00f3n), Alejandro tiene una visi\u00f3n particular: <strong>\u00abPara m\u00ed, no hay que suspenderlo, hay que bajarlo a que juegue en Reserva\u00bb<\/strong>, tir\u00f3. Y, de paso, le dej\u00f3 un consejo al DT para lo que viene&#8230; \u00abAdv\u00edncula tiene que jugar de 8, si juega mejor de 8. Que le pongan un 4 y juegue de 8\u00bb, reclam\u00f3.<\/p>\n<\/div>\n<div class=\"sc-e7b891c4-0 ifHnQL\"><img alt=\"Pedr\u00edn el Fainero, de chico, junto a Carlos Bianchi. (Gentileza Alejandro Morelli)\" loading=\"lazy\" width=\"720\" height=\"100\" decoding=\"async\" data-nimg=\"1\" src=\"http:\/\/hoycordobaweb.com\/wp-content\/uploads\/2024\/09\/quien-es-el-hincha-que-se-disfraza-de-un-personaje-caracteristico-de-boca-y-fue-a-ezeiza-a-arengar-a-rojo-y-diego-martinez-3.jpg\"><span class=\"epigraphe\">Pedr\u00edn el Fainero, de chico, junto a Carlos Bianchi. (Gentileza Alejandro Morelli)<\/span><\/div>\n<p><h2><strong>La foto que s\u00ed pidi\u00f3<\/strong><\/h2>\n<\/p>\n<div class=\"custom-text \" readability=\"39\">\n<p>El final del d\u00eda lo encontr\u00f3 reconocido por la gente en redes, aunque \u00e9l no lo celebra. De hecho su \u00faltimo posteo antes de cerrar la jornada fue con una foto junto a Blas Giunta y una frase elocuente: <strong>\u00abUna sola foto ped\u00ed. \u00bfLa sonrisa? Se las debo, para cuando entiendan nuestros jugadores que a Boca se lo defiende como hac\u00eda este animal\u00bb,<\/strong> cerr\u00f3 Alejandro. O Pedr\u00edn, el Fainero.<\/p>\n<\/div>\n<div class=\"sc-a7166897-0 eoLsBE\" readability=\"7\">\n<section readability=\"4\"><picture><img alt=\"Boca EN VIVO: el nuevo equipo que probar\u00e1 Mart\u00ednez, la reacci\u00f3n de Chiquito Romero a su sanci\u00f3n y m\u00e1s de este martes 24 de septiembre\" loading=\"lazy\" width=\"290\" height=\"290\" decoding=\"async\" data-nimg=\"1\" src=\"http:\/\/hoycordobaweb.com\/wp-content\/uploads\/2024\/09\/quien-es-el-hincha-que-se-disfraza-de-un-personaje-caracteristico-de-boca-y-fue-a-ezeiza-a-arengar-a-rojo-y-diego-martinez-4.jpg\"><\/picture>\n<p><span>Mir\u00e1 tambi\u00e9n<\/span><\/p>\n<hr>\n<h3>Boca EN VIVO: el nuevo equipo que probar\u00e1 Mart\u00ednez, la reacci\u00f3n de Chiquito Romero a su sanci\u00f3n y m\u00e1s de este martes 24 de septiembre<\/h3>\n<\/p>\n<\/section>\n<\/div>\n<div class=\"sc-a7166897-0 eoLsBE\" readability=\"7\">\n<section readability=\"4\"><picture><img alt=\"La suspensi\u00f3n de Chiquito Romero, un cap\u00edtulo m\u00e1s de los altibajos en el arco de Boca durante los \u00faltimos a\u00f1os\" loading=\"lazy\" width=\"290\" height=\"290\" decoding=\"async\" data-nimg=\"1\" src=\"http:\/\/hoycordobaweb.com\/wp-content\/uploads\/2024\/09\/quien-es-el-hincha-que-se-disfraza-de-un-personaje-caracteristico-de-boca-y-fue-a-ezeiza-a-arengar-a-rojo-y-diego-martinez-5.jpg\"><\/picture>\n<p><span>Mir\u00e1 tambi\u00e9n<\/span><\/p>\n<hr>\n<h3>La suspensi\u00f3n de Chiquito Romero, un cap\u00edtulo m\u00e1s de los altibajos en el arco de Boca durante los \u00faltimos a\u00f1os<\/h3>\n<\/p>\n<\/section>\n<\/div>\n<div class=\"sc-a7166897-0 eoLsBE\" readability=\"6\">\n<section readability=\"2\"><picture><img alt=\"Bomba: Boca suspendi\u00f3 a Chiquito Romero\" loading=\"lazy\" width=\"290\" height=\"290\" decoding=\"async\" data-nimg=\"1\" src=\"http:\/\/hoycordobaweb.com\/wp-content\/uploads\/2024\/09\/quien-es-el-hincha-que-se-disfraza-de-un-personaje-caracteristico-de-boca-y-fue-a-ezeiza-a-arengar-a-rojo-y-diego-martinez-6.jpg\"><\/picture>\n<p><span>Mir\u00e1 tambi\u00e9n<\/span><\/p>\n<hr>\n<h3>Bomba: Boca suspendi\u00f3 a Chiquito Romero<\/h3>\n<\/p>\n<\/section>\n<\/div>\n<div class=\"sc-a7166897-0 eoLsBE\" readability=\"6.5\">\n<section readability=\"3\"><picture><img alt=\"Chiquito Romero, de h\u00e9roe a c\u00f3ctel explosivo\" loading=\"lazy\" width=\"290\" height=\"290\" decoding=\"async\" data-nimg=\"1\" src=\"http:\/\/hoycordobaweb.com\/wp-content\/uploads\/2024\/09\/quien-es-el-hincha-que-se-disfraza-de-un-personaje-caracteristico-de-boca-y-fue-a-ezeiza-a-arengar-a-rojo-y-diego-martinez-7.jpg\"><\/picture>\n<p><span>Mir\u00e1 tambi\u00e9n<\/span><\/p>\n<hr>\n<h3>Chiquito Romero, de h\u00e9roe a c\u00f3ctel explosivo<\/h3>\n<\/p>\n<\/section>\n<\/div>\n<\/div>\n","protected":false},"excerpt":{"rendered":"<p>24\/09\/2024 10:45hs. Su voz se escuch\u00f3 en los videos que se viralizaron luego de la pr\u00e1ctica de Boca de este lunes, la cual ten\u00eda la particularidad de ser decisiva para la continuidad de Diego Mart\u00ednez, adem\u00e1s de la primera luego de la derrota en el supercl\u00e1sico del s\u00e1bado anterior. De un modo directo, encar\u00f3 a [&hellip;]<\/p>\n","protected":false},"author":1,"featured_media":83613,"comment_status":"open","ping_status":"closed","sticky":false,"template":"","format":"standard","meta":[],"categories":[16],"tags":[],"_links":{"self":[{"href":"http:\/\/hoycordobaweb.com\/index.php\/wp-json\/wp\/v2\/posts\/83612"}],"collection":[{"href":"http:\/\/hoycordobaweb.com\/index.php\/wp-json\/wp\/v2\/posts"}],"about":[{"href":"http:\/\/hoycordobaweb.com\/index.php\/wp-json\/wp\/v2\/types\/post"}],"author":[{"embeddable":true,"href":"http:\/\/hoycordobaweb.com\/index.php\/wp-json\/wp\/v2\/users\/1"}],"replies":[{"embeddable":true,"href":"http:\/\/hoycordobaweb.com\/index.php\/wp-json\/wp\/v2\/comments?post=83612"}],"version-history":[{"count":0,"href":"http:\/\/hoycordobaweb.com\/index.php\/wp-json\/wp\/v2\/posts\/83612\/revisions"}],"wp:featuredmedia":[{"embeddable":true,"href":"http:\/\/hoycordobaweb.com\/index.php\/wp-json\/wp\/v2\/media\/83613"}],"wp:attachment":[{"href":"http:\/\/hoycordobaweb.com\/index.php\/wp-json\/wp\/v2\/media?parent=83612"}],"wp:term":[{"taxonomy":"category","embeddable":true,"href":"http:\/\/hoycordobaweb.com\/index.php\/wp-json\/wp\/v2\/categories?post=83612"},{"taxonomy":"post_tag","embeddable":true,"href":"http:\/\/hoycordobaweb.com\/index.php\/wp-json\/wp\/v2\/tags?post=83612"}],"curies":[{"name":"wp","href":"https:\/\/api.w.org\/{rel}","templated":true}]}}