{"id":83575,"date":"2024-09-24T11:24:00","date_gmt":"2024-09-24T11:24:00","guid":{"rendered":"https:\/\/www.trendencias.com\/celebrities\/ha-empezado-a-llorar-chenoa-se-emociona-pleno-directo-cuando-publico-le-grita"},"modified":"2024-09-24T11:24:00","modified_gmt":"2024-09-24T11:24:00","slug":"ha-empezado-a-llorar-chenoa-se-emociona-en-pleno-directo-cuando-el-publico-le-grita","status":"publish","type":"post","link":"http:\/\/hoycordobaweb.com\/index.php\/2024\/09\/24\/ha-empezado-a-llorar-chenoa-se-emociona-en-pleno-directo-cuando-el-publico-le-grita\/","title":{"rendered":"\u00abHa empezado a llorar\u00bb: Chenoa se emociona en pleno directo cuando el p\u00fablico le grita"},"content":{"rendered":"<p><strong>La gran Chenoa es historia de Espa\u00f1a<\/strong>. As\u00ed, sin m\u00e1s. Concurs\u00f3 en la primera edici\u00f3n de &#8216;OT&#8217;, nos brind\u00f3 con su historia de amor con David Bisbal, para despu\u00e9s confirmar la ruptura a l\u00e1grima viva y luciendo su<a href=\"https:\/\/www.trendencias.com\/celebrities\/que-fue-chandal-gris-que-chenoa-anuncio-su-ruptura-david-bisbal\"> ic\u00f3nico ch\u00e1ndal gris<\/a>. Adem\u00e1s, es la due\u00f1a y se\u00f1ora de m\u00edticas canciones como &#8216;Cuando t\u00fa vas&#8217;, &#8216;Atr\u00e9vete&#8217; o &#8216;Soy lo que me das&#8217; con las que lo hemos dado todo en el pub de turno.<\/p>\n<p><!-- BREAK 1 --> <\/p>\n<div class=\"article-asset article-asset-normal article-asset-center\">\n<div class=\"desvio-container\">\n<div class=\"desvio\">\n<div class=\"desvio-figure js-desvio-figure\"> <a href=\"https:\/\/www.trendencias.com\/celebrities\/tinet-rubira-desvela-contratara-no-a-chenoa-proxima-edicion-operacion-triunfo\"> <img loading=\"lazy\" alt=\"Tinet Rubira desvela si contratar\u00e1 (o no) a Chenoa en la pr\u00f3xima edici\u00f3n de 'Operaci\u00f3n Triunfo'\" width=\"375\" height=\"142\" src=\"http:\/\/hoycordobaweb.com\/wp-content\/uploads\/2024\/09\/ha-empezado-a-llorar-chenoa-se-emociona-en-pleno-directo-cuando-el-publico-le-grita.jpg\"> <\/a> <\/div><\/div><\/div>\n<\/div>\n<p>Espa\u00f1a quiere a <a href=\"https:\/\/www.trendencias.com\/tag\/chenoa\">Chenoa <\/a>y ella adora Espa\u00f1a. As\u00ed lo ha demostrado el pasado fin de semana durante el festival &#8216;Brava&#8217; de Madrid donde la argentina hizo cantar y bailar a un p\u00fablico que la necesitaba de vuelta en los escenarios: \u00ab<strong>Me emociono de alegr\u00eda porque nunca doy nada por sentado<\/strong>\u00ab, confesaba la artista, con la voz entrecortada, ante los\/as que acudieron al evento.<\/p>\n<p><!-- BREAK 2 --><\/p>\n<p>\u00abHe estado mirando todo el rato en redes sociales qu\u00e9 quer\u00edais que cantara\u00bb, admit\u00eda la int\u00e9rprete de &#8216;Absurda Cenicienta&#8217; en IFEMA destacando que \u00absiempre estoy a examen y me gusta recordar por qu\u00e9 llevo 23 a\u00f1os sobre un escenario\u00bb.<\/p>\n<p><!-- BREAK 3 --> <\/p>\n<div class=\"article-asset-image article-asset-normal article-asset-center\">\n<div class=\"asset-content\"> <img class=\"centro_sinmarco\" height=\"838\" width=\"595\" loading=\"lazy\" decoding=\"async\" sizes=\"100vw\" fetchpriority=\"high\" srcset=\"http:\/\/hoycordobaweb.com\/wp-content\/uploads\/2024\/09\/ha-empezado-a-llorar-chenoa-se-emociona-en-pleno-directo-cuando-el-publico-le-grita-1.jpg 450w, http:\/\/hoycordobaweb.com\/wp-content\/uploads\/2024\/09\/ha-empezado-a-llorar-chenoa-se-emociona-en-pleno-directo-cuando-el-publico-le-grita-4.jpg 681w, http:\/\/hoycordobaweb.com\/wp-content\/uploads\/2024\/09\/ha-empezado-a-llorar-chenoa-se-emociona-en-pleno-directo-cuando-el-publico-le-grita-5.jpg 1024w, http:\/\/hoycordobaweb.com\/wp-content\/uploads\/2024\/09\/ha-empezado-a-llorar-chenoa-se-emociona-en-pleno-directo-cuando-el-publico-le-grita-6.jpg 1366w\" src=\"http:\/\/hoycordobaweb.com\/wp-content\/uploads\/2024\/09\/ha-empezado-a-llorar-chenoa-se-emociona-en-pleno-directo-cuando-el-publico-le-grita-1.jpg\" alt=\"f\"> <noscript><img alt=\"f\" class=\"centro_sinmarco\" src=\"http:\/\/hoycordobaweb.com\/wp-content\/uploads\/2024\/09\/ha-empezado-a-llorar-chenoa-se-emociona-en-pleno-directo-cuando-el-publico-le-grita-1.jpg\"><\/noscript> <\/div>\n<\/div>\n<p>Fue en ese instante cuando la muchedumbre se uni\u00f3 al grito de \u00ab<strong>\u00a1Chenoa, a Eurovisi\u00f3n!<\/strong>\u00ab, y ella, entre l\u00e1grimas, le recordaba que es \u00abhumana\u00bb. Siendo \u00e9ste un gui\u00f1o a una de sus cantinelas m\u00e1s famosas.<\/p>\n<p><!-- BREAK 4 --><\/p>\n<p>\u00abQue esta mujer no sea cabeza de festival en muchos festivales de Espa\u00f1a es algo que me cuestiono siempre\u00bb, \u00abElla si tiene que ser un icono. Una t\u00eda trabajadora y profesional\u00bb, \u00abEl recordatorio de por qu\u00e9 Chenoa es un icono atemporal y una de las artistas m\u00e1s queridas, respetadas y currantas sobre un escenario\u00bb o \u00abMe ha emocionado su emoci\u00f3n y el cari\u00f1o que le ha dado el publico. Chenoa es la <strong>ARTISTA <\/strong>que merecemos\u00bb, son algunas de las opiniones que ha generado la puesta en escena de cantautora en &#8216;X&#8217; (Twitter).<\/p>\n<p><!-- BREAK 5 --><\/p>\n<div class=\"article-asset-image article-asset-normal article-asset-center\">\n<div class=\"asset-content\">\n<div class=\"caption-img \"> <a rel=\"noopener, noreferrer\" href=\"https:\/\/x.com\/saan90\/status\/1837614348811784679\"> <img class=\"centro_sinmarco\" height=\"760\" width=\"582\" loading=\"lazy\" decoding=\"async\" sizes=\"100vw\" fetchpriority=\"high\" srcset=\"http:\/\/hoycordobaweb.com\/wp-content\/uploads\/2024\/09\/ha-empezado-a-llorar-chenoa-se-emociona-en-pleno-directo-cuando-el-publico-le-grita-2.jpg 450w, http:\/\/hoycordobaweb.com\/wp-content\/uploads\/2024\/09\/ha-empezado-a-llorar-chenoa-se-emociona-en-pleno-directo-cuando-el-publico-le-grita-7.jpg 681w, http:\/\/hoycordobaweb.com\/wp-content\/uploads\/2024\/09\/ha-empezado-a-llorar-chenoa-se-emociona-en-pleno-directo-cuando-el-publico-le-grita-8.jpg 1024w, http:\/\/hoycordobaweb.com\/wp-content\/uploads\/2024\/09\/ha-empezado-a-llorar-chenoa-se-emociona-en-pleno-directo-cuando-el-publico-le-grita-9.jpg 1366w\" src=\"http:\/\/hoycordobaweb.com\/wp-content\/uploads\/2024\/09\/ha-empezado-a-llorar-chenoa-se-emociona-en-pleno-directo-cuando-el-publico-le-grita-2.jpg\" alt=\"Nunca doy nada por sentado\"> <noscript><img alt=\"Nunca doy nada por sentado\" class=\"centro_sinmarco\" src=\"http:\/\/hoycordobaweb.com\/wp-content\/uploads\/2024\/09\/ha-empezado-a-llorar-chenoa-se-emociona-en-pleno-directo-cuando-el-publico-le-grita-2.jpg\"><\/noscript> <\/a> <span>Haz click en la imagen para acceder al tweet.<\/span> <\/div><\/div>\n<\/div>\n<p>Cabe destacar que la actual presentadora de &#8216;OT&#8217; tiene un nuevo proyecto junto a <a href=\"https:\/\/www.trendencias.com\/tag\/ana%20guerra\">Ana Guerra<\/a>. Este d\u00fao dispone de una colaboraci\u00f3n titulada &#8216;Me quiero m\u00e1s a m\u00ed&#8217; y la podremos escuchar en el pr\u00f3ximo disco de la canaria: \u00ab<strong>Qu\u00e9 fantas\u00eda compartir contigo este temazo<\/strong>\u00ab, le escrib\u00eda Chenoa a su compa\u00f1era en redes sociales.<\/p>\n<p><!-- BREAK 6 --> <\/p>\n<p>Foto | Antena 3 e Instagram de <a rel=\"noopener, noreferrer\" href=\"https:\/\/www.instagram.com\/chenoa\/\">@chenoa<\/a><\/p>\n<p>En Trendencias | <a href=\"https:\/\/www.trendencias.com\/celebrities\/que-fue-inma-contreras-gran-hermano-7-ultima-foto-publicada-concursante\">Qu\u00e9 fue de Inma Contreras (&#8216;Gran Hermano 7&#8217;): la \u00faltima foto publicada de la concursante<\/a><\/p>\n<p>En Trendencias | <a href=\"https:\/\/www.trendencias.com\/celebrities\/fue-cabrero-que-gano-gh-4-tuvo-hija-su-companera-reality-asi-vida-pedro-oliva-su-divorcio\">Qu\u00e9 fue de Pedro Oliva, el cabrero que gan\u00f3 Gran Hermano 4 y tuvo una hija con su compa\u00f1era de reality<\/a><\/p>\n","protected":false},"excerpt":{"rendered":"<p>La gran Chenoa es historia de Espa\u00f1a. As\u00ed, sin m\u00e1s. Concurs\u00f3 en la primera edici\u00f3n de &#8216;OT&#8217;, nos brind\u00f3 con su historia de amor con David Bisbal, para despu\u00e9s confirmar la ruptura a l\u00e1grima viva y luciendo su ic\u00f3nico ch\u00e1ndal gris. Adem\u00e1s, es la due\u00f1a y se\u00f1ora de m\u00edticas canciones como &#8216;Cuando t\u00fa vas&#8217;, &#8216;Atr\u00e9vete&#8217; [&hellip;]<\/p>\n","protected":false},"author":1,"featured_media":83576,"comment_status":"closed","ping_status":"closed","sticky":false,"template":"","format":"standard","meta":[],"categories":[],"tags":[],"_links":{"self":[{"href":"http:\/\/hoycordobaweb.com\/index.php\/wp-json\/wp\/v2\/posts\/83575"}],"collection":[{"href":"http:\/\/hoycordobaweb.com\/index.php\/wp-json\/wp\/v2\/posts"}],"about":[{"href":"http:\/\/hoycordobaweb.com\/index.php\/wp-json\/wp\/v2\/types\/post"}],"author":[{"embeddable":true,"href":"http:\/\/hoycordobaweb.com\/index.php\/wp-json\/wp\/v2\/users\/1"}],"replies":[{"embeddable":true,"href":"http:\/\/hoycordobaweb.com\/index.php\/wp-json\/wp\/v2\/comments?post=83575"}],"version-history":[{"count":0,"href":"http:\/\/hoycordobaweb.com\/index.php\/wp-json\/wp\/v2\/posts\/83575\/revisions"}],"wp:featuredmedia":[{"embeddable":true,"href":"http:\/\/hoycordobaweb.com\/index.php\/wp-json\/wp\/v2\/media\/83576"}],"wp:attachment":[{"href":"http:\/\/hoycordobaweb.com\/index.php\/wp-json\/wp\/v2\/media?parent=83575"}],"wp:term":[{"taxonomy":"category","embeddable":true,"href":"http:\/\/hoycordobaweb.com\/index.php\/wp-json\/wp\/v2\/categories?post=83575"},{"taxonomy":"post_tag","embeddable":true,"href":"http:\/\/hoycordobaweb.com\/index.php\/wp-json\/wp\/v2\/tags?post=83575"}],"curies":[{"name":"wp","href":"https:\/\/api.w.org\/{rel}","templated":true}]}}