{"id":83560,"date":"2024-09-24T05:38:48","date_gmt":"2024-09-24T05:38:48","guid":{"rendered":"https:\/\/www.mujerhoy.com\/moda\/no-te-pierdas\/armario-perfecto-50-anos-ropa-basicos-consejos-expertas-20240924073837-nt.html"},"modified":"2024-09-24T05:38:48","modified_gmt":"2024-09-24T05:38:48","slug":"como-conseguir-el-armario-perfecto-a-los-50-las-prendas-que-no-pueden-faltar-segun-las-expertas","status":"publish","type":"post","link":"http:\/\/hoycordobaweb.com\/index.php\/2024\/09\/24\/como-conseguir-el-armario-perfecto-a-los-50-las-prendas-que-no-pueden-faltar-segun-las-expertas\/","title":{"rendered":"C\u00f3mo conseguir el armario perfecto a los 50: las prendas que no pueden faltar seg\u00fan las expertas"},"content":{"rendered":"<p class=\"voc-paragraph\" data-mrf-recirculation=\"Link art\u00edculo\">Cada vez es m\u00e1s com\u00fan <strong>hablar de moda en t\u00e9rminos responsables y sostenibles<\/strong>. Factores como el impacto de la industria en el medioambiente o la tendencia a un consumismo cada vez mayor que lleva a acumular prendas y prendas de ropa sin orden ni concierto que casi no te pones son algunos de los factores que han dado la voz de alarma a muchas personas sobre la necesidad de cambiar su relaci\u00f3n con la moda.\n<\/p>\n<p class=\"voc-paragraph\" data-mrf-recirculation=\"Link art\u00edculo\">Entre las iniciativas m\u00e1s populares a la hora de crear guardarropas conscientes y responsables est\u00e1 la de <strong>construir tu armario solo con lo esencial<\/strong> y con prendas de ropa que sepas que s\u00ed te vas a poner. Son muchas las mujeres que ya se han unido a esta tendencia que aboga por el minimalismo y el consumo responsable de la moda y que ha resultado tener <a data-voc-vtm-id=\"in-text-traffic\" href=\"https:\/\/www.mujerhoy.com\/moda\/no-te-pierdas\/como-crear-armario-capsula-verano-prendas-imprescindibles-basicos-versatiles-20240505085153-nt.html\" target=\"_self\" data-mrf-link=\"https:\/\/www.mujerhoy.com\/moda\/no-te-pierdas\/como-crear-armario-capsula-verano-prendas-imprescindibles-basicos-versatiles-20240505085153-nt.html\" rel=\"noopener noreferrer\">muchas ventajas que van m\u00e1s all\u00e1 de lo evidente<\/a><br \/>\n.\n<\/p>\n<div class=\"voc-detail__cmp\">\n<div class=\"voc-article-container\">\n<article class=\"voc-article voc-article--cmp-related voc-article--photo-left voc-article--photo-left--right-xs voc-home-tit-st\">\n<div class=\"voc-img-container \"> <picture> <a href=\"https:\/\/www.mujerhoy.com\/moda\/tendencias\/sostenibilidad-mundo-moda-arte-mejores-propuestas-20230505071658-nt.html#vca=modulos&amp;vso=mujerhoy&amp;vmc=noticias-rel-cmp&amp;vli=moda\/no-te-pierdas\" class=\"voc-horizontal voc-img-icon-link\"> <img alt=\"La sostenibilidad en el mundo de la moda y el arte: te contamos las mejores propuestas\" loading=\"lazy\" src=\"http:\/\/hoycordobaweb.com\/wp-content\/uploads\/2024\/09\/como-conseguir-el-armario-perfecto-a-los-50-las-prendas-que-no-pueden-faltar-segun-las-expertas.jpg\"> <\/a> <\/picture> <\/div>\n<\/article><\/div>\n<\/div>\n<p class=\"voc-paragraph\" data-mrf-recirculation=\"Link art\u00edculo\">Las asesoras de imagen <a data-voc-vtm-id=\"in-text-traffic\" href=\"https:\/\/www.natcebrian.com\/\" target=\"_blank\" rel=\"nofollow noopener noreferrer\" data-mrf-link=\"https:\/\/www.natcebrian.com\/\">Natalia Cebri\u00e1n<\/a> y <a data-voc-vtm-id=\"in-text-traffic\" href=\"https:\/\/asesorasdeimagen.com\/\" target=\"_blank\" rel=\"nofollow noopener noreferrer\" data-mrf-link=\"https:\/\/asesorasdeimagen.com\/\">Margarita Diosdado<\/a> te cuentan c\u00f3mo conseguir el <strong>armario perfecto si tienes m\u00e1s de 50 <\/strong>y est\u00e1s pensando en cambiar tus h\u00e1bitos hacia un consumo m\u00e1s responsable sin perder el estilo. Toma nota y prep\u00e1rate para conseguir un guardarropa funcional y disfrutar de todas las bondades del menos es m\u00e1s.\n<\/p>\n<p><h3 class=\"voc-detail__title\"> El paso a paso para crear un armario consciente a los 50<br \/>\n<\/h3>\n<\/p>\n<p class=\"voc-paragraph\" data-mrf-recirculation=\"Link art\u00edculo\">Antes de empezar, es fundamental tener claro en qu\u00e9 consiste exactamente esto de crear un armario con lo imprescindible, un concepto que recibe tambi\u00e9n el nombre de &#8216;armario c\u00e1psula&#8217;. En esencia, como define Margarita Diosdado, se trata de conseguir \u00abuna colecci\u00f3n reducida de <strong>prendas esenciales y atemporales <\/strong>que se pueden combinar entre s\u00ed para crear m\u00faltiples conjuntos\u00ab.\n<\/p>\n<p class=\"voc-paragraph\" data-mrf-recirculation=\"Link art\u00edculo\">En cuanto al tipo de prendas que tienen cabida en este proyecto, la asesora de imagen matiza: \u00abLa idea es simplificar tu vestuario, enfoc\u00e1ndote en calidad sobre cantidad\u00bb. <strong>\u00abLa versatilidad, la calidad y la atemporalidad\u00bb<\/strong> son las principales caracter\u00edsticas de las piezas que componen este tipo de armarios para Natalia Cebri\u00e1n, que tambi\u00e9n coincide en que tienen que cumplir con el requisito de que se puedan \u00abcombinar f\u00e1cilmente\u00bb.\n<\/p>\n<p class=\"voc-paragraph\" data-mrf-recirculation=\"Link art\u00edculo\">Aunque no es un proceso del todo complicado, s\u00ed que requiere algo de esfuerzo (tal vez ayuda de alg\u00fan profesional del sector si te ves muy perdida) y, sobretodo, tener claro algunos factores como los que menciona Margarita Diosdado: \u00abPrimero debes tener en cuenta estos factores: tu presupuesto, tu personalidad, tu trabajo, <a data-voc-vtm-id=\"in-text-traffic\" href=\"https:\/\/www.mujerhoy.com\/belleza\/pelo\/colores-pelo-no-recomendaria-peluquero-partir-50-20240516134934-nt.html\" target=\"_blank\" data-mrf-link=\"https:\/\/www.mujerhoy.com\/belleza\/pelo\/colores-pelo-no-recomendaria-peluquero-partir-50-20240516134934-nt.html\" rel=\"noopener noreferrer\">tu colorimetr\u00eda<\/a><br \/>\n, tu complexi\u00f3n y tu estilo\u00ab. Con esto claro, es el momento de pasar al segundo paso que detalla la estilista y que no es otro que \u00bb<br \/>\n<strong>elegir piezas que te encanten <\/strong>y que te hagan sentir segura y c\u00f3moda\u00ab.\n<\/p>\n<div class=\"voc-detail-photo-zoom\"> <picture data-toggle=\"modal\" data-target=\"#photoZoomModal-992\" target=\"modal\">\n<div class=\"voc-img-icon-link\"> <img loading=\"lazy\" src=\"http:\/\/hoycordobaweb.com\/wp-content\/uploads\/2024\/09\/como-conseguir-el-armario-perfecto-a-los-50-las-prendas-que-no-pueden-faltar-segun-las-expertas.webp\" width=\"650\" height=\"900\" alt=\"Mujer vestida con prendas b\u00e1sicas neutras\/LAUNCHMETRICS SPOTLIGHT\"> <noscript> <img src=\"http:\/\/hoycordobaweb.com\/wp-content\/uploads\/2024\/09\/como-conseguir-el-armario-perfecto-a-los-50-las-prendas-que-no-pueden-faltar-segun-las-expertas.webp\" alt=\"Mujer vestida con prendas b\u00e1sicas neutras\/LAUNCHMETRICS SPOTLIGHT\"> <\/noscript> <i class=\"voc-icons zoom voc-multimedia-box voc-ico-l\"><\/i> <\/div><figcaption class=\"figure-caption\">Mujer vestida con prendas b\u00e1sicas neutras\/LAUNCHMETRICS SPOTLIGHT<\/figcaption><\/picture>\n<\/div>\n<div id=\"photoZoomModal-992\" class=\"voc-lightbox modal fade voc-lightbox--photo-zoom\" role=\"dialog\" data-voc-photozoom-lightbox>\n<div class=\"voc-lightbox__dialog\" role=\"document\">\n<div class=\"voc-lightbox__content\"> <!-- Modal header --> <!-- Modal content --> <\/p>\n<div class=\"voc-lightbox__photo-container\"> <picture class> <img loading=\"lazy\" src=\"http:\/\/hoycordobaweb.com\/wp-content\/uploads\/2024\/09\/como-conseguir-el-armario-perfecto-a-los-50-las-prendas-que-no-pueden-faltar-segun-las-expertas.webp\" alt=\"Mujer vestida con prendas b\u00e1sicas neutras\/LAUNCHMETRICS SPOTLIGHT\"> <noscript> <img src=\"http:\/\/hoycordobaweb.com\/wp-content\/uploads\/2024\/09\/como-conseguir-el-armario-perfecto-a-los-50-las-prendas-que-no-pueden-faltar-segun-las-expertas.webp\" alt=\"Mujer vestida con prendas b\u00e1sicas neutras\/LAUNCHMETRICS SPOTLIGHT\"> <\/noscript> <\/picture> <\/div><\/div><\/div>\n<\/div>\n<p><h3 class=\"voc-detail__title\"> C\u00f3mo saber qu\u00e9 incluir en el armario perfecto a los 50<br \/>\n<\/h3>\n<\/p>\n<p class=\"voc-paragraph\" data-mrf-recirculation=\"Link art\u00edculo\">El tipo de prenda, la cantidad o la calidad de la misma son algunos de los aspectos en los que tienes que reparar antes de adentrarte en la tarea de crear de cero tu armario. En cuanto a la cantidad perfecta de ropa que debes incluir en este tipo de guardarropa, las expertas coinciden en una horquilla que<br \/>\n<strong> va de las 30 a las 60<\/strong>, si contamos entre ellas zapatos, bolsos y accesorios. Sin embargo, como se\u00f1ala Margarita Diosdado, la cantidad exacta \u00abdepende exactamente de la <strong>capacidad que tenga tu armario<\/strong>\u00bb. Al final, esta simpleza y comodidad a la hora de vestir se traslada tambi\u00e9n a la paz visual que proporciona un almacenamiento limpio y bien ordenado.\n<\/p>\n<p class=\"voc-paragraph\" data-mrf-recirculation=\"Link art\u00edculo\">En cuanto a qu\u00e9 prendas deben formar parte de este armario, Natalia Cebri\u00e1n recalca que los <strong>b\u00e1sicos imprescindibles a cualquier edad <\/strong>son \u00abun buen par de jeans, <a data-voc-vtm-id=\"in-text-traffic\" href=\"https:\/\/www.mujerhoy.com\/lujo-slow\/reina-letizia-traje-favorito-hugo-boss-favorece-cualquier-edad-lujo-silencioso-20240215130708-nt.html\" target=\"_blank\" data-mrf-link=\"https:\/\/www.mujerhoy.com\/lujo-slow\/reina-letizia-traje-favorito-hugo-boss-favorece-cualquier-edad-lujo-silencioso-20240215130708-nt.html\" rel=\"noopener noreferrer\">un traje sastre<\/a><br \/>\n, camisas o camisetas b\u00e1sicas en funci\u00f3n de tu estilo o un abrigo cl\u00e1sico\u00ab. Sin embargo, es importante tener claro por qu\u00e9 escoges estas piezas y cu\u00e1l es la versi\u00f3n que mejor te puede ir de cada una de ellas para asegurarte por completo de que el objetivo de sacarle el m\u00e1ximo partido posible a cada una de las piezas en tus looks se cumple. La asesora de imagen Margarita Diosdado nos deja algunas indicaciones: <\/p>\n<p class=\"voc-paragraph\" data-mrf-recirculation=\"Link art\u00edculo\">&#8211; <strong>Pantalones de sport o vaqueros<\/strong>: \u00abEl <a data-voc-vtm-id=\"in-text-traffic\" href=\"https:\/\/www.mujerhoy.com\/moda\/tendencias\/201805\/21\/vaqueros-low-cost-mom-zara-mango-501977214064-ga.html\" target=\"_blank\" data-mrf-link=\"https:\/\/www.mujerhoy.com\/moda\/tendencias\/201805\/21\/vaqueros-low-cost-mom-zara-mango-501977214064-ga.html\" rel=\"noopener noreferrer\">corte \u00abmom\u00bb<\/a> es alto de cintura, lo cual alarga las piernas pero abombachan hasta los tobillos, por lo que si has ensanchado la cadera, el vientre o tus piernas esta hechura es muy favorecedora y sigue vi\u00e9ndose juvenil. El color depender\u00e1 de tu complexi\u00f3n y colorimetr\u00eda: si eres ancha de piernas o un poco paticorta, te los elegir\u00e9 oscuros y si eres palillo, claros para dar volumen\u00ab.\n<\/p>\n<p class=\"voc-paragraph\" data-mrf-recirculation=\"Link art\u00edculo\">&#8211; <strong>Camisa blanca<\/strong>: \u00abVers\u00e1til y atemporal. Es siempre un acierto. Lo dijo Carolina Herrera, pero lo llevamos usando desde que el hombre ha empezado a confeccionar camisas y creo que nunca pasar\u00e1\u00bb.\n<\/p>\n<p class=\"voc-paragraph\" data-mrf-recirculation=\"Link art\u00edculo\">&#8211; <strong>Pantalones de vestir o de sastre<\/strong>: \u00abEn colores neutros como negro, gris o beige. Aunque, de nuevo, el color y la hechura depender\u00e1 de tu colorometr\u00eda, tu complexi\u00f3n y tu personalidad\u00bb.\n<\/p>\n<p class=\"voc-paragraph\" data-mrf-recirculation=\"Link art\u00edculo\">&#8211; <strong>Abrigo cl\u00e1sico<\/strong>: \u00abAqu\u00ed yo insisto en hacer una buena inversi\u00f3n, lo que no quiere decir que sea un abrigo de marca necesariamente. Por eso digo que deben ser cl\u00e1sicos, para que aunque pasen las d\u00e9cadas, puedas seguir llev\u00e1ndolos sin que pasen de moda. Y hablo de llevarlos t\u00fa, tus hijas, nietas\u2026\u00bb.\n<\/p>\n<p class=\"voc-paragraph\" data-mrf-recirculation=\"Link art\u00edculo\">Junto a estas prendas, Diosdado suma otras como un blazer de buena calidad, un vestido a la rodilla, <strong>zapatos c\u00f3modos y elegantes <\/strong>que van desde un tac\u00f3n c\u00f3modo a una zapatilla o un par de bolsos buenos para llevar a diario y en ocasiones especiales.\n<\/p>\n<div class=\"voc-detail-photo-zoom\"> <picture data-toggle=\"modal\" data-target=\"#photoZoomModal-548\" target=\"modal\">\n<div class=\"voc-img-icon-link\"> <img loading=\"lazy\" src=\"http:\/\/hoycordobaweb.com\/wp-content\/uploads\/2024\/09\/como-conseguir-el-armario-perfecto-a-los-50-las-prendas-que-no-pueden-faltar-segun-las-expertas-1.webp\" width=\"650\" height=\"900\" alt=\"Mujer con gabardina celeste\/LAUNCHMETRICS SPOTLIGHT\"> <noscript> <img src=\"http:\/\/hoycordobaweb.com\/wp-content\/uploads\/2024\/09\/como-conseguir-el-armario-perfecto-a-los-50-las-prendas-que-no-pueden-faltar-segun-las-expertas-1.webp\" alt=\"Mujer con gabardina celeste\/LAUNCHMETRICS SPOTLIGHT\"> <\/noscript> <i class=\"voc-icons zoom voc-multimedia-box voc-ico-l\"><\/i> <\/div><figcaption class=\"figure-caption\">Mujer con gabardina celeste\/LAUNCHMETRICS SPOTLIGHT<\/figcaption><\/picture>\n<\/div>\n<div id=\"photoZoomModal-548\" class=\"voc-lightbox modal fade voc-lightbox--photo-zoom\" role=\"dialog\" data-voc-photozoom-lightbox>\n<div class=\"voc-lightbox__dialog\" role=\"document\">\n<div class=\"voc-lightbox__content\"> <!-- Modal header --> <!-- Modal content --> <\/p>\n<div class=\"voc-lightbox__photo-container\"> <picture class> <img loading=\"lazy\" src=\"http:\/\/hoycordobaweb.com\/wp-content\/uploads\/2024\/09\/como-conseguir-el-armario-perfecto-a-los-50-las-prendas-que-no-pueden-faltar-segun-las-expertas-1.webp\" alt=\"Mujer con gabardina celeste\/LAUNCHMETRICS SPOTLIGHT\"> <noscript> <img src=\"http:\/\/hoycordobaweb.com\/wp-content\/uploads\/2024\/09\/como-conseguir-el-armario-perfecto-a-los-50-las-prendas-que-no-pueden-faltar-segun-las-expertas-1.webp\" alt=\"Mujer con gabardina celeste\/LAUNCHMETRICS SPOTLIGHT\"> <\/noscript> <\/picture> <\/div><\/div><\/div>\n<\/div>\n<p><h3 class=\"voc-detail__title\"> \u00bfUn armario de b\u00e1sicos o de tendencias?<br \/>\n<\/h3>\n<\/p>\n<p class=\"voc-paragraph\" data-mrf-recirculation=\"Link art\u00edculo\">Dentro del requisito de que las prendas que construyan este armario perfecto sean f\u00e1ciles de combinar entre s\u00ed, lo que recomiendan profesionales como Natalia Cebri\u00e1n es apostar por \u00ab<br \/>\n<a data-voc-vtm-id=\"in-text-traffic\" href=\"https:\/\/www.mujerhoy.com\/moda\/tendencias\/tonos-neutros-prendas-tendencia-otono-atemporal-elegante-20240903130544-nt.html\" target=\"_blank\" data-mrf-link=\"https:\/\/www.mujerhoy.com\/moda\/tendencias\/tonos-neutros-prendas-tendencia-otono-atemporal-elegante-20240903130544-nt.html\" rel=\"noopener noreferrer\">colores neutros <\/a><br \/>\no b\u00e1sicos como el binomio blanco-negro\u00ab. Sin embargo \u00bfsignifica esto que en un armario consciente no tienen cabida las tendencias? La respuestas de ambas asesoras es clara: <strong>tendencias s\u00ed, pero en su justa medida<\/strong>.\n<\/p>\n<p class=\"voc-paragraph\" data-mrf-recirculation=\"Link art\u00edculo\">\u00abPara m\u00ed lo m\u00e1s importante es que las tendencias se adapaten a tu estilo y no al rev\u00e9s. Debes valorar si las tendencias encajan con tu estilo, a partir de ah\u00ed, lo siguiente es saber si te favorecen\u00bb, afirma Natalia Cebri\u00e1n. Un punto de vista con el que tambi\u00e9n coincide Margarita Diosdado: \u00abCreo que el criterio debe ser siempre respetar tu personalidad, <strong>no disfrazarte y no ser jam\u00e1s v\u00edctima de las tendencias<\/strong>\u00ab. En cuanto a c\u00f3mo incluirlas, Diosdado apuesta por hacerlo de forma sutil y elegante: \u00bbEste a\u00f1o se lleva mucho el color rojo cereza, tal vez puedas usar un cintur\u00f3n, un esmalte de u\u00f1as, unas botas de charol\u2026 pero no todo, no somos un escaparate\u00ab.\n<\/p>\n<p class=\"voc-paragraph\" data-mrf-recirculation=\"Link art\u00edculo\">Con todo esto, \u00bfmerece la pena plantearse un cambio a un armario m\u00e1s minimalista y consciente? Las asesoras de imagen lo tienen claro. En palabras de Natalia Cebri\u00e1n: \u00ab<br \/>\n<strong>todo son ventajas<\/strong>\u00ab. Algunas las enumera Margarita Diosdado: \u00bbmenos estr\u00e9s, ahorro de tiempo, sostenibilidad o versatilidad\u00ab son solo alguno de los motivos por los que ambas expertas te animan a darle este toque a tu guardarropa.\n<\/p>\n<p class=\"voc-paragraph\" data-mrf-recirculation=\"Link art\u00edculo\">\u00bfUn consejo antes de ponerte manos a la obra? \u00abCualquier mujer que quiera tener un armario pr\u00e1ctico y vers\u00e1til <strong>debe tener antes claro su colorimetr\u00eda, complexi\u00f3n y estilo<\/strong>: que s\u00ed me favorece, qu\u00e9 no, c\u00f3mo combinarlo&#8230; Vestirte cada ma\u00f1ana ser\u00e1 un motivo para ponerte de mejor humor, dejando atr\u00e1s todos esos recuerdos de frustraci\u00f3n, p\u00e9rdida de tiempo, caos y enfados con una misma\u00ab, declara Margarita Diosdado.\n<\/p>\n<p class=\"voc-paragraph\" data-mrf-recirculation=\"Link art\u00edculo\">Por su parte, Natalia Cebri\u00e1n lo deja muy claro: \u00abEn la mayor\u00eda de las ocasiones no se trata de la edad, sino de la actitud. La moda est\u00e1 para divertirse y es una v\u00eda de expresi\u00f3n, as\u00ed que un n\u00famero no puede limitarte como persona: <strong>prueba y divierte porque&#8230; \u00a1de eso se trata!<\/strong>\u00ab\n<\/p>\n<p> <!-- TOPICS --> <\/p>\n","protected":false},"excerpt":{"rendered":"<p>Cada vez es m\u00e1s com\u00fan hablar de moda en t\u00e9rminos responsables y sostenibles. Factores como el impacto de la industria en el medioambiente o la tendencia a un consumismo cada vez mayor que lleva a acumular prendas y prendas de ropa sin orden ni concierto que casi no te pones son algunos de los factores [&hellip;]<\/p>\n","protected":false},"author":1,"featured_media":83561,"comment_status":"closed","ping_status":"closed","sticky":false,"template":"","format":"standard","meta":[],"categories":[],"tags":[],"_links":{"self":[{"href":"http:\/\/hoycordobaweb.com\/index.php\/wp-json\/wp\/v2\/posts\/83560"}],"collection":[{"href":"http:\/\/hoycordobaweb.com\/index.php\/wp-json\/wp\/v2\/posts"}],"about":[{"href":"http:\/\/hoycordobaweb.com\/index.php\/wp-json\/wp\/v2\/types\/post"}],"author":[{"embeddable":true,"href":"http:\/\/hoycordobaweb.com\/index.php\/wp-json\/wp\/v2\/users\/1"}],"replies":[{"embeddable":true,"href":"http:\/\/hoycordobaweb.com\/index.php\/wp-json\/wp\/v2\/comments?post=83560"}],"version-history":[{"count":0,"href":"http:\/\/hoycordobaweb.com\/index.php\/wp-json\/wp\/v2\/posts\/83560\/revisions"}],"wp:featuredmedia":[{"embeddable":true,"href":"http:\/\/hoycordobaweb.com\/index.php\/wp-json\/wp\/v2\/media\/83561"}],"wp:attachment":[{"href":"http:\/\/hoycordobaweb.com\/index.php\/wp-json\/wp\/v2\/media?parent=83560"}],"wp:term":[{"taxonomy":"category","embeddable":true,"href":"http:\/\/hoycordobaweb.com\/index.php\/wp-json\/wp\/v2\/categories?post=83560"},{"taxonomy":"post_tag","embeddable":true,"href":"http:\/\/hoycordobaweb.com\/index.php\/wp-json\/wp\/v2\/tags?post=83560"}],"curies":[{"name":"wp","href":"https:\/\/api.w.org\/{rel}","templated":true}]}}