{"id":83548,"date":"2024-09-23T12:21:13","date_gmt":"2024-09-23T12:21:13","guid":{"rendered":"https:\/\/www.ole.com.ar\/futbol-internacional\/libertadores\/sorpresiva-respuesta-almiron-triunfo-river-boca-superclasico_0_bAIDsIHr4x.html"},"modified":"2024-09-23T12:21:13","modified_gmt":"2024-09-23T12:21:13","slug":"la-extrana-respuesta-de-almiron-sobre-el-triunfo-de-river-a-boca-en-el-superclasico","status":"publish","type":"post","link":"http:\/\/hoycordobaweb.com\/index.php\/2024\/09\/23\/la-extrana-respuesta-de-almiron-sobre-el-triunfo-de-river-a-boca-en-el-superclasico\/","title":{"rendered":"La extra\u00f1a respuesta de Almir\u00f3n sobre el triunfo de River a Boca en el Supercl\u00e1sico"},"content":{"rendered":"<p><img src=\"http:\/\/hoycordobaweb.com\/wp-content\/uploads\/2024\/09\/la-extrana-respuesta-de-almiron-sobre-el-triunfo-de-river-a-boca-en-el-superclasico.jpg\"><\/p>\n<p><time class=\"createDate\" datetime=\"2024-09-23T09:21:13-03:00\">23\/09\/2024 09:21hs.<\/time><\/p>\n<div id=\"storyBody\">\n<div class=\"custom-text \" readability=\"34.492462311558\">\n<p>Luego de una multitudinaria caravana de despedida en Chile, que acompa\u00f1\u00f3 al plantel hasta el aeropuerto, <strong><a href=\"https:\/\/www.ole.com.ar\/tema\/colo-colo.html\" title=\"colo colo\" alt=\"colo colo\" class=\"slug\">Colo Colo<\/a><\/strong> lleg\u00f3 este domingo a Buenos Aires para enfrentar a <strong><a href=\"https:\/\/www.ole.com.ar\/tema\/river-plate.html\" title=\"River Plate\" alt=\"River Plate\" class=\"slug\">River <\/a><\/strong>en el partido de vuelta por los cuartos de final de la <strong><a href=\"https:\/\/www.ole.com.ar\/tema\/copa-libertadores.html\" title=\"Copa Libertadores\" alt=\"Copa Libertadores\" class=\"slug\">Copa Libertadores.<\/a><\/strong> Y, en su arribo al pa\u00eds, <strong><a href=\"https:\/\/www.ole.com.ar\/tema\/jorge-almiron.html\" title=\"Jorge Almir\u00f3n\" alt=\"Jorge Almir\u00f3n\" class=\"slug\">Jorge Almir\u00f3n<\/a> sorprendi\u00f3 con su respuesta cuando le preguntaron sobre el triunfo de River sobre Boca en el Supercl\u00e1sico. <\/strong><\/p>\n<\/div>\n<div class=\"custom-text \" readability=\"39.059171597633\">\n<p>Luego de agradecer el apoyo de los hinchas del Cacique y de mostrarse \u00abilusionado\u00bb de cara al partido en el Monumental, al DT le consultaron si hab\u00eda visto el 1-0 del equipo de <strong><a href=\"https:\/\/www.ole.com.ar\/tema\/marcelo-gallardo.html\" title=\"Marcelo Gallardo\" alt=\"Marcelo Gallardo\" class=\"slug\">Marcelo Gallardo<\/a><\/strong> a Boca en la Bombonera y, sonriente, asegur\u00f3: <strong>\u00abNo, no lo vi\u00bb.<\/strong> Y, ante la repregunta del periodista del ESPN, contest\u00f3: <strong>\u00abEstaba trabajando\u201d.<\/strong><\/p>\n<\/div>\n<div type=\"embed\" class=\"sc-3f46f5ae-0 djVTgz\">\n<div class=\"sc-3f46f5ae-1 fTjZec videoText\" id=\"contentTitleembedD9SfCmpb\" type=\"embed\"><svg fill=\"#ffffff\"><symbol id=\"play\" viewBox=\"0 0 512 512\"><path d=\"M512 256C512 397.4 397.4 512 256 512C114.6 512 0 397.4 0 256C0 114.6 114.6 0 256 0C397.4 0 512 114.6 512 256zM176 168V344C176 352.7 180.7 360.7 188.3 364.9C195.8 369.2 205.1 369 212.5 364.5L356.5 276.5C363.6 272.1 368 264.4 368 256C368 247.6 363.6 239.9 356.5 235.5L212.5 147.5C205.1 142.1 195.8 142.8 188.3 147.1C180.7 151.3 176 159.3 176 168V168z\" \/><\/symbol><use xlink:href=\"#play\" \/><\/svg><\/p>\n<div class=\"right\">\n<p>Jorge Almir\u00f3n<!-- --> &#8211;<!-- --> <span>&nbsp;<\/span><\/p>\n<h2 class=\"title-vid\">La llamativa respuesta de Almir\u00f3n sobre el triunfo de River ante Boca en la Bombonera<\/h2>\n<\/div>\n<\/div>\n<p><span class=\"back\" id=\"spanBackembedD9SfCmpb\"><\/span><\/div>\n<div class=\"custom-text \" readability=\"39\">\n<p>Con respecto al cruce ante River, que pude meter a Colo Colo en una instancia que no alcanza desde 1997, cuando qued\u00f3 eliminado por penales contra el Cruzeiro, Almir\u00f3n expres\u00f3: <strong>\u00abTenemos las mejores expectativas. <\/strong>Tenemos muchas ganas. Estoy muy ilusionado. <strong>Venimos con un apoyo impresionante saliendo de Santiago. La verdad es que fue inesperado, la gente se volc\u00f3 a la ciudad con ilusi\u00f3n\u00bb. <\/strong><\/p>\n<\/div>\n<div class=\"custom-text \" readability=\"37\">\n<p>\u00abPero todav\u00eda no hemos ganado nada. Hicimos cosas importantes, pero todav\u00eda <strong>falta el paso m\u00e1s duro, el m\u00e1s importante. Pero la gente est\u00e1 ilusionada y nos acompa\u00f1\u00f3. La verdad es que nos dio much\u00edsima fuerza<\/strong>\u00ab, cerr\u00f3 el ex entrenador de Boca. <\/p>\n<\/div>\n<p><h2><strong>Atento, River: la gran ventaja que tendr\u00e1 Colo Colo para la vuelta de la Libertadores<\/strong><\/h2>\n<\/p>\n<div class=\"custom-text \" readability=\"39\">\n<p><strong>Marcelo Gallardo<\/strong> fue bastante claro en su conferencia post supercl\u00e1sico: <strong>\u00abTen\u00edamos que gestionar cargas\u00bb, <\/strong>respondi\u00f3 con l\u00f3gica ante la consulta sobre la formaci\u00f3n, con m\u00e1s suplentes que habituales titulares. Algo que hizo tomando en cuenta fundamentalmente el estado de sus dirigidos, pero tambi\u00e9n observando lo que sucede del otro lado de la Cordillera: porque al igual que a la ida, Colo Colo llegar\u00e1 al partido del martes con un importante margen de descanso&#8230;<\/p>\n<\/div>\n<div class=\"custom-text \" readability=\"41\">\n<p>Es que, nuevamente, <strong>no jug\u00f3 por el torneo local este fin de semana: as\u00ed como antes se hab\u00eda postergado su cl\u00e1sico contra la Universidad Cat\u00f3lica por cuestiones de seguridad,<\/strong> ahora aprovech\u00f3 que la 25\u00aa fecha del torneo chileno se disputar\u00e1 entre el martes y el mi\u00e9rcoles, <strong>motivo que llev\u00f3 a posponer su encuentro ante Uni\u00f3n La Calera hasta el 15 de octubre<\/strong> (marcha segundo, a siete puntos del l\u00edder, pero con dos PJ menos). <\/p>\n<\/div>\n<div class=\"custom-text \" readability=\"33\">\n<p>Esto har\u00e1 que el equipo que dirige Jorge Almir\u00f3n <strong>salga al Monumental con las piernas descansadas <\/strong>luego de una semana libre<strong> <\/strong>y habiendo sumado<strong> un partido solo en 16 d\u00edas.<\/strong><\/p>\n<\/div>\n<div type=\"embed\" class=\"sc-3f46f5ae-0 djVTgz\">\n<div class=\"sc-3f46f5ae-1 fTjZec videoText\" id=\"contentTitleembedPSZsa2oz\" type=\"embed\"><svg fill=\"#ffffff\"><symbol id=\"play\" viewBox=\"0 0 512 512\"><path d=\"M512 256C512 397.4 397.4 512 256 512C114.6 512 0 397.4 0 256C0 114.6 114.6 0 256 0C397.4 0 512 114.6 512 256zM176 168V344C176 352.7 180.7 360.7 188.3 364.9C195.8 369.2 205.1 369 212.5 364.5L356.5 276.5C363.6 272.1 368 264.4 368 256C368 247.6 363.6 239.9 356.5 235.5L212.5 147.5C205.1 142.1 195.8 142.8 188.3 147.1C180.7 151.3 176 159.3 176 168V168z\" \/><\/symbol><use xlink:href=\"#play\" \/><\/svg><\/p>\n<div class=\"right\">\n<p>River Plate<!-- --> &#8211;<!-- --> <span>&nbsp;<\/span><\/p>\n<h2 class=\"title-vid\">River se qued\u00f3 con el supercl\u00e1sico<\/h2>\n<\/div>\n<\/div>\n<p><span class=\"back\" id=\"spanBackembedPSZsa2oz\"><\/span><\/div>\n<div class=\"custom-text \" readability=\"41\">\n<p>Un panorama muy distinto al de River, q<strong>ue viene de tener un gran desgaste en el supercl\u00e1sico y la revancha ser\u00e1 su cuarto juego<\/strong> (Atl\u00e9tico Tucum\u00e1n, la ida con Colo Colo y Boca)<strong> en solo 11 d\u00edas.<\/strong> Y que Gallardo, tras dosificar algunas cargas en la Bombonera, espera que no se sienta: sabe que el encuentro del martes puede requerir de un gasto muy importante de energ\u00eda y por eso en estas pocas horas atender\u00e1 con especial atenci\u00f3n a jugadores como<strong> Bustos (180&#8242; entre Santiago y La Boca) y Sim\u00f3n (147&#8242;)<\/strong>, quienes fueron los que sumaron m\u00e1s minutos en la seguidilla, m\u00e1s all\u00e1 de que tengan capacidad f\u00edsica para estar \u00f3ptimos.<\/p>\n<\/div>\n<p><h2><strong>El \u00e1rbitro para la vuelta entre River y Colo Colo<\/strong><\/h2>\n<\/p>\n<div class=\"custom-text \" readability=\"36\">\n<p>El uruguayo <strong>Andr\u00e9s Matonte<\/strong>, que ya ha dirigido a River en m\u00e1s de una ocasi\u00f3n, ser\u00e1 el encargado de comandar las acciones de un partido en donde dos equipos se juegan todo lo trabajado en la temporada.<\/p>\n<\/div>\n<div class=\"custom-text \" readability=\"38\">\n<p>El \u00e1rbitro fue el encargado de impartir justicia en tres encuentros de River por Copa Libertadores. Dos de ellos fueron en la fase de grupos de la Copa 2022: <strong>el 2-0 a Fortaleza en el Monumental<\/strong> (goles de Enzo Fern\u00e1ndez y Nico De la Cruz) y <strong>el 4-0 con Colo Colo<\/strong>, tambi\u00e9n en N\u00fa\u00f1ez (goles de Palavecino, De la Cruz, David Mart\u00ednez y Esequiel Barco).<\/p>\n<\/div>\n<div class=\"custom-text \" readability=\"37\">\n<p>El \u00faltimo partido que lo dirigi\u00f3 no es de grato recuerdo para el hincha de River: <strong>fue la vuelta de los octavos de la Libertadores pasada ante Inter, que terminaron con la eliminaci\u00f3n por penales<\/strong> (ah\u00ed, a instancias del VAR, le hizo repetir el tiro a Solari por doble toque).<\/p>\n<\/div>\n<div class=\"sc-a7166897-0 eoLsBE\" readability=\"7\">\n<section readability=\"4\"><picture><img alt=\"River, hoy EN VIVO: el equipo para Colo Colo y \u00faltimas noticias de este lunes 23 de septiembre\" loading=\"lazy\" width=\"290\" height=\"290\" decoding=\"async\" data-nimg=\"1\" src=\"http:\/\/hoycordobaweb.com\/wp-content\/uploads\/2024\/09\/la-extrana-respuesta-de-almiron-sobre-el-triunfo-de-river-a-boca-en-el-superclasico-2.jpg\"><\/picture>\n<p><span>Mir\u00e1 tambi\u00e9n<\/span><\/p>\n<hr>\n<h3>River, hoy EN VIVO: el equipo para Colo Colo y \u00faltimas noticias de este lunes 23 de septiembre<\/h3>\n<\/p>\n<\/section>\n<\/div>\n<div class=\"sc-a7166897-0 eoLsBE\" readability=\"6\">\n<section readability=\"2\"><picture><img alt=\"La leyenda contin\u00faa: Gallardo y su influencia para River y tambi\u00e9n para Boca\" loading=\"lazy\" width=\"290\" height=\"290\" decoding=\"async\" data-nimg=\"1\" src=\"http:\/\/hoycordobaweb.com\/wp-content\/uploads\/2024\/09\/la-extrana-respuesta-de-almiron-sobre-el-triunfo-de-river-a-boca-en-el-superclasico-3.jpg\"><\/picture>\n<p><span>Mir\u00e1 tambi\u00e9n<\/span><\/p>\n<hr>\n<h3>La leyenda contin\u00faa: Gallardo y su influencia para River y tambi\u00e9n para Boca<\/h3>\n<\/p>\n<\/section>\n<\/div>\n<div class=\"sc-a7166897-0 eoLsBE\" readability=\"7\">\n<section readability=\"4\"><picture><img alt=\"Atento, River: la gran ventaja que tendr\u00e1 Colo Colo para la vuelta de la Libertadores\" loading=\"lazy\" width=\"290\" height=\"290\" decoding=\"async\" data-nimg=\"1\" src=\"http:\/\/hoycordobaweb.com\/wp-content\/uploads\/2024\/09\/la-extrana-respuesta-de-almiron-sobre-el-triunfo-de-river-a-boca-en-el-superclasico-4.jpg\"><\/picture>\n<p><span>Mir\u00e1 tambi\u00e9n<\/span><\/p>\n<hr>\n<h3>Atento, River: la gran ventaja que tendr\u00e1 Colo Colo para la vuelta de la Libertadores<\/h3>\n<\/p>\n<\/section>\n<\/div>\n<\/div>\n","protected":false},"excerpt":{"rendered":"<p>23\/09\/2024 09:21hs. Luego de una multitudinaria caravana de despedida en Chile, que acompa\u00f1\u00f3 al plantel hasta el aeropuerto, Colo Colo lleg\u00f3 este domingo a Buenos Aires para enfrentar a River en el partido de vuelta por los cuartos de final de la Copa Libertadores. Y, en su arribo al pa\u00eds, Jorge Almir\u00f3n sorprendi\u00f3 con su [&hellip;]<\/p>\n","protected":false},"author":1,"featured_media":83549,"comment_status":"open","ping_status":"closed","sticky":false,"template":"","format":"standard","meta":[],"categories":[16],"tags":[],"_links":{"self":[{"href":"http:\/\/hoycordobaweb.com\/index.php\/wp-json\/wp\/v2\/posts\/83548"}],"collection":[{"href":"http:\/\/hoycordobaweb.com\/index.php\/wp-json\/wp\/v2\/posts"}],"about":[{"href":"http:\/\/hoycordobaweb.com\/index.php\/wp-json\/wp\/v2\/types\/post"}],"author":[{"embeddable":true,"href":"http:\/\/hoycordobaweb.com\/index.php\/wp-json\/wp\/v2\/users\/1"}],"replies":[{"embeddable":true,"href":"http:\/\/hoycordobaweb.com\/index.php\/wp-json\/wp\/v2\/comments?post=83548"}],"version-history":[{"count":0,"href":"http:\/\/hoycordobaweb.com\/index.php\/wp-json\/wp\/v2\/posts\/83548\/revisions"}],"wp:featuredmedia":[{"embeddable":true,"href":"http:\/\/hoycordobaweb.com\/index.php\/wp-json\/wp\/v2\/media\/83549"}],"wp:attachment":[{"href":"http:\/\/hoycordobaweb.com\/index.php\/wp-json\/wp\/v2\/media?parent=83548"}],"wp:term":[{"taxonomy":"category","embeddable":true,"href":"http:\/\/hoycordobaweb.com\/index.php\/wp-json\/wp\/v2\/categories?post=83548"},{"taxonomy":"post_tag","embeddable":true,"href":"http:\/\/hoycordobaweb.com\/index.php\/wp-json\/wp\/v2\/tags?post=83548"}],"curies":[{"name":"wp","href":"https:\/\/api.w.org\/{rel}","templated":true}]}}