{"id":83495,"date":"2024-09-22T12:47:44","date_gmt":"2024-09-22T12:47:44","guid":{"rendered":"http:\/\/hoycordobaweb.com\/index.php\/2024\/09\/22\/horrible-final-de-un-empleado-en-tambo-en-san-juan-lo-mato-un-toro-furioso\/"},"modified":"2024-09-22T12:47:44","modified_gmt":"2024-09-22T12:47:44","slug":"horrible-final-de-un-empleado-en-tambo-en-san-juan-lo-mato-un-toro-furioso","status":"publish","type":"post","link":"http:\/\/hoycordobaweb.com\/index.php\/2024\/09\/22\/horrible-final-de-un-empleado-en-tambo-en-san-juan-lo-mato-un-toro-furioso\/","title":{"rendered":"Horrible final de un empleado en tambo en San Juan: lo mat\u00f3 un toro furioso"},"content":{"rendered":"<div class=\"media_block\"><\/div>\n<p>En un lamentable <a target=\"_blank\" href=\"https:\/\/www.perfil.com\/noticias\/cordoba\/choque-multiple-en-la-chacabuco-la-justicia-dictaminara-si-la-compania-de-seguros-va-a-cubrir-el-siniestro-o-no.phtml\" rel=\"noopener noreferrer\"><strong>accidente<\/strong><\/a> ocurrido en uno de los tambos m\u00e1s grandes de San Juan, <strong>un trabajador rural de 42 a\u00f1os, N\u00e9stor Alberto Lucero, perdi\u00f3 la vida tras ser embestido por un <a target=\"_blank\" href=\"https:\/\/www.perfil.com\/noticias\/modo-fontevecchia\/un-centro-genetico-aplica-el-acebuzamiento-y-exporta-razas-superiores-de-argentina-al-mundo-modof.phtml\" rel=\"noopener noreferrer\">toro<\/a><\/strong>. El incidente tuvo lugar cuando Lucero tropez\u00f3, cay\u00f3 y qued\u00f3&nbsp;a merced del animal, que lo atac\u00f3 inmediatamente&nbsp;provoc\u00e1ndole la muerte en el acto.<\/p>\n<p><img alt=\"Trabajador rural muri\u00f3 embestido por un toro en San Ju\u00e1n\" src=\"http:\/\/hoycordobaweb.com\/wp-content\/uploads\/2024\/09\/horrible-final-de-un-empleado-en-tambo-en-san-juan-lo-mato-un-toro-furioso-1.jpg\" loading=\"lazy\"><\/p>\n<h2><strong>El accidente en el tambo \u00abDon Francisco\u00bb<\/strong><\/h2>\n<p>El tr\u00e1gico episodio ocurri\u00f3 en el tambo \u00ab<strong>Don Francisco<\/strong>\u00ab, ubicado en la intersecci\u00f3n de Justo Castro y San Isidro, cerca de Villa Independencia, Caucete. <strong>Lucero estaba realizando sus tareas diarias cuando entr\u00f3 al corral donde se encontraba el toro junto a algunas vacas<\/strong>. Intent\u00f3 cambiar al toro de lugar, pero a<strong>l salir tropez\u00f3 y qued\u00f3 atrapado<\/strong> contra un escal\u00f3n de hormig\u00f3n, lo que lo dej\u00f3 indefenso ante el ataque del animal.<\/p>\n<div class=\"subscription\" readability=\"6.683257918552\">\n<p>\nEsto no les gusta a los autoritarios\n<\/p>\n<div class=\"subscription__container\" readability=\"6.1467391304348\">\n<div class=\"subscription__text-wrapper\" readability=\"31.20652173913\">\n<p>\nEl ejercicio del periodismo profesional y cr\u00edtico es un pilar fundamental de la democracia. Por eso molesta a quienes creen ser los due\u00f1os de la verdad.\n<\/p>\n<\/p><\/div>\n<\/div><\/div>\n<p class=\"destacadoNota\"><strong><a target=\"_blank\" href=\"https:\/\/www.perfil.com\/noticias\/sociedad\/yoga-con-perros-la-experiencia-de-relajacion-y-conexion-para-adoptar.phtml\" rel=\"noopener noreferrer\">Yoga con perros, la experiencia de relajaci\u00f3n y conexi\u00f3n para adoptar<\/a><\/strong><\/p>\n<h2><strong>Intentos de reanimaci\u00f3n y fallecimiento confirmado<\/strong><\/h2>\n<p>A pesar de los esfuerzos por reanimarlo, los m\u00e9dicos confirmaron el fallecimiento de Lucero poco despu\u00e9s. Seg\u00fan el informe m\u00e9dico, al que accedi\u00f3 el diario Huarpe, <strong>la v\u00edctima presentaba severas lesiones<\/strong>: una rodilla lastimada, una perforaci\u00f3n muscular en la pierna izquierda y deformaciones en el t\u00f3rax izquierdo. <strong>El toro lo embisti\u00f3 en repetidas ocasiones<\/strong>, lo que result\u00f3 en su muerte instant\u00e1nea, tal como report\u00f3 el medio local Tiempo de San Juan.<\/p>\n<p><img alt=\"Trabajador rural muri\u00f3 embestido por un toro en San Ju\u00e1n\" src=\"http:\/\/hoycordobaweb.com\/wp-content\/uploads\/2024\/09\/horrible-final-de-un-empleado-en-tambo-en-san-juan-lo-mato-un-toro-furioso-2.jpg\" loading=\"lazy\"><\/p>\n<p class=\"destacadoNota\"><a target=\"_blank\" href=\"https:\/\/www.perfil.com\/noticias\/sociedad\/casas-quemadas-evacuados-y-una-aerosilla-historica-arrasada.phtml\" rel=\"noopener noreferrer\"><strong>Casas quemadas, evacuados y una aerosilla hist\u00f3rica arrasada<\/strong><\/a><\/p>\n<h2><strong>Testigos y caracter\u00edsticas del toro involucrado<\/strong><\/h2>\n<p>En el momento del ataque, Lucero estaba acompa\u00f1ado por un veterinario, quien fue testigo directo del tr\u00e1gico suceso. <strong>El toro que lo embisti\u00f3 era de raza Holando Argentina<\/strong>, una especie que <strong>puede llegar a pesar hasta<\/strong> <strong>mil kilos y medir alrededor de 1,75 metros de altura<\/strong>.<\/p>\n<p class=\"destacadoNota\"><strong><a target=\"_blank\" href=\"https:\/\/www.perfil.com\/noticias\/sociedad\/la-adiccion-al-juego-es-como-un-infarto-de-miocardio.phtml\" rel=\"noopener noreferrer\">\u201cLa adicci\u00f3n al juego es como un infarto de miocardio\u201d<\/a><\/strong><\/p>\n<h2><strong>Investigaci\u00f3n en curso<\/strong><\/h2>\n<p>El caso est\u00e1 siendo investigado por el fiscal <strong>Nicol\u00e1s Schiattino<\/strong> y su asistente, <strong>Ignacio Dom\u00ednguez<\/strong>, de la <strong>Unidad Fiscal de Delitos Especiales N\u00b03<\/strong>. Las autoridades ordenaron la realizaci\u00f3n de una <strong>autopsia <\/strong>y est\u00e1n recolectando pruebas en el lugar para determinar si existe alguna r<strong>esponsabilidad adicional<\/strong> en la muerte de Lucero.<\/p>\n","protected":false},"excerpt":{"rendered":"<p>En un lamentable accidente ocurrido en uno de los tambos m\u00e1s grandes de San Juan, un trabajador rural de 42 a\u00f1os, N\u00e9stor Alberto Lucero, perdi\u00f3 la vida tras ser embestido por un toro. El incidente tuvo lugar cuando Lucero tropez\u00f3, cay\u00f3 y qued\u00f3&nbsp;a merced del animal, que lo atac\u00f3 inmediatamente&nbsp;provoc\u00e1ndole la muerte en el acto. [&hellip;]<\/p>\n","protected":false},"author":1,"featured_media":83496,"comment_status":"closed","ping_status":"closed","sticky":false,"template":"","format":"standard","meta":[],"categories":[19],"tags":[476,479,478,477],"_links":{"self":[{"href":"http:\/\/hoycordobaweb.com\/index.php\/wp-json\/wp\/v2\/posts\/83495"}],"collection":[{"href":"http:\/\/hoycordobaweb.com\/index.php\/wp-json\/wp\/v2\/posts"}],"about":[{"href":"http:\/\/hoycordobaweb.com\/index.php\/wp-json\/wp\/v2\/types\/post"}],"author":[{"embeddable":true,"href":"http:\/\/hoycordobaweb.com\/index.php\/wp-json\/wp\/v2\/users\/1"}],"replies":[{"embeddable":true,"href":"http:\/\/hoycordobaweb.com\/index.php\/wp-json\/wp\/v2\/comments?post=83495"}],"version-history":[{"count":0,"href":"http:\/\/hoycordobaweb.com\/index.php\/wp-json\/wp\/v2\/posts\/83495\/revisions"}],"wp:featuredmedia":[{"embeddable":true,"href":"http:\/\/hoycordobaweb.com\/index.php\/wp-json\/wp\/v2\/media\/83496"}],"wp:attachment":[{"href":"http:\/\/hoycordobaweb.com\/index.php\/wp-json\/wp\/v2\/media?parent=83495"}],"wp:term":[{"taxonomy":"category","embeddable":true,"href":"http:\/\/hoycordobaweb.com\/index.php\/wp-json\/wp\/v2\/categories?post=83495"},{"taxonomy":"post_tag","embeddable":true,"href":"http:\/\/hoycordobaweb.com\/index.php\/wp-json\/wp\/v2\/tags?post=83495"}],"curies":[{"name":"wp","href":"https:\/\/api.w.org\/{rel}","templated":true}]}}