{"id":83491,"date":"2024-09-22T00:06:29","date_gmt":"2024-09-22T00:06:29","guid":{"rendered":"https:\/\/www.ole.com.ar\/river-plate\/vidal-libertadores-river-boca-super_0_QGyHLPwXQj.html"},"modified":"2024-09-22T00:06:29","modified_gmt":"2024-09-22T00:06:29","slug":"la-reaccion-de-arturo-vidal-por-el-gol-de-lanzini-ante-boca-en-el-super","status":"publish","type":"post","link":"http:\/\/hoycordobaweb.com\/index.php\/2024\/09\/22\/la-reaccion-de-arturo-vidal-por-el-gol-de-lanzini-ante-boca-en-el-super\/","title":{"rendered":"La reacci\u00f3n de Arturo Vidal por el gol de Lanzini ante Boca en el S\u00faper"},"content":{"rendered":"<p><img src=\"http:\/\/hoycordobaweb.com\/wp-content\/uploads\/2024\/09\/la-reaccion-de-arturo-vidal-por-el-gol-de-lanzini-ante-boca-en-el-super.jpg\"><\/p>\n<p><time class=\"createDate\" datetime=\"2024-09-21T21:06:29-03:00\">21\/09\/2024 21:06hs.<\/time><time class=\"modificatedDate\" datetime=\"2024-09-21T21:24:13-03:00\"> Actualizado al 21\/09\/2024 21:24hs.<\/time><\/p>\n<div id=\"storyBody\">\n<div class=\"custom-text \" readability=\"32.882011605416\">\n<p>Sin actividad para Colo Colo durante este fin de semana en Chile, Arturo Vidal, referente de los trasandinos, <a href=\"https:\/\/www.ole.com.ar\/futbol-primera\/boca-river-hora-ver-hoy-vivo-superclasico-liga-profesional-resumen-videos-partido_0_NTA99X44C4.html\" target=\"_self\" title=\"sigui\u00f3 bien de cerca el cl\u00e1sico entre Boca y River por la fecha 15 de la Liga Profesional. \" alt=\"sigui\u00f3 bien de cerca el cl\u00e1sico entre Boca y River por la fecha 15 de la Liga Profesional. \" rel=\"noopener noreferrer\">sigui\u00f3 bien de cerca el cl\u00e1sico entre Boca y River por la fecha 15 de la Liga Profesional. <\/a>Atento a lo hecho por su rival en la Libertadores, lament\u00f3 el 1-0.<strong> Es que en una serie de oportunidades se mostr\u00f3 con cierta preferencia hacia el cuadro boquense<\/strong>. Y desde luego, deseaba una ca\u00edda del Millo para que arribara con el \u00e1nimo tocado al desquite de Copa. <strong>Mir\u00e1 su reacci\u00f3n en el gol de Manu Lanzini.<\/strong><\/p>\n<\/div>\n<p><h2><strong>LA REACCI\u00d3N DE ARTURO VIDAL<\/strong><\/h2>\n<\/p>\n<div type=\"embed\" class=\"sc-3f46f5ae-0 djVTgz\">\n<div class=\"sc-3f46f5ae-1 fTjZec videoText\" id=\"contentTitleembedrrBVr69f\" type=\"embed\"><svg fill=\"#ffffff\"><symbol id=\"play\" viewBox=\"0 0 512 512\"><path d=\"M512 256C512 397.4 397.4 512 256 512C114.6 512 0 397.4 0 256C0 114.6 114.6 0 256 0C397.4 0 512 114.6 512 256zM176 168V344C176 352.7 180.7 360.7 188.3 364.9C195.8 369.2 205.1 369 212.5 364.5L356.5 276.5C363.6 272.1 368 264.4 368 256C368 247.6 363.6 239.9 356.5 235.5L212.5 147.5C205.1 142.1 195.8 142.8 188.3 147.1C180.7 151.3 176 159.3 176 168V168z\" \/><\/symbol><use xlink:href=\"#play\" \/><\/svg><\/p>\n<div class=\"right\">\n<p>arturo vidal<!-- --> &#8211;<!-- --> <span>&nbsp;<\/span><\/p>\n<h2 class=\"title-vid\">La reaccion de Arturo Vidal por el gol de River<\/h2>\n<\/div>\n<\/div>\n<p><span class=\"back\" id=\"spanBackembedrrBVr69f\"><\/span><\/div>\n<div class=\"custom-text \" readability=\"38\">\n<p>A trav\u00e9s de su streaming, concentrado a lo sucedido en la Bombonera, emiti\u00f3 una opini\u00f3n apenas convirti\u00f3 Lanzini: <strong>\u00abHace tiempo no ve\u00eda jugar a Boca, encuentro que est\u00e1 muy duro. El pron\u00f3stico que di yo, me imaginaba otro Boca. Lo tengo que decir\u00bb. <\/strong><\/p>\n<\/div>\n<div type=\"embed\" class=\"sc-3f46f5ae-0 djVTgz\">\n<div class=\"sc-3f46f5ae-1 fTjZec videoText\" id=\"contentTitleembedrlIAdpu2\" type=\"embed\"><svg fill=\"#ffffff\"><symbol id=\"play\" viewBox=\"0 0 512 512\"><path d=\"M512 256C512 397.4 397.4 512 256 512C114.6 512 0 397.4 0 256C0 114.6 114.6 0 256 0C397.4 0 512 114.6 512 256zM176 168V344C176 352.7 180.7 360.7 188.3 364.9C195.8 369.2 205.1 369 212.5 364.5L356.5 276.5C363.6 272.1 368 264.4 368 256C368 247.6 363.6 239.9 356.5 235.5L212.5 147.5C205.1 142.1 195.8 142.8 188.3 147.1C180.7 151.3 176 159.3 176 168V168z\" \/><\/symbol><use xlink:href=\"#play\" \/><\/svg><\/p>\n<div class=\"right\">\n<p>River Plate<!-- --> &#8211;<!-- --> <span>&nbsp;<\/span><\/p>\n<h2 class=\"title-vid\">Lanzini puso el 1-0 para River<\/h2>\n<\/div>\n<\/div>\n<p><span class=\"back\" id=\"spanBackembedrlIAdpu2\"><\/span><\/div>\n<div class=\"custom-text \" readability=\"34\">\n<p>King Arturo ser\u00e1 seguramente titular <strong>en la revancha de la Copa, el martes 21.30. Se vendr\u00e1 una verdadera batalla entre River y el Colo Colo de Almir\u00f3n. <\/strong><\/p>\n<\/div>\n<div class=\"sc-a7166897-0 eoLsBE\" readability=\"6.5\">\n<section readability=\"3\"><picture><img alt=\"Pezzella, contundente tras derrotar a Boca: &quot;Salir a ganar es nuestro esp\u00edritu&quot;\" loading=\"lazy\" width=\"290\" height=\"290\" decoding=\"async\" data-nimg=\"1\" src=\"http:\/\/hoycordobaweb.com\/wp-content\/uploads\/2024\/09\/la-reaccion-de-arturo-vidal-por-el-gol-de-lanzini-ante-boca-en-el-super-2.jpg\"><\/picture>\n<p><span>Mir\u00e1 tambi\u00e9n<\/span><\/p>\n<hr>\n<h3>Pezzella, contundente tras derrotar a Boca: \u00abSalir a ganar es nuestro esp\u00edritu\u00bb<\/h3>\n<\/p>\n<\/section>\n<\/div>\n<div class=\"sc-a7166897-0 eoLsBE\" readability=\"6.5\">\n<section readability=\"3\"><picture><img alt=\"Mart\u00ednez, del &quot;era gol de Gim\u00e9nez&quot; a \u00bfayud\u00e1s a River?\" loading=\"lazy\" width=\"290\" height=\"290\" decoding=\"async\" data-nimg=\"1\" src=\"http:\/\/hoycordobaweb.com\/wp-content\/uploads\/2024\/09\/la-reaccion-de-arturo-vidal-por-el-gol-de-lanzini-ante-boca-en-el-super-3.jpg\"><\/picture>\n<p><span>Mir\u00e1 tambi\u00e9n<\/span><\/p>\n<hr>\n<h3>Mart\u00ednez, del \u00abera gol de Gim\u00e9nez\u00bb a \u00bfayud\u00e1s a River?<\/h3>\n<\/p>\n<\/section>\n<\/div>\n<div class=\"sc-a7166897-0 eoLsBE\" readability=\"6\">\n<section readability=\"2\"><picture><img alt=\"Lanzini: S\u00faper premonici\u00f3n y qu\u00e9 le dijo Gallardo despu\u00e9s de su gol a Boca\" loading=\"lazy\" width=\"290\" height=\"290\" decoding=\"async\" data-nimg=\"1\" src=\"http:\/\/hoycordobaweb.com\/wp-content\/uploads\/2024\/09\/la-reaccion-de-arturo-vidal-por-el-gol-de-lanzini-ante-boca-en-el-super-4.jpg\"><\/picture>\n<p><span>Mir\u00e1 tambi\u00e9n<\/span><\/p>\n<hr>\n<h3>Lanzini: S\u00faper premonici\u00f3n y qu\u00e9 le dijo Gallardo despu\u00e9s de su gol a Boca<\/h3>\n<\/p>\n<\/section>\n<\/div>\n<div class=\"sc-a7166897-0 eoLsBE\" readability=\"6.5\">\n<section readability=\"3\"><picture><img alt=\"Video: el festejo de los jugadores de River con la gente en el hotel tras el 1-0 en el S\u00faper\" loading=\"lazy\" width=\"290\" height=\"290\" decoding=\"async\" data-nimg=\"1\" src=\"http:\/\/hoycordobaweb.com\/wp-content\/uploads\/2024\/09\/la-reaccion-de-arturo-vidal-por-el-gol-de-lanzini-ante-boca-en-el-super-5.jpg\"><\/picture>\n<p><span>Mir\u00e1 tambi\u00e9n<\/span><\/p>\n<hr>\n<h3>Video: el festejo de los jugadores de River con la gente en el hotel tras el 1-0 en el S\u00faper<\/h3>\n<\/p>\n<\/section>\n<\/div>\n<div class=\"sc-a7166897-0 eoLsBE\" readability=\"6\">\n<section readability=\"2\"><picture><img alt=\"El uno por uno del gran triunfo de River ante Boca \" loading=\"lazy\" width=\"290\" height=\"290\" decoding=\"async\" data-nimg=\"1\" src=\"http:\/\/hoycordobaweb.com\/wp-content\/uploads\/2024\/09\/la-reaccion-de-arturo-vidal-por-el-gol-de-lanzini-ante-boca-en-el-super-6.jpg\"><\/picture>\n<p><span>Mir\u00e1 tambi\u00e9n<\/span><\/p>\n<hr>\n<h3>El uno por uno del gran triunfo de River ante Boca <\/h3>\n<\/p>\n<\/section>\n<\/div>\n<div class=\"sc-a7166897-0 eoLsBE\" readability=\"6\">\n<section readability=\"2\"><picture><img alt=\"El uno por uno del gran triunfo de River ante Boca \" loading=\"lazy\" width=\"290\" height=\"290\" decoding=\"async\" data-nimg=\"1\" src=\"http:\/\/hoycordobaweb.com\/wp-content\/uploads\/2024\/09\/la-reaccion-de-arturo-vidal-por-el-gol-de-lanzini-ante-boca-en-el-super-6.jpg\"><\/picture>\n<p><span>Mir\u00e1 tambi\u00e9n<\/span><\/p>\n<hr>\n<h3>El uno por uno del gran triunfo de River ante Boca <\/h3>\n<\/p>\n<\/section>\n<\/div>\n<\/div>\n","protected":false},"excerpt":{"rendered":"<p>21\/09\/2024 21:06hs. Actualizado al 21\/09\/2024 21:24hs. Sin actividad para Colo Colo durante este fin de semana en Chile, Arturo Vidal, referente de los trasandinos, sigui\u00f3 bien de cerca el cl\u00e1sico entre Boca y River por la fecha 15 de la Liga Profesional. Atento a lo hecho por su rival en la Libertadores, lament\u00f3 el 1-0. [&hellip;]<\/p>\n","protected":false},"author":1,"featured_media":83492,"comment_status":"open","ping_status":"closed","sticky":false,"template":"","format":"standard","meta":[],"categories":[16],"tags":[],"_links":{"self":[{"href":"http:\/\/hoycordobaweb.com\/index.php\/wp-json\/wp\/v2\/posts\/83491"}],"collection":[{"href":"http:\/\/hoycordobaweb.com\/index.php\/wp-json\/wp\/v2\/posts"}],"about":[{"href":"http:\/\/hoycordobaweb.com\/index.php\/wp-json\/wp\/v2\/types\/post"}],"author":[{"embeddable":true,"href":"http:\/\/hoycordobaweb.com\/index.php\/wp-json\/wp\/v2\/users\/1"}],"replies":[{"embeddable":true,"href":"http:\/\/hoycordobaweb.com\/index.php\/wp-json\/wp\/v2\/comments?post=83491"}],"version-history":[{"count":0,"href":"http:\/\/hoycordobaweb.com\/index.php\/wp-json\/wp\/v2\/posts\/83491\/revisions"}],"wp:featuredmedia":[{"embeddable":true,"href":"http:\/\/hoycordobaweb.com\/index.php\/wp-json\/wp\/v2\/media\/83492"}],"wp:attachment":[{"href":"http:\/\/hoycordobaweb.com\/index.php\/wp-json\/wp\/v2\/media?parent=83491"}],"wp:term":[{"taxonomy":"category","embeddable":true,"href":"http:\/\/hoycordobaweb.com\/index.php\/wp-json\/wp\/v2\/categories?post=83491"},{"taxonomy":"post_tag","embeddable":true,"href":"http:\/\/hoycordobaweb.com\/index.php\/wp-json\/wp\/v2\/tags?post=83491"}],"curies":[{"name":"wp","href":"https:\/\/api.w.org\/{rel}","templated":true}]}}