{"id":83436,"date":"2024-09-22T08:19:08","date_gmt":"2024-09-22T08:19:08","guid":{"rendered":"https:\/\/www.mujerhoy.com\/moda\/no-te-pierdas\/cate-blanchett-looks-festival-san-sebastian-traje-denim-vestido-gala-20240922094938-nt.html"},"modified":"2024-09-22T08:19:08","modified_gmt":"2024-09-22T08:19:08","slug":"los-espectaculares-looks-de-cate-blanchett-en-el-festival-de-san-sebastian-del-traje-denim-al-precioso-vestido-de-gala","status":"publish","type":"post","link":"http:\/\/hoycordobaweb.com\/index.php\/2024\/09\/22\/los-espectaculares-looks-de-cate-blanchett-en-el-festival-de-san-sebastian-del-traje-denim-al-precioso-vestido-de-gala\/","title":{"rendered":"Los espectaculares looks de Cate Blanchett en el Festival de San Sebasti\u00e1n: del traje denim al precioso vestido de gala"},"content":{"rendered":"<p><!-- AUTHOR --> <\/p>\n<div class=\"voc-author-timesocial \"> <!-- AUTHOR --> <\/p>\n<div class=\"voc-author-timesocial__signature \">\n<div class=\"voc-author-timesocial__img-c\"> <!-- IMAGE AUTHOR --> <picture class=\"voc-image-signature\"> <img class=\"voc-image-signature__img\" src=\"http:\/\/hoycordobaweb.com\/wp-content\/uploads\/2024\/09\/los-espectaculares-looks-de-cate-blanchett-en-el-festival-de-san-sebastian-del-traje-denim-al-precioso-vestido-de-gala.jpg\" alt=\"Raquel Rodr\u00edguez\"> <\/picture> <\/div>\n<p> <!-- INFO AUTHOR --> <\/div><\/div>\n<p> <!-- COMPONENTS --> <\/p>\n<p class=\"voc-paragraph\" data-mrf-recirculation=\"Link art\u00edculo\">La actualidad fashion del fin de semana est\u00e1 protagonizada, sin lugar a dudas, por el <strong>Festival de San Sebasti\u00e1n<\/strong>. Adem\u00e1s de<br \/>\n<a data-voc-vtm-id=\"in-text-traffic\" href=\"https:\/\/www.mujerhoy.com\/moda\/pasarelas\/semana-moda-milan-mejores-desfiles-looks-versace-gucci-prada-20240921102949-nt.html\" title=\"www.mujerhoy.com\" data-mrf-link=\"https:\/\/www.mujerhoy.com\/moda\/pasarelas\/semana-moda-milan-mejores-desfiles-looks-versace-gucci-prada-20240921102949-nt.html\"> la Semana de la Moda de Mil\u00e1n<\/a><br \/>\n, esta cita cinemat\u00f3grafica se ha convertido en una pasarela por la que vemos looks tanto de d\u00eda como de noche que son pura inspiraci\u00f3n. Y si <a data-voc-vtm-id=\"in-text-traffic\" href=\"https:\/\/www.mujerhoy.com\/celebrities\/alfombra-roja\/mejores-looks-festival-san-sebastian-alfombra-roja-famosas-penelope-cruz-yolanda-diaz-20240921092457-nt.html\" title=\"www.mujerhoy.com\" data-mrf-link=\"https:\/\/www.mujerhoy.com\/celebrities\/alfombra-roja\/mejores-looks-festival-san-sebastian-alfombra-roja-famosas-penelope-cruz-yolanda-diaz-20240921092457-nt.html\">el paso de Pen\u00e9lope Cruz por la ceremonia de inauguraci\u00f3n<\/a> te dej\u00f3 sin palabras, espera a ver c\u00f3mo lo ha hecho <strong>Cate Blanchett<\/strong>.\n<\/p>\n<p class=\"voc-paragraph\" data-mrf-recirculation=\"Link art\u00edculo\">La actriz puso el toque internacional a este festival -que durar\u00e1 hasta el d\u00eda 28 de este mes- y acudi\u00f3 a la cita para <strong>recoger el Premio Donostia<\/strong>, un galard\u00f3n honor\u00edfico en reconocimiento a toda su trayectoria profesional. Y como era de esperar, <a data-voc-vtm-id=\"in-text-traffic\" href=\"https:\/\/www.mujerhoy.com\/temas\/personajes\/cate-blanchett.html\" title=\"www.mujerhoy.com\" data-mrf-link=\"https:\/\/www.mujerhoy.com\/temas\/personajes\/cate-blanchett.html\">Cate Blanchett <\/a><br \/>\nno solo cumpli\u00f3 como invitada de diez, sino tambi\u00e9n como icono de estilo con dos looks de lo m\u00e1s aplaudidos.\n<\/p>\n<p class=\"voc-paragraph\" data-mrf-recirculation=\"Link art\u00edculo\">La estrella internacional lleg\u00f3 a Gipuzkoa en la ma\u00f1ana de ayer y arranc\u00f3 su cita en Espa\u00f1a d\u00e1ndose un ba\u00f1o de masas a la entrada del Hotel Mar\u00eda Cristina. Fue all\u00ed donde la vimos posar en el photocall para depsu\u00e9s ofrecer una rueda de prensa con motivo de la <strong>presentaci\u00f3n &#8216;Rumours&#8217;<\/strong>, pel\u00edcula que protagoniza y que ha venido a presentar aqu\u00ed. <\/p>\n<p class=\"voc-paragraph\" data-mrf-recirculation=\"Link art\u00edculo\">Para este primer acto, al tratarse de un evento de d\u00eda, escogi\u00f3 un<br \/>\n<strong> look casual e informal<\/strong> que se ha convertido en uno de los favoritos de la semana. \u00bfEl motivo? Que es un estilismo s\u00faper tendencia del que te hemos hablado recientemente: un <a data-voc-vtm-id=\"in-text-traffic\" href=\"https:\/\/www.mujerhoy.com\/moda\/no-te-pierdas\/trajes-chaqueta-denim-tendencia-look-vaquero-20240921132740-nt.html\" title=\"www.mujerhoy.com\" data-mrf-link=\"https:\/\/www.mujerhoy.com\/moda\/no-te-pierdas\/trajes-chaqueta-denim-tendencia-look-vaquero-20240921132740-nt.html\">traje de chaqueta y pantal\u00f3n denim<\/a><br \/>\n.\n<\/p>\n<div class=\"voc-detail-photo-zoom\"> <picture data-toggle=\"modal\" data-target=\"#photoZoomModal-562\" target=\"modal\">\n<div class=\"voc-img-icon-link\"> <img loading=\"lazy\" src=\"http:\/\/hoycordobaweb.com\/wp-content\/uploads\/2024\/09\/los-espectaculares-looks-de-cate-blanchett-en-el-festival-de-san-sebastian-del-traje-denim-al-precioso-vestido-de-gala.webp\" width=\"650\" height=\"900\" alt=\"Cate Blanchett conun traje denim. \/ LIMITED PICTURES\"> <noscript> <img src=\"http:\/\/hoycordobaweb.com\/wp-content\/uploads\/2024\/09\/los-espectaculares-looks-de-cate-blanchett-en-el-festival-de-san-sebastian-del-traje-denim-al-precioso-vestido-de-gala.webp\" alt=\"Cate Blanchett conun traje denim. \/ LIMITED PICTURES\"> <\/noscript> <i class=\"voc-icons zoom voc-multimedia-box voc-ico-l\"><\/i> <\/div><figcaption class=\"figure-caption\">Cate Blanchett conun traje denim. \/ LIMITED PICTURES<\/figcaption><\/picture>\n<\/div>\n<div id=\"photoZoomModal-562\" class=\"voc-lightbox modal fade voc-lightbox--photo-zoom\" role=\"dialog\" data-voc-photozoom-lightbox>\n<div class=\"voc-lightbox__dialog\" role=\"document\">\n<div class=\"voc-lightbox__content\"> <!-- Modal header --> <!-- Modal content --> <\/p>\n<div class=\"voc-lightbox__photo-container\"> <picture class> <img loading=\"lazy\" src=\"http:\/\/hoycordobaweb.com\/wp-content\/uploads\/2024\/09\/los-espectaculares-looks-de-cate-blanchett-en-el-festival-de-san-sebastian-del-traje-denim-al-precioso-vestido-de-gala.webp\" alt=\"Cate Blanchett conun traje denim. \/ LIMITED PICTURES\"> <noscript> <img src=\"http:\/\/hoycordobaweb.com\/wp-content\/uploads\/2024\/09\/los-espectaculares-looks-de-cate-blanchett-en-el-festival-de-san-sebastian-del-traje-denim-al-precioso-vestido-de-gala.webp\" alt=\"Cate Blanchett conun traje denim. \/ LIMITED PICTURES\"> <\/noscript> <\/picture> <\/div><\/div><\/div>\n<\/div>\n<p class=\"voc-paragraph\" data-mrf-recirculation=\"Link art\u00edculo\">Estilosa, elegante, c\u00f3moda y juvenil, as\u00ed es como Cate Blanchett consigui\u00f3 lucir tras elegir esta propuesta que nos ha encantado. Su traje era uno formado por una chaqueta larga, cruzada, de hombreras marcadas y solapas XL que iba acompa\u00f1ada de un<br \/>\n<strong> pantal\u00f3n largo de bajo acampanado<\/strong>.\n<\/p>\n<p class=\"voc-paragraph\" data-mrf-recirculation=\"Link art\u00edculo\">Un conjunto de dos piezas que marcaba la diferencia gracias al remate en color camel de la chaqueta, un detalle que le sirvi\u00f3 para completar el look con unos originales zapatos. Cate a\u00f1adi\u00f3 unos <strong>zapatos de plataforma <\/strong>a juego que sumaban altura.\n<\/p>\n<div class=\"voc-detail-photo-zoom\"> <picture data-toggle=\"modal\" data-target=\"#photoZoomModal-847\" target=\"modal\">\n<div class=\"voc-img-icon-link\"> <img loading=\"lazy\" src=\"http:\/\/hoycordobaweb.com\/wp-content\/uploads\/2024\/09\/los-espectaculares-looks-de-cate-blanchett-en-el-festival-de-san-sebastian-del-traje-denim-al-precioso-vestido-de-gala-1.webp\" width=\"650\" height=\"900\" alt=\"Cate Blanchett con un espectacular vestido dorado. \/LIMITED PICTURES\"> <noscript> <img src=\"http:\/\/hoycordobaweb.com\/wp-content\/uploads\/2024\/09\/los-espectaculares-looks-de-cate-blanchett-en-el-festival-de-san-sebastian-del-traje-denim-al-precioso-vestido-de-gala-1.webp\" alt=\"Cate Blanchett con un espectacular vestido dorado. \/LIMITED PICTURES\"> <\/noscript> <i class=\"voc-icons zoom voc-multimedia-box voc-ico-l\"><\/i> <\/div><figcaption class=\"figure-caption\">Cate Blanchett con un espectacular vestido dorado. \/LIMITED PICTURES<\/figcaption><\/picture>\n<\/div>\n<div id=\"photoZoomModal-847\" class=\"voc-lightbox modal fade voc-lightbox--photo-zoom\" role=\"dialog\" data-voc-photozoom-lightbox>\n<div class=\"voc-lightbox__dialog\" role=\"document\">\n<div class=\"voc-lightbox__content\"> <!-- Modal header --> <!-- Modal content --> <\/p>\n<div class=\"voc-lightbox__photo-container\"> <picture class> <img loading=\"lazy\" src=\"http:\/\/hoycordobaweb.com\/wp-content\/uploads\/2024\/09\/los-espectaculares-looks-de-cate-blanchett-en-el-festival-de-san-sebastian-del-traje-denim-al-precioso-vestido-de-gala-1.webp\" alt=\"Cate Blanchett con un espectacular vestido dorado. \/LIMITED PICTURES\"> <noscript> <img src=\"http:\/\/hoycordobaweb.com\/wp-content\/uploads\/2024\/09\/los-espectaculares-looks-de-cate-blanchett-en-el-festival-de-san-sebastian-del-traje-denim-al-precioso-vestido-de-gala-1.webp\" alt=\"Cate Blanchett con un espectacular vestido dorado. \/LIMITED PICTURES\"> <\/noscript> <\/picture> <\/div><\/div><\/div>\n<\/div>\n<p class=\"voc-paragraph\" data-mrf-recirculation=\"Link art\u00edculo\">Por la noche, la ganadora de un Oscar demostr\u00f3 por qu\u00e9 es considerada<br \/>\n<strong> una de las mujeres m\u00e1s estilosas del mundo<\/strong> y confirm\u00f3 que lo de las alfombras rojas se le da de maravilla. Y es que, para la gala en la que fue la absoluta protagonista, escogi\u00f3 un espectacular vestido que la convirti\u00f3 en la mejor vestida de la cita.\n<\/p>\n<p class=\"voc-paragraph\" data-mrf-recirculation=\"Link art\u00edculo\">Deslumbr\u00f3 gracias a un<br \/>\n<strong> precioso vestido dorado <\/strong>que era una aut\u00e9ntica obra de arte. Un dise\u00f1o semitransparente de manga larga y cuello subido con bordados y pedrer\u00eda que quedaba ajustado a su cintura, de la que sal\u00eda una falda larga fluida.\n<\/p>\n<div class=\"voc-detail-photo-zoom\"> <picture data-toggle=\"modal\" data-target=\"#photoZoomModal-517\" target=\"modal\">\n<div class=\"voc-img-icon-link\"> <img loading=\"lazy\" src=\"http:\/\/hoycordobaweb.com\/wp-content\/uploads\/2024\/09\/los-espectaculares-looks-de-cate-blanchett-en-el-festival-de-san-sebastian-del-traje-denim-al-precioso-vestido-de-gala-2.webp\" width=\"650\" height=\"900\" alt=\"Cate Blanchett recoge el Premio Donosita. \/ LIMITED PICTURES\"> <noscript> <img src=\"http:\/\/hoycordobaweb.com\/wp-content\/uploads\/2024\/09\/los-espectaculares-looks-de-cate-blanchett-en-el-festival-de-san-sebastian-del-traje-denim-al-precioso-vestido-de-gala-2.webp\" alt=\"Cate Blanchett recoge el Premio Donosita. \/ LIMITED PICTURES\"> <\/noscript> <i class=\"voc-icons zoom voc-multimedia-box voc-ico-l\"><\/i> <\/div><figcaption class=\"figure-caption\">Cate Blanchett recoge el Premio Donosita. \/ LIMITED PICTURES<\/figcaption><\/picture>\n<\/div>\n<div id=\"photoZoomModal-517\" class=\"voc-lightbox modal fade voc-lightbox--photo-zoom\" role=\"dialog\" data-voc-photozoom-lightbox>\n<div class=\"voc-lightbox__dialog\" role=\"document\">\n<div class=\"voc-lightbox__content\"> <!-- Modal header --> <!-- Modal content --> <\/p>\n<div class=\"voc-lightbox__photo-container\"> <picture class> <img loading=\"lazy\" src=\"http:\/\/hoycordobaweb.com\/wp-content\/uploads\/2024\/09\/los-espectaculares-looks-de-cate-blanchett-en-el-festival-de-san-sebastian-del-traje-denim-al-precioso-vestido-de-gala-2.webp\" alt=\"Cate Blanchett recoge el Premio Donosita. \/ LIMITED PICTURES\"> <noscript> <img src=\"http:\/\/hoycordobaweb.com\/wp-content\/uploads\/2024\/09\/los-espectaculares-looks-de-cate-blanchett-en-el-festival-de-san-sebastian-del-traje-denim-al-precioso-vestido-de-gala-2.webp\" alt=\"Cate Blanchett recoge el Premio Donosita. \/ LIMITED PICTURES\"> <\/noscript> <\/picture> <\/div><\/div><\/div>\n<\/div>\n<p class=\"voc-paragraph\" data-mrf-recirculation=\"Link art\u00edculo\">Una prenda tan especial como esa se merec\u00eda todo el protagonismo y Blanchett la combin\u00f3 desde el minimalismo. Tan solo a\u00f1adi\u00f3 unos<br \/>\n<strong> zapatos dorados<\/strong>, en concreto, unos stilettos de tac\u00f3n fino y punta pronunciada que iban en perfecta sinton\u00eda con el resto del look. De Matr\u00edcula de honor.\n<\/p>\n<p> <!-- TOPICS --> <\/p>\n","protected":false},"excerpt":{"rendered":"<p>La actualidad fashion del fin de semana est\u00e1 protagonizada, sin lugar a dudas, por el Festival de San Sebasti\u00e1n. Adem\u00e1s de la Semana de la Moda de Mil\u00e1n , esta cita cinemat\u00f3grafica se ha convertido en una pasarela por la que vemos looks tanto de d\u00eda como de noche que son pura inspiraci\u00f3n. Y si [&hellip;]<\/p>\n","protected":false},"author":1,"featured_media":83437,"comment_status":"closed","ping_status":"closed","sticky":false,"template":"","format":"standard","meta":[],"categories":[],"tags":[],"_links":{"self":[{"href":"http:\/\/hoycordobaweb.com\/index.php\/wp-json\/wp\/v2\/posts\/83436"}],"collection":[{"href":"http:\/\/hoycordobaweb.com\/index.php\/wp-json\/wp\/v2\/posts"}],"about":[{"href":"http:\/\/hoycordobaweb.com\/index.php\/wp-json\/wp\/v2\/types\/post"}],"author":[{"embeddable":true,"href":"http:\/\/hoycordobaweb.com\/index.php\/wp-json\/wp\/v2\/users\/1"}],"replies":[{"embeddable":true,"href":"http:\/\/hoycordobaweb.com\/index.php\/wp-json\/wp\/v2\/comments?post=83436"}],"version-history":[{"count":0,"href":"http:\/\/hoycordobaweb.com\/index.php\/wp-json\/wp\/v2\/posts\/83436\/revisions"}],"wp:featuredmedia":[{"embeddable":true,"href":"http:\/\/hoycordobaweb.com\/index.php\/wp-json\/wp\/v2\/media\/83437"}],"wp:attachment":[{"href":"http:\/\/hoycordobaweb.com\/index.php\/wp-json\/wp\/v2\/media?parent=83436"}],"wp:term":[{"taxonomy":"category","embeddable":true,"href":"http:\/\/hoycordobaweb.com\/index.php\/wp-json\/wp\/v2\/categories?post=83436"},{"taxonomy":"post_tag","embeddable":true,"href":"http:\/\/hoycordobaweb.com\/index.php\/wp-json\/wp\/v2\/tags?post=83436"}],"curies":[{"name":"wp","href":"https:\/\/api.w.org\/{rel}","templated":true}]}}