{"id":83434,"date":"2024-09-22T09:18:08","date_gmt":"2024-09-22T09:18:08","guid":{"rendered":"https:\/\/www.mujerhoy.com\/moda\/no-te-pierdas\/reina-sofia-looks-viaje-lisboa-blazer-original-comoda-elegante-20240922105232-nt.html"},"modified":"2024-09-22T09:18:08","modified_gmt":"2024-09-22T09:18:08","slug":"los-originales-looks-de-la-reina-sofia-en-su-viaje-a-lisboa-saca-del-armario-sus-blazers-mas-especiales","status":"publish","type":"post","link":"http:\/\/hoycordobaweb.com\/index.php\/2024\/09\/22\/los-originales-looks-de-la-reina-sofia-en-su-viaje-a-lisboa-saca-del-armario-sus-blazers-mas-especiales\/","title":{"rendered":"Los originales looks de la reina Sof\u00eda en su viaje a Lisboa: saca del armario sus blazers m\u00e1s especiales"},"content":{"rendered":"<p><!-- AUTHOR --> <\/p>\n<div class=\"voc-author-timesocial \"> <!-- AUTHOR --> <\/p>\n<div class=\"voc-author-timesocial__signature \">\n<div class=\"voc-author-timesocial__img-c\"> <!-- IMAGE AUTHOR --> <picture class=\"voc-image-signature\"> <img class=\"voc-image-signature__img\" src=\"http:\/\/hoycordobaweb.com\/wp-content\/uploads\/2024\/09\/los-originales-looks-de-la-reina-sofia-en-su-viaje-a-lisboa-saca-del-armario-sus-blazers-mas-especiales.jpg\" alt=\"Raquel Rodr\u00edguez\"> <\/picture> <\/div>\n<p> <!-- INFO AUTHOR --> <\/div><\/div>\n<p> <!-- COMPONENTS --> <\/p>\n<p class=\"voc-paragraph\" data-mrf-recirculation=\"Link art\u00edculo\">La \u00abvuelta al cole\u00bb de la familia real est\u00e1 siendo m\u00e1s light de lo esperado. A pesar de que hemos visto a la reina Letizia participar, por ejemplo, <a data-voc-vtm-id=\"in-text-traffic\" href=\"https:\/\/www.mujerhoy.com\/moda\/no-te-pierdas\/reina-letizia-curso-look-blusa-blanca-pantalon-negro-sandalias-azuqueca-20240911103732-nt.html\" title=\"www.mujerhoy.com\" data-mrf-link=\"https:\/\/www.mujerhoy.com\/moda\/no-te-pierdas\/reina-letizia-curso-look-blusa-blanca-pantalon-negro-sandalias-azuqueca-20240911103732-nt.html\">en la apertura del curso escolar<\/a> y el rey Felipe ha tenido audiencias y reuniones, lo cierto es que han sido pocas las citas marcadas en la <strong>agenda oficial<\/strong>. Un regreso al trabajo poco ajetreado al que se ha unido recientemente tambi\u00e9n<br \/>\n<a data-voc-vtm-id=\"in-text-traffic\" href=\"https:\/\/www.mujerhoy.com\/temas\/personajes\/dona-sofia-de-grecia.html\" title=\"www.mujerhoy.com\" data-mrf-link=\"https:\/\/www.mujerhoy.com\/temas\/personajes\/dona-sofia-de-grecia.html\"> la reina Sof\u00eda<\/a><br \/>\n.\n<\/p>\n<p class=\"voc-paragraph\" data-mrf-recirculation=\"Link art\u00edculo\">Y la em\u00e9rita lo ha hecho<br \/>\n<a data-voc-vtm-id=\"in-text-traffic\" href=\"https:\/\/www.mujerhoy.com\/celebrities\/realeza\/reina-sofia-detalles-viaje-lisboa-tristeza-hermana-enferma-20240918112027-nt.html\" title=\"www.mujerhoy.com\" data-mrf-link=\"https:\/\/www.mujerhoy.com\/celebrities\/realeza\/reina-sofia-detalles-viaje-lisboa-tristeza-hermana-enferma-20240918112027-nt.html\"> viajando a Portugal <\/a><br \/>\npara participar en el <strong>Congreso Internacional sobre Enfermedades Neurodegenerativas <\/strong>\u00abInternational Congress On Neurodegenerative Diseases\u00bb. Una cita que ha tenido lugar en Lisboa y en la que ha dejado claro cu\u00e1l es su look favorito para cuando quiere ir <strong>c\u00f3moda y elegante<\/strong>.\n<\/p>\n<p class=\"voc-paragraph\" data-mrf-recirculation=\"Link art\u00edculo\">Do\u00f1a Sof\u00eda ha visitado el pa\u00eds vecino durante dos d\u00edas -viernes y s\u00e1bado- y ha estado en la seda de la Fundaci\u00f3n Champalimaud, donde presidi\u00f3 tambi\u00e9n el<br \/>\n<strong> acto oficial de celebraci\u00f3n del D\u00eda Mundial del Alzheimer<\/strong>. Recibida por el embajador en la Rep\u00fablica Portuguesa, Juan Fern\u00e1ndez Trigo, la reina em\u00e9rita se mostr\u00f3 muy implicada con la causa. Y es que, a este congreso asisten investigadores de referencia mundia y tienen lugar diferentes ponencias sobre la materia. <\/p>\n<p class=\"voc-paragraph\" data-mrf-recirculation=\"Link art\u00edculo\">Adem\u00e1s, do\u00f1a Sof\u00eda dusfrut\u00f3 de la exposici\u00f3n de posters cient\u00edficos acerca de enfermedades neurodegenerativas y asisti\u00f3 un <strong>concierto a cargo de la cantante de fados Katia Guerreiro<\/strong>. Dos jornadas intensas que finalizaron en la tarde de ayer s\u00e1bado y en las que la madre del rey Felipe ha dejado claro cu\u00e1l es la prenda estrella de su armario.\n<\/p>\n<div class=\"voc-detail__cmp\">\n<div class=\"voc-article-container\">\n<article class=\"voc-article voc-article--cmp-photo-text\" readability=\"26\">\n<div class=\"voc-img-container\" readability=\"7\"> <picture>\n<div class=\"voc-horizontal voc-img-icon-link\"> <img loading=\"lazy\" src=\"http:\/\/hoycordobaweb.com\/wp-content\/uploads\/2024\/09\/los-originales-looks-de-la-reina-sofia-en-su-viaje-a-lisboa-saca-del-armario-sus-blazers-mas-especiales.webp\" alt=\"La reina Sof\u00eda con un traje de chaqueta gris.\" width=\"624\" height=\"624\"> <\/div>\n<\/picture>\n<p class=\"figure-caption \"> La reina Sof\u00eda con un traje de chaqueta gris. \/ <span class=\"voc-photo-author\"> casa real <\/span> <\/p>\n<\/p><\/div>\n<\/article><\/div>\n<\/div>\n<p class=\"voc-paragraph\" data-mrf-recirculation=\"Link art\u00edculo\">A su llegada a la capital lusa, la reina luc\u00eda un look de esos con los que nunca se falla: un<br \/>\n<strong> traje de chaqueta y pantal\u00f3n<\/strong> perfecto para las reuniones de trabajo y que sirve tanto para citas de d\u00eda como de noche. Y esta vez se decant\u00f3 por un modelo de<br \/>\n<strong> estampado de pr\u00edncipe de Gales<\/strong>.\n<\/p>\n<p class=\"voc-paragraph\" data-mrf-recirculation=\"Link art\u00edculo\">De color gris, la em\u00e9rita luci\u00f3 elegante y muy acertada con este dos piezas que combin\u00f3 con una camisa a tono con solapas bordadas y unos <strong>botines de color negro <\/strong>y de un tac\u00f3n bajo y bastante c\u00f3modo. Una f\u00f3rmula perfecta que imit\u00f3 en la tarde de viernes.\n<\/p>\n<div class=\"voc-detail__cmp\">\n<div class=\"voc-article-container\">\n<article class=\"voc-article voc-article--cmp-photo-text\" readability=\"26\">\n<div class=\"voc-img-container\" readability=\"7\"> <picture>\n<div class=\"voc-horizontal voc-img-icon-link\"> <img loading=\"lazy\" src=\"http:\/\/hoycordobaweb.com\/wp-content\/uploads\/2024\/09\/los-originales-looks-de-la-reina-sofia-en-su-viaje-a-lisboa-saca-del-armario-sus-blazers-mas-especiales-1.webp\" alt=\"La reina Sof\u00eda junto a la cantante de fados Katia Guerreiro.\" width=\"624\" height=\"624\"> <\/div>\n<\/picture>\n<p class=\"figure-caption \"> La reina Sof\u00eda junto a la cantante de fados Katia Guerreiro. \/ <span class=\"voc-photo-author\"> casa real <\/span> <\/p>\n<\/p><\/div>\n<\/article><\/div>\n<\/div>\n<p class=\"voc-paragraph\" data-mrf-recirculation=\"Link art\u00edculo\">Para asistir al concierto de fado, opt\u00f3 por una de las blazer m\u00e1s especiales que tiene en el armario y que ya le hemos visto en otras ocasiones. Hablamos de un modelo de color marr\u00f3n de<br \/>\n<strong> estampado paisley <\/strong>que est\u00e1 confeccionada en un tejido ligeramente brillante, por lo que es perfecta par las citas nocturnas.\n<\/p>\n<p class=\"voc-paragraph\" data-mrf-recirculation=\"Link art\u00edculo\">La combin\u00f3 con un <strong>pantal\u00f3n de traje de color marr\u00f3n<\/strong> y consigui\u00f3 uno de esos looks que demuestran que, a pesar de su edad, sigue siendo una de las royals que mejor saben vestir. De hecho, sabe a la perfecci\u00f3n que este tipo de combinaciones le sientan de maravilla y son de lo m\u00e1s acertadas y la repiti\u00f3 de nuevo para los actos celebrados el s\u00e1bado.\n<\/p>\n<div class=\"voc-detail__cmp\">\n<div class=\"voc-article-container\">\n<article class=\"voc-article voc-article--cmp-photo-text\" readability=\"26\">\n<div class=\"voc-img-container\" readability=\"7\"> <picture>\n<div class=\"voc-horizontal voc-img-icon-link\"> <img loading=\"lazy\" src=\"http:\/\/hoycordobaweb.com\/wp-content\/uploads\/2024\/09\/los-originales-looks-de-la-reina-sofia-en-su-viaje-a-lisboa-saca-del-armario-sus-blazers-mas-especiales-2.webp\" alt=\"La reina Sof\u00eda con una blazer bordada.\" width=\"624\" height=\"624\"> <\/div>\n<\/picture>\n<p class=\"figure-caption \"> La reina Sof\u00eda con una blazer bordada. \/ <span class=\"voc-photo-author\"> casa real <\/span> <\/p>\n<\/p><\/div>\n<\/article><\/div>\n<\/div>\n<p class=\"voc-paragraph\" data-mrf-recirculation=\"Link art\u00edculo\">En esta ocasi\u00f3n, ense\u00f1\u00f3 c\u00f3mo es posible conseguir un look de lo m\u00e1s sofisticado con pantalones negros. Y s\u00ed, lo hizo gracias tambi\u00e9n a una blazer. En este caso, escogi\u00f3 este modelo de color rosa con<br \/>\n<strong> bordados y pedrer\u00eda <\/strong>que tambi\u00e9n ha rescatado de su armario y que no puede ser m\u00e1s bonita y especial.\n<\/p>\n<p> <!-- TOPICS --> <\/p>\n","protected":false},"excerpt":{"rendered":"<p>La \u00abvuelta al cole\u00bb de la familia real est\u00e1 siendo m\u00e1s light de lo esperado. A pesar de que hemos visto a la reina Letizia participar, por ejemplo, en la apertura del curso escolar y el rey Felipe ha tenido audiencias y reuniones, lo cierto es que han sido pocas las citas marcadas en la [&hellip;]<\/p>\n","protected":false},"author":1,"featured_media":83435,"comment_status":"closed","ping_status":"closed","sticky":false,"template":"","format":"standard","meta":[],"categories":[],"tags":[],"_links":{"self":[{"href":"http:\/\/hoycordobaweb.com\/index.php\/wp-json\/wp\/v2\/posts\/83434"}],"collection":[{"href":"http:\/\/hoycordobaweb.com\/index.php\/wp-json\/wp\/v2\/posts"}],"about":[{"href":"http:\/\/hoycordobaweb.com\/index.php\/wp-json\/wp\/v2\/types\/post"}],"author":[{"embeddable":true,"href":"http:\/\/hoycordobaweb.com\/index.php\/wp-json\/wp\/v2\/users\/1"}],"replies":[{"embeddable":true,"href":"http:\/\/hoycordobaweb.com\/index.php\/wp-json\/wp\/v2\/comments?post=83434"}],"version-history":[{"count":0,"href":"http:\/\/hoycordobaweb.com\/index.php\/wp-json\/wp\/v2\/posts\/83434\/revisions"}],"wp:featuredmedia":[{"embeddable":true,"href":"http:\/\/hoycordobaweb.com\/index.php\/wp-json\/wp\/v2\/media\/83435"}],"wp:attachment":[{"href":"http:\/\/hoycordobaweb.com\/index.php\/wp-json\/wp\/v2\/media?parent=83434"}],"wp:term":[{"taxonomy":"category","embeddable":true,"href":"http:\/\/hoycordobaweb.com\/index.php\/wp-json\/wp\/v2\/categories?post=83434"},{"taxonomy":"post_tag","embeddable":true,"href":"http:\/\/hoycordobaweb.com\/index.php\/wp-json\/wp\/v2\/tags?post=83434"}],"curies":[{"name":"wp","href":"https:\/\/api.w.org\/{rel}","templated":true}]}}