{"id":83430,"date":"2024-09-20T23:40:37","date_gmt":"2024-09-20T23:40:37","guid":{"rendered":"https:\/\/www.ole.com.ar\/river-plate\/river-marcos-huevo-acuna-german-pezzella-equipo-semana-copa-libertadores-cuartos-final-ida-colo_0_IVNkxtSStq.html"},"modified":"2024-09-20T23:40:37","modified_gmt":"2024-09-20T23:40:37","slug":"acuna-y-pezzella-presentes-en-el-equipo-ideal-de-los-cuartos-de-la-copa","status":"publish","type":"post","link":"http:\/\/hoycordobaweb.com\/index.php\/2024\/09\/20\/acuna-y-pezzella-presentes-en-el-equipo-ideal-de-los-cuartos-de-la-copa\/","title":{"rendered":"Acu\u00f1a y Pezzella presentes en el equipo ideal de los cuartos de la Copa"},"content":{"rendered":"<p><img src=\"http:\/\/hoycordobaweb.com\/wp-content\/uploads\/2024\/09\/acuna-y-pezzella-presentes-en-el-equipo-ideal-de-los-cuartos-de-la-copa.jpg\"><\/p>\n<p><time class=\"createDate\" datetime=\"2024-09-20T20:40:37-03:00\">20\/09\/2024 20:40hs.<\/time><\/p>\n<div id=\"storyBody\">\n<div class=\"custom-text \" readability=\"34.908695652174\">\n<p>La ida entre <strong><a href=\"https:\/\/www.ole.com.ar\/tema\/colo-colo.html\" title=\"colo colo\" alt=\"colo colo\" class=\"slug\">Colo Colo<\/a><\/strong> y <strong><a href=\"https:\/\/www.ole.com.ar\/tema\/river-plate.html\" title=\"River Plate\" alt=\"River Plate\" class=\"slug\">River<\/a><\/strong> mostr\u00f3 una gran paridad entre ambos equipos. Un partido parejo y muy f\u00edsico, en el que ambos equipos tuvieron sus chances claras de concretar y que finaliz\u00f3 con un resultado l\u00f3gico en relaci\u00f3n a lo que se vio en el tr\u00e1mite del partido. Y <strong>estas pocas ventajas que hubo entre ambos conjuntos se traslad\u00f3 al 11 ideal<\/strong> de los cuartos de final de la <strong><a href=\"https:\/\/www.ole.com.ar\/tema\/copa-libertadores.html\" title=\"Copa Libertadores\" alt=\"Copa Libertadores\" class=\"slug\">Libertadores<\/a><\/strong> presentado por Conmebol, donde hay dos representantes por equipo.<\/p>\n<\/div>\n<div class=\"custom-text \" readability=\"31.953488372093\">\n<p>En este conjunto elegido por Conmebol se encuentran <strong><a href=\"https:\/\/www.ole.com.ar\/tema\/german-pezzella.html\" title=\"Germ\u00e1n Pezzella\" alt=\"Germ\u00e1n Pezzella\" class=\"slug\">Germ\u00e1n Pezzella<\/a><\/strong>, quien fue <strong>el autor del 1 a 0<\/strong> en Chile y <strong><a href=\"https:\/\/www.ole.com.ar\/tema\/marcos-acuna.html\" title=\"Marcos Acu\u00f1a\" alt=\"Marcos Acu\u00f1a\" class=\"slug\">Marcos Acu\u00f1a<\/a><\/strong>, el futbolista que envi\u00f3 el centro para que el zaguero de 33 a\u00f1os ponga la ventaja a minutos de finalizar el primer tiempo en Chile.<\/p>\n<\/div>\n<div class=\"sc-e7b891c4-0 ifHnQL\"><img alt=\"El campe\u00f3n del mundo convirti\u00f3 su primer gol desde su vuelta a River (EFE).\" loading=\"lazy\" width=\"720\" height=\"100\" decoding=\"async\" data-nimg=\"1\" src=\"http:\/\/hoycordobaweb.com\/wp-content\/uploads\/2024\/09\/acuna-y-pezzella-presentes-en-el-equipo-ideal-de-los-cuartos-de-la-copa-2.jpg\"><span class=\"epigraphe\">El campe\u00f3n del mundo convirti\u00f3 su primer gol desde su vuelta a River (EFE).<\/span><\/div>\n<div class=\"custom-text \" readability=\"36.549520766773\">\n<p>Por el lado de Colo Colo, est\u00e1n presentes en el 11 ideal de la ida los <strong>dos futbolistas que formaron parte del otro gol de este partido<\/strong>. <strong><a href=\"https:\/\/www.ole.com.ar\/tema\/arturo-vidal.html\" title=\"arturo vidal\" alt=\"arturo vidal\" class=\"slug\">Arturo Vidal<\/a><\/strong>, quien fue una de las figuras de la noche y coloc\u00f3 una gran asistencia, se encuentra junto a <strong><a href=\"https:\/\/www.ole.com.ar\/tema\/carlos-palacios.html\" title=\"Carlos Palacios\" alt=\"Carlos Palacios\" class=\"slug\">Carlos Palacios<\/a><\/strong>, <strong>autor del 1 a 1<\/strong>, dentro de este equipo de la semana.<\/p>\n<\/div>\n<p><h2><strong>\u00bfQui\u00e9nes completan el equipo?<\/strong><\/h2>\n<\/p>\n<div class=\"custom-text \" readability=\"38.762088974855\">\n<p>A estos cuatro futbolistas, se le suma la presencia de los representantes de los otros seis equipos que disputaron este partido de cuartos en la Copa. En el arco se encuentra <strong>Washington Aguerre<\/strong>, el arquero de <strong><a href=\"https:\/\/www.ole.com.ar\/tema\/penarol.html\" title=\"Pe\u00f1arol\" alt=\"Pe\u00f1arol\" class=\"slug\">Pe\u00f1arol<\/a><\/strong> que tuvo una gran actuaci\u00f3n y logr\u00f3 mantener el arco en cero en la victoria del equipo uruguayo por 1 a 0 sobre <strong><a href=\"https:\/\/www.ole.com.ar\/tema\/flamengo.html\" title=\"Flamengo\" alt=\"Flamengo\" class=\"slug\">Flamengo<\/a><\/strong>. Representando al Carbonero tambi\u00e9n aparecen <strong>Javier Cabrera<\/strong>, el autor del \u00fanico gol de la noche, y <strong>Maximiliano Silvera<\/strong>, quien asisti\u00f3 al delantero en su tanto frente al Fla.<\/p>\n<\/div>\n<div class=\"sc-e7b891c4-0 ifHnQL\"><img alt=\"Acu\u00f1a y Pezzella presentes en el 11 ideal de los cuartos de la Libertadores (Conmebol).\" loading=\"lazy\" width=\"720\" height=\"100\" decoding=\"async\" data-nimg=\"1\" src=\"http:\/\/hoycordobaweb.com\/wp-content\/uploads\/2024\/09\/acuna-y-pezzella-presentes-en-el-equipo-ideal-de-los-cuartos-de-la-copa-3.jpg\"><span class=\"epigraphe\">Acu\u00f1a y Pezzella presentes en el 11 ideal de los cuartos de la Libertadores (Conmebol).<\/span><\/div>\n<div class=\"custom-text \" readability=\"36.545679012346\">\n<p>Como representantes de la serie entre <strong><a href=\"https:\/\/www.ole.com.ar\/tema\/botafogo.html\" title=\"botafogo\" alt=\"botafogo\" class=\"slug\">Botafogo<\/a><\/strong> y <strong><a href=\"https:\/\/www.ole.com.ar\/tema\/sao-paulo.html\" title=\"Sao Paulo\" alt=\"Sao Paulo\" class=\"slug\">San Pablo<\/a><\/strong> aparece el lateral Vitinho y el zaguero Robert Arboleda, respectivamente. Por \u00faltimo, pero no menos importante, ya que se trata de la serie de la que saldr\u00e1 el rival del Colo Colo-River, se encuentran <strong>Lima y Kau\u00e3 Elias<\/strong> del <strong><a href=\"https:\/\/www.ole.com.ar\/tema\/fluminense.html\" title=\"Fluminense\" alt=\"Fluminense\" class=\"slug\">Fluminense<\/a><\/strong>, equipo que le gan\u00f3 por 1 a 0 la ida al <strong><a href=\"https:\/\/www.ole.com.ar\/tema\/atletico-mineiro.html\" title=\"Atletico Mineiro\" alt=\"Atletico Mineiro\" class=\"slug\">Atl\u00e9tico Mineiro<\/a><\/strong>, \u00fanico club sin representantes dentro de este 11.<\/p>\n<\/div>\n<div class=\"sc-a7166897-0 eoLsBE\" readability=\"6\">\n<section readability=\"2\"><picture><img alt=\"Todos los n\u00fameros en la previa del S\u00faper\" loading=\"lazy\" width=\"290\" height=\"290\" decoding=\"async\" data-nimg=\"1\" src=\"http:\/\/hoycordobaweb.com\/wp-content\/uploads\/2024\/09\/acuna-y-pezzella-presentes-en-el-equipo-ideal-de-los-cuartos-de-la-copa-4.jpg\"><\/picture>\n<p><span>Mir\u00e1 tambi\u00e9n<\/span><\/p>\n<hr>\n<h3>Todos los n\u00fameros en la previa del S\u00faper<\/h3>\n<\/p>\n<\/section>\n<\/div>\n<div class=\"sc-a7166897-0 eoLsBE\" readability=\"6\">\n<section readability=\"2\"><picture><img alt=\"Historiales: as\u00ed le fue a cada jugador de Boca y River contra el cl\u00e1sico rival\" loading=\"lazy\" width=\"290\" height=\"290\" decoding=\"async\" data-nimg=\"1\" src=\"http:\/\/hoycordobaweb.com\/wp-content\/uploads\/2024\/09\/acuna-y-pezzella-presentes-en-el-equipo-ideal-de-los-cuartos-de-la-copa-5.jpg\"><\/picture>\n<p><span>Mir\u00e1 tambi\u00e9n<\/span><\/p>\n<hr>\n<h3>Historiales: as\u00ed le fue a cada jugador de Boca y River contra el cl\u00e1sico rival<\/h3>\n<\/p>\n<\/section>\n<\/div>\n<div class=\"sc-a7166897-0 eoLsBE\" readability=\"6\">\n<section readability=\"2\"><picture><img alt=\"C\u00f3mo ver en vivo Boca vs. River en M\u00e9xico: hora y c\u00f3mo ver por TV\" loading=\"lazy\" width=\"290\" height=\"290\" decoding=\"async\" data-nimg=\"1\" src=\"http:\/\/hoycordobaweb.com\/wp-content\/uploads\/2024\/09\/acuna-y-pezzella-presentes-en-el-equipo-ideal-de-los-cuartos-de-la-copa-6.jpg\"><\/picture>\n<p><span>Mir\u00e1 tambi\u00e9n<\/span><\/p>\n<hr>\n<h3>C\u00f3mo ver en vivo Boca vs. River en M\u00e9xico: hora y c\u00f3mo ver por TV<\/h3>\n<\/p>\n<\/section>\n<\/div>\n<div class=\"sc-a7166897-0 eoLsBE\" readability=\"6\">\n<section readability=\"2\"><picture><img alt=\"Las formaciones que se perfilan en Boca y River para el S\u00faper\" loading=\"lazy\" width=\"290\" height=\"290\" decoding=\"async\" data-nimg=\"1\" src=\"http:\/\/hoycordobaweb.com\/wp-content\/uploads\/2024\/09\/acuna-y-pezzella-presentes-en-el-equipo-ideal-de-los-cuartos-de-la-copa-7.jpg\"><\/picture>\n<p><span>Mir\u00e1 tambi\u00e9n<\/span><\/p>\n<hr>\n<h3>Las formaciones que se perfilan en Boca y River para el S\u00faper<\/h3>\n<\/p>\n<\/section>\n<\/div>\n<\/div>\n","protected":false},"excerpt":{"rendered":"<p>20\/09\/2024 20:40hs. La ida entre Colo Colo y River mostr\u00f3 una gran paridad entre ambos equipos. Un partido parejo y muy f\u00edsico, en el que ambos equipos tuvieron sus chances claras de concretar y que finaliz\u00f3 con un resultado l\u00f3gico en relaci\u00f3n a lo que se vio en el tr\u00e1mite del partido. Y estas pocas [&hellip;]<\/p>\n","protected":false},"author":1,"featured_media":83431,"comment_status":"open","ping_status":"closed","sticky":false,"template":"","format":"standard","meta":[],"categories":[16],"tags":[],"_links":{"self":[{"href":"http:\/\/hoycordobaweb.com\/index.php\/wp-json\/wp\/v2\/posts\/83430"}],"collection":[{"href":"http:\/\/hoycordobaweb.com\/index.php\/wp-json\/wp\/v2\/posts"}],"about":[{"href":"http:\/\/hoycordobaweb.com\/index.php\/wp-json\/wp\/v2\/types\/post"}],"author":[{"embeddable":true,"href":"http:\/\/hoycordobaweb.com\/index.php\/wp-json\/wp\/v2\/users\/1"}],"replies":[{"embeddable":true,"href":"http:\/\/hoycordobaweb.com\/index.php\/wp-json\/wp\/v2\/comments?post=83430"}],"version-history":[{"count":0,"href":"http:\/\/hoycordobaweb.com\/index.php\/wp-json\/wp\/v2\/posts\/83430\/revisions"}],"wp:featuredmedia":[{"embeddable":true,"href":"http:\/\/hoycordobaweb.com\/index.php\/wp-json\/wp\/v2\/media\/83431"}],"wp:attachment":[{"href":"http:\/\/hoycordobaweb.com\/index.php\/wp-json\/wp\/v2\/media?parent=83430"}],"wp:term":[{"taxonomy":"category","embeddable":true,"href":"http:\/\/hoycordobaweb.com\/index.php\/wp-json\/wp\/v2\/categories?post=83430"},{"taxonomy":"post_tag","embeddable":true,"href":"http:\/\/hoycordobaweb.com\/index.php\/wp-json\/wp\/v2\/tags?post=83430"}],"curies":[{"name":"wp","href":"https:\/\/api.w.org\/{rel}","templated":true}]}}