{"id":83353,"date":"2024-09-20T09:41:40","date_gmt":"2024-09-20T09:41:40","guid":{"rendered":"http:\/\/hoycordobaweb.com\/index.php\/2024\/09\/20\/la-foto-de-caruso-lombardi-con-flores-que-sorprendio-al-futbol-argentino-el-destape\/"},"modified":"2024-09-20T09:41:40","modified_gmt":"2024-09-20T09:41:40","slug":"la-foto-de-caruso-lombardi-con-flores-que-sorprendio-al-futbol-argentino-el-destape","status":"publish","type":"post","link":"http:\/\/hoycordobaweb.com\/index.php\/2024\/09\/20\/la-foto-de-caruso-lombardi-con-flores-que-sorprendio-al-futbol-argentino-el-destape\/","title":{"rendered":"La foto de Caruso Lombardi &quot;con flores&quot; que sorprendi\u00f3 al <b>f\u00fatbol argentino<\/b> &#8211; El Destape"},"content":{"rendered":"<p>La foto de Caruso Lombardi &quot;con flores&quot; que sorprendi\u00f3 al <b>f\u00fatbol argentino<\/b>. El famoso futbolista gener\u00f3 furor al protagonizar una imagen en donde se&nbsp;&#8230; <\/p>\n","protected":false},"excerpt":{"rendered":"<p>La foto de Caruso Lombardi &quot;con flores&quot; que sorprendi\u00f3 al f\u00fatbol argentino. El famoso futbolista gener\u00f3 furor al protagonizar una imagen en donde se&nbsp;&#8230;<\/p>\n","protected":false},"author":1,"featured_media":0,"comment_status":"closed","ping_status":"closed","sticky":false,"template":"","format":"standard","meta":[],"categories":[22],"tags":[],"_links":{"self":[{"href":"http:\/\/hoycordobaweb.com\/index.php\/wp-json\/wp\/v2\/posts\/83353"}],"collection":[{"href":"http:\/\/hoycordobaweb.com\/index.php\/wp-json\/wp\/v2\/posts"}],"about":[{"href":"http:\/\/hoycordobaweb.com\/index.php\/wp-json\/wp\/v2\/types\/post"}],"author":[{"embeddable":true,"href":"http:\/\/hoycordobaweb.com\/index.php\/wp-json\/wp\/v2\/users\/1"}],"replies":[{"embeddable":true,"href":"http:\/\/hoycordobaweb.com\/index.php\/wp-json\/wp\/v2\/comments?post=83353"}],"version-history":[{"count":0,"href":"http:\/\/hoycordobaweb.com\/index.php\/wp-json\/wp\/v2\/posts\/83353\/revisions"}],"wp:attachment":[{"href":"http:\/\/hoycordobaweb.com\/index.php\/wp-json\/wp\/v2\/media?parent=83353"}],"wp:term":[{"taxonomy":"category","embeddable":true,"href":"http:\/\/hoycordobaweb.com\/index.php\/wp-json\/wp\/v2\/categories?post=83353"},{"taxonomy":"post_tag","embeddable":true,"href":"http:\/\/hoycordobaweb.com\/index.php\/wp-json\/wp\/v2\/tags?post=83353"}],"curies":[{"name":"wp","href":"https:\/\/api.w.org\/{rel}","templated":true}]}}