{"id":83269,"date":"2024-09-19T06:11:50","date_gmt":"2024-09-19T06:11:50","guid":{"rendered":"https:\/\/www.mujerhoy.com\/moda\/no-te-pierdas\/novedades-mango-otono-nueva-coleccion-mejor-vendidos-vaqueros-vestidos-20240919080743-nt.html"},"modified":"2024-09-19T06:11:50","modified_gmt":"2024-09-19T06:11:50","slug":"los-mas-vendidos-de-la-nueva-coleccion-de-otono-de-mango-que-tienes-que-comprar-antes-de-que-se-agoten","status":"publish","type":"post","link":"http:\/\/hoycordobaweb.com\/index.php\/2024\/09\/19\/los-mas-vendidos-de-la-nueva-coleccion-de-otono-de-mango-que-tienes-que-comprar-antes-de-que-se-agoten\/","title":{"rendered":"Los m\u00e1s vendidos de la nueva colecci\u00f3n de oto\u00f1o de Mango que tienes que comprar antes de que se agoten"},"content":{"rendered":"<p><!-- AUTHOR --> <\/p>\n<div class=\"voc-author-timesocial \"> <!-- AUTHOR --> <\/p>\n<div class=\"voc-author-timesocial__signature \">\n<div class=\"voc-author-timesocial__img-c\"> <!-- IMAGE AUTHOR --> <picture class=\"voc-image-signature\"> <img class=\"voc-image-signature__img\" src=\"http:\/\/hoycordobaweb.com\/wp-content\/uploads\/2024\/09\/los-mas-vendidos-de-la-nueva-coleccion-de-otono-de-mango-que-tienes-que-comprar-antes-de-que-se-agoten.jpg\" alt=\"Gemma Cano\"> <\/picture> <\/div>\n<p> <!-- INFO AUTHOR --> <\/p>\n<div class=\"voc-author-timesocial__info\" data-mrf-recirculation=\"Autor\">\n<div class=\"voc-author-info\"> <author> <a class=\"voc-author\" href=\"https:\/\/www.mujerhoy.com\/autor\/gemma-cano-1220.html\" data-mrf-link=\"https:\/\/www.mujerhoy.com\/autor\/gemma-cano-1220.html\">Gemma Cano<\/a> <\/author> <time datetime=\"2024-09-19T06:11:50Z\" data-timestamp>Publicado \u00b7 <span data-voc-date-modified-short>19 de septiembre de 2024, 08:11 h<\/span><\/time> <\/div><\/div><\/div><\/div>\n<p> <!-- COMPONENTS --> <\/p>\n<p class=\"voc-paragraph\" data-mrf-recirculation=\"Link art\u00edculo\">El mejor indicador de que una prenda o accesorio est\u00e1 triunfando, es echar un vistazo r\u00e1pido dentro de la secci\u00f3n best sellers de tus marcas favoritas. Si no sabes por d\u00f3nde empezar esta nueva temporada, <a data-voc-vtm-id=\"in-text-traffic\" href=\"https:\/\/www.mujerhoy.com\/moda\/no-te-pierdas\/chaqueta-entretiempo-nuevo-basicos-baratos-mango-20240916025014-nt.html\" data-mrf-link=\"https:\/\/www.mujerhoy.com\/moda\/no-te-pierdas\/chaqueta-entretiempo-nuevo-basicos-baratos-mango-20240916025014-nt.html\">Mango es siempre una buena idea<\/a><br \/>\n. <\/p>\n<p class=\"voc-paragraph\" data-mrf-recirculation=\"Link art\u00edculo\">All\u00ed podr\u00e1s descubrir que las chaquetas corta de tweed, las faldas satinadas, <a data-voc-vtm-id=\"in-text-traffic\" href=\"https:\/\/www.mujerhoy.com\/moda\/tendencias\/mono-vaquero-mango-tendencia-total-denim-50-anos-favorecedor-20240908080107-nt.html\" data-mrf-link=\"https:\/\/www.mujerhoy.com\/moda\/tendencias\/mono-vaquero-mango-tendencia-total-denim-50-anos-favorecedor-20240908080107-nt.html\">los monos largos<\/a><br \/>\n, los vestidos midi, los vaqueros de corte culotte y los accesorios de estilo franc\u00e9s, como los zapatos con pulsera, entre otras muchas tendencias, <strong>est\u00e1n arrasando ahora mismo<\/strong>.\n<\/p>\n<div class=\"voc-detail-photo-zoom\"> <picture data-toggle=\"modal\" data-target=\"#photoZoomModal-512\" target=\"modal\">\n<div class=\"voc-img-icon-link\"> <img loading=\"lazy\" src=\"http:\/\/hoycordobaweb.com\/wp-content\/uploads\/2024\/09\/los-mas-vendidos-de-la-nueva-coleccion-de-otono-de-mango-que-tienes-que-comprar-antes-de-que-se-agoten.webp\" width=\"650\" height=\"900\"> <noscript> <img src=\"http:\/\/hoycordobaweb.com\/wp-content\/uploads\/2024\/09\/los-mas-vendidos-de-la-nueva-coleccion-de-otono-de-mango-que-tienes-que-comprar-antes-de-que-se-agoten.webp\"> <\/noscript> <i class=\"voc-icons zoom voc-multimedia-box voc-ico-l\"><\/i> <\/div><figcaption class=\"figure-caption\"><\/figcaption><\/picture>\n<\/div>\n<div id=\"photoZoomModal-512\" class=\"voc-lightbox modal fade voc-lightbox--photo-zoom\" role=\"dialog\" data-voc-photozoom-lightbox>\n<div class=\"voc-lightbox__dialog\" role=\"document\">\n<div class=\"voc-lightbox__content\"> <!-- Modal header --> <!-- Modal content --> <\/p>\n<div class=\"voc-lightbox__photo-container\"> <picture class> <img loading=\"lazy\" src=\"http:\/\/hoycordobaweb.com\/wp-content\/uploads\/2024\/09\/los-mas-vendidos-de-la-nueva-coleccion-de-otono-de-mango-que-tienes-que-comprar-antes-de-que-se-agoten.webp\"> <noscript> <img src=\"http:\/\/hoycordobaweb.com\/wp-content\/uploads\/2024\/09\/los-mas-vendidos-de-la-nueva-coleccion-de-otono-de-mango-que-tienes-que-comprar-antes-de-que-se-agoten.webp\"> <\/noscript> <\/picture> <\/div><\/div><\/div>\n<\/div>\n<p class=\"voc-paragraph\" data-mrf-recirculation=\"Link art\u00edculo\">Una bonita selecci\u00f3n donde hay muchas piezas de pura tendencia, pero tambi\u00e9n muchos b\u00e1sicos, como la blusa con estampado de flores o el bolso de hombro en colores t\u00edpicamente oto\u00f1ales. \u00bfQuieres <strong>descubrir todas estas compras imprescindibles antes de que se agoten<\/strong>?\n<\/p>\n<div class=\"voc-detail-photo-zoom\"> <picture data-toggle=\"modal\" data-target=\"#photoZoomModal-843\" target=\"modal\">\n<div class=\"voc-img-icon-link\"> <img loading=\"lazy\" src=\"http:\/\/hoycordobaweb.com\/wp-content\/uploads\/2024\/09\/los-mas-vendidos-de-la-nueva-coleccion-de-otono-de-mango-que-tienes-que-comprar-antes-de-que-se-agoten-1.webp\" width=\"460\" height=\"637\" alt=\"Vestido estampado de Mango (29,99 euros)\"> <noscript> <img src=\"http:\/\/hoycordobaweb.com\/wp-content\/uploads\/2024\/09\/los-mas-vendidos-de-la-nueva-coleccion-de-otono-de-mango-que-tienes-que-comprar-antes-de-que-se-agoten-1.webp\" alt=\"Vestido estampado de Mango (29,99 euros)\"> <\/noscript> <i class=\"voc-icons zoom voc-multimedia-box voc-ico-l\"><\/i> <\/div><figcaption class=\"figure-caption\">Vestido estampado de Mango (29,99 euros)<\/figcaption><\/picture>\n<\/div>\n<div id=\"photoZoomModal-843\" class=\"voc-lightbox modal fade voc-lightbox--photo-zoom\" role=\"dialog\" data-voc-photozoom-lightbox>\n<div class=\"voc-lightbox__dialog\" role=\"document\">\n<div class=\"voc-lightbox__content\"> <!-- Modal header --> <!-- Modal content --> <\/p>\n<div class=\"voc-lightbox__photo-container\"> <picture class> <img loading=\"lazy\" src=\"http:\/\/hoycordobaweb.com\/wp-content\/uploads\/2024\/09\/los-mas-vendidos-de-la-nueva-coleccion-de-otono-de-mango-que-tienes-que-comprar-antes-de-que-se-agoten-1.webp\" alt=\"Vestido estampado de Mango (29,99 euros)\"> <noscript> <img src=\"http:\/\/hoycordobaweb.com\/wp-content\/uploads\/2024\/09\/los-mas-vendidos-de-la-nueva-coleccion-de-otono-de-mango-que-tienes-que-comprar-antes-de-que-se-agoten-1.webp\" alt=\"Vestido estampado de Mango (29,99 euros)\"> <\/noscript> <\/picture> <\/div><\/div><\/div>\n<\/div>\n<p><h3 class=\"voc-detail__title\"> Vestido estampado de Mango (29,99 euros)<br \/>\n<\/h3>\n<\/p>\n<p class=\"voc-paragraph\" data-mrf-recirculation=\"Link art\u00edculo\">Nuestras tiendas favoritas est\u00e1n llenas de b\u00e1sicos de entretiempo con cortes muy favorecedores. Este dise\u00f1o es uno de los m\u00e1s vendidos de la nueva temporada.\n<\/p>\n<div class=\"voc-detail-photo-zoom\"> <picture data-toggle=\"modal\" data-target=\"#photoZoomModal-672\" target=\"modal\">\n<div class=\"voc-img-icon-link\"> <img loading=\"lazy\" src=\"http:\/\/hoycordobaweb.com\/wp-content\/uploads\/2024\/09\/los-mas-vendidos-de-la-nueva-coleccion-de-otono-de-mango-que-tienes-que-comprar-antes-de-que-se-agoten-2.webp\" width=\"460\" height=\"637\" alt=\"Zapatos negros de Zara (39,99 euros)\"> <noscript> <img src=\"http:\/\/hoycordobaweb.com\/wp-content\/uploads\/2024\/09\/los-mas-vendidos-de-la-nueva-coleccion-de-otono-de-mango-que-tienes-que-comprar-antes-de-que-se-agoten-2.webp\" alt=\"Zapatos negros de Zara (39,99 euros)\"> <\/noscript> <i class=\"voc-icons zoom voc-multimedia-box voc-ico-l\"><\/i> <\/div><figcaption class=\"figure-caption\">Zapatos negros de Zara (39,99 euros)<\/figcaption><\/picture>\n<\/div>\n<div id=\"photoZoomModal-672\" class=\"voc-lightbox modal fade voc-lightbox--photo-zoom\" role=\"dialog\" data-voc-photozoom-lightbox>\n<div class=\"voc-lightbox__dialog\" role=\"document\">\n<div class=\"voc-lightbox__content\"> <!-- Modal header --> <!-- Modal content --> <\/p>\n<div class=\"voc-lightbox__photo-container\"> <picture class> <img loading=\"lazy\" src=\"http:\/\/hoycordobaweb.com\/wp-content\/uploads\/2024\/09\/los-mas-vendidos-de-la-nueva-coleccion-de-otono-de-mango-que-tienes-que-comprar-antes-de-que-se-agoten-2.webp\" alt=\"Zapatos negros de Zara (39,99 euros)\"> <noscript> <img src=\"http:\/\/hoycordobaweb.com\/wp-content\/uploads\/2024\/09\/los-mas-vendidos-de-la-nueva-coleccion-de-otono-de-mango-que-tienes-que-comprar-antes-de-que-se-agoten-2.webp\" alt=\"Zapatos negros de Zara (39,99 euros)\"> <\/noscript> <\/picture> <\/div><\/div><\/div>\n<\/div>\n<p><h3 class=\"voc-detail__title\"> Zapatos negros de Zara (39,99 euros)<br \/>\n<\/h3>\n<\/p>\n<p class=\"voc-paragraph\" data-mrf-recirculation=\"Link art\u00edculo\">Otra apuesta segura que no puedes dejar escapar esta temporada. Un accesorio con detalles especiales que podr\u00e1s llevar cuando bajen las temperaturas.\n<\/p>\n<div class=\"voc-detail-photo-zoom\"> <picture data-toggle=\"modal\" data-target=\"#photoZoomModal-613\" target=\"modal\">\n<div class=\"voc-img-icon-link\"> <img loading=\"lazy\" src=\"http:\/\/hoycordobaweb.com\/wp-content\/uploads\/2024\/09\/los-mas-vendidos-de-la-nueva-coleccion-de-otono-de-mango-que-tienes-que-comprar-antes-de-que-se-agoten-3.webp\" width=\"460\" height=\"637\" alt=\"Vaqueros tipazo de Mango (29,99 euros)\"> <noscript> <img src=\"http:\/\/hoycordobaweb.com\/wp-content\/uploads\/2024\/09\/los-mas-vendidos-de-la-nueva-coleccion-de-otono-de-mango-que-tienes-que-comprar-antes-de-que-se-agoten-3.webp\" alt=\"Vaqueros tipazo de Mango (29,99 euros)\"> <\/noscript> <i class=\"voc-icons zoom voc-multimedia-box voc-ico-l\"><\/i> <\/div><figcaption class=\"figure-caption\">Vaqueros tipazo de Mango (29,99 euros)<\/figcaption><\/picture>\n<\/div>\n<div id=\"photoZoomModal-613\" class=\"voc-lightbox modal fade voc-lightbox--photo-zoom\" role=\"dialog\" data-voc-photozoom-lightbox>\n<div class=\"voc-lightbox__dialog\" role=\"document\">\n<div class=\"voc-lightbox__content\"> <!-- Modal header --> <!-- Modal content --> <\/p>\n<div class=\"voc-lightbox__photo-container\"> <picture class> <img loading=\"lazy\" src=\"http:\/\/hoycordobaweb.com\/wp-content\/uploads\/2024\/09\/los-mas-vendidos-de-la-nueva-coleccion-de-otono-de-mango-que-tienes-que-comprar-antes-de-que-se-agoten-3.webp\" alt=\"Vaqueros tipazo de Mango (29,99 euros)\"> <noscript> <img src=\"http:\/\/hoycordobaweb.com\/wp-content\/uploads\/2024\/09\/los-mas-vendidos-de-la-nueva-coleccion-de-otono-de-mango-que-tienes-que-comprar-antes-de-que-se-agoten-3.webp\" alt=\"Vaqueros tipazo de Mango (29,99 euros)\"> <\/noscript> <\/picture> <\/div><\/div><\/div>\n<\/div>\n<p><h3 class=\"voc-detail__title\"> Vaqueros tipazo de Mango (29,99 euros)<br \/>\n<\/h3>\n<\/p>\n<p class=\"voc-paragraph\" data-mrf-recirculation=\"Link art\u00edculo\">En este tipo de prendas b\u00e1sicas los detalles marcan la diferencia. Elige un dise\u00f1o de corte culotte.\n<\/p>\n<div class=\"voc-detail-photo-zoom\"> <picture data-toggle=\"modal\" data-target=\"#photoZoomModal-906\" target=\"modal\">\n<div class=\"voc-img-icon-link\"> <img loading=\"lazy\" src=\"http:\/\/hoycordobaweb.com\/wp-content\/uploads\/2024\/09\/los-mas-vendidos-de-la-nueva-coleccion-de-otono-de-mango-que-tienes-que-comprar-antes-de-que-se-agoten-4.webp\" width=\"460\" height=\"637\" alt=\"Blusa con estampado de flores de Mango (22,99 euros)\"> <noscript> <img src=\"http:\/\/hoycordobaweb.com\/wp-content\/uploads\/2024\/09\/los-mas-vendidos-de-la-nueva-coleccion-de-otono-de-mango-que-tienes-que-comprar-antes-de-que-se-agoten-4.webp\" alt=\"Blusa con estampado de flores de Mango (22,99 euros)\"> <\/noscript> <i class=\"voc-icons zoom voc-multimedia-box voc-ico-l\"><\/i> <\/div><figcaption class=\"figure-caption\">Blusa con estampado de flores de Mango (22,99 euros)<\/figcaption><\/picture>\n<\/div>\n<div id=\"photoZoomModal-906\" class=\"voc-lightbox modal fade voc-lightbox--photo-zoom\" role=\"dialog\" data-voc-photozoom-lightbox>\n<div class=\"voc-lightbox__dialog\" role=\"document\">\n<div class=\"voc-lightbox__content\"> <!-- Modal header --> <!-- Modal content --> <\/p>\n<div class=\"voc-lightbox__photo-container\"> <picture class> <img loading=\"lazy\" src=\"http:\/\/hoycordobaweb.com\/wp-content\/uploads\/2024\/09\/los-mas-vendidos-de-la-nueva-coleccion-de-otono-de-mango-que-tienes-que-comprar-antes-de-que-se-agoten-4.webp\" alt=\"Blusa con estampado de flores de Mango (22,99 euros)\"> <noscript> <img src=\"http:\/\/hoycordobaweb.com\/wp-content\/uploads\/2024\/09\/los-mas-vendidos-de-la-nueva-coleccion-de-otono-de-mango-que-tienes-que-comprar-antes-de-que-se-agoten-4.webp\" alt=\"Blusa con estampado de flores de Mango (22,99 euros)\"> <\/noscript> <\/picture> <\/div><\/div><\/div>\n<\/div>\n<p><h3 class=\"voc-detail__title\"> Blusa con estampado de flores de Mango (22,99 euros)<br \/>\n<\/h3>\n<\/p>\n<p class=\"voc-paragraph\" data-mrf-recirculation=\"Link art\u00edculo\">Un dise\u00f1o rom\u00e1ntico con el que acaparar\u00e1s todas las miradas durante los d\u00edas de entretiempo.\n<\/p>\n<div class=\"voc-detail-photo-zoom\"> <picture data-toggle=\"modal\" data-target=\"#photoZoomModal-127\" target=\"modal\">\n<div class=\"voc-img-icon-link\"> <img loading=\"lazy\" src=\"http:\/\/hoycordobaweb.com\/wp-content\/uploads\/2024\/09\/los-mas-vendidos-de-la-nueva-coleccion-de-otono-de-mango-que-tienes-que-comprar-antes-de-que-se-agoten-5.webp\" width=\"460\" height=\"637\" alt=\"Bolso de hombro de H&amp;M (39,99 euros)\"> <noscript> <img src=\"http:\/\/hoycordobaweb.com\/wp-content\/uploads\/2024\/09\/los-mas-vendidos-de-la-nueva-coleccion-de-otono-de-mango-que-tienes-que-comprar-antes-de-que-se-agoten-5.webp\" alt=\"Bolso de hombro de H&amp;M (39,99 euros)\"> <\/noscript> <i class=\"voc-icons zoom voc-multimedia-box voc-ico-l\"><\/i> <\/div><figcaption class=\"figure-caption\">Bolso de hombro de H&amp;M (39,99 euros)<\/figcaption><\/picture>\n<\/div>\n<div id=\"photoZoomModal-127\" class=\"voc-lightbox modal fade voc-lightbox--photo-zoom\" role=\"dialog\" data-voc-photozoom-lightbox>\n<div class=\"voc-lightbox__dialog\" role=\"document\">\n<div class=\"voc-lightbox__content\"> <!-- Modal header --> <!-- Modal content --> <\/p>\n<div class=\"voc-lightbox__photo-container\"> <picture class> <img loading=\"lazy\" src=\"http:\/\/hoycordobaweb.com\/wp-content\/uploads\/2024\/09\/los-mas-vendidos-de-la-nueva-coleccion-de-otono-de-mango-que-tienes-que-comprar-antes-de-que-se-agoten-5.webp\" alt=\"Bolso de hombro de H&amp;M (39,99 euros)\"> <noscript> <img src=\"http:\/\/hoycordobaweb.com\/wp-content\/uploads\/2024\/09\/los-mas-vendidos-de-la-nueva-coleccion-de-otono-de-mango-que-tienes-que-comprar-antes-de-que-se-agoten-5.webp\" alt=\"Bolso de hombro de H&amp;M (39,99 euros)\"> <\/noscript> <\/picture> <\/div><\/div><\/div>\n<\/div>\n<p><h3 class=\"voc-detail__title\"> Bolso de hombro de H&amp;M (39,99 euros)<br \/>\n<\/h3>\n<\/p>\n<p class=\"voc-paragraph\" data-mrf-recirculation=\"Link art\u00edculo\">Un accesorio muy elegante, en un color muy vers\u00e1til, que tienes que a\u00f1adir a tu lista de favoritos de oto\u00f1o.\n<\/p>\n<div class=\"voc-detail-photo-zoom\"> <picture data-toggle=\"modal\" data-target=\"#photoZoomModal-113\" target=\"modal\">\n<div class=\"voc-img-icon-link\"> <img loading=\"lazy\" src=\"http:\/\/hoycordobaweb.com\/wp-content\/uploads\/2024\/09\/los-mas-vendidos-de-la-nueva-coleccion-de-otono-de-mango-que-tienes-que-comprar-antes-de-que-se-agoten-6.webp\" width=\"460\" height=\"637\" alt=\"Falda midi de Mango (35,99 euros)\"> <noscript> <img src=\"http:\/\/hoycordobaweb.com\/wp-content\/uploads\/2024\/09\/los-mas-vendidos-de-la-nueva-coleccion-de-otono-de-mango-que-tienes-que-comprar-antes-de-que-se-agoten-6.webp\" alt=\"Falda midi de Mango (35,99 euros)\"> <\/noscript> <i class=\"voc-icons zoom voc-multimedia-box voc-ico-l\"><\/i> <\/div><figcaption class=\"figure-caption\">Falda midi de Mango (35,99 euros)<\/figcaption><\/picture>\n<\/div>\n<div id=\"photoZoomModal-113\" class=\"voc-lightbox modal fade voc-lightbox--photo-zoom\" role=\"dialog\" data-voc-photozoom-lightbox>\n<div class=\"voc-lightbox__dialog\" role=\"document\">\n<div class=\"voc-lightbox__content\"> <!-- Modal header --> <!-- Modal content --> <\/p>\n<div class=\"voc-lightbox__photo-container\"> <picture class> <img loading=\"lazy\" src=\"http:\/\/hoycordobaweb.com\/wp-content\/uploads\/2024\/09\/los-mas-vendidos-de-la-nueva-coleccion-de-otono-de-mango-que-tienes-que-comprar-antes-de-que-se-agoten-6.webp\" alt=\"Falda midi de Mango (35,99 euros)\"> <noscript> <img src=\"http:\/\/hoycordobaweb.com\/wp-content\/uploads\/2024\/09\/los-mas-vendidos-de-la-nueva-coleccion-de-otono-de-mango-que-tienes-que-comprar-antes-de-que-se-agoten-6.webp\" alt=\"Falda midi de Mango (35,99 euros)\"> <\/noscript> <\/picture> <\/div><\/div><\/div>\n<\/div>\n<p><h3 class=\"voc-detail__title\"> Falda midi de Mango (35,99 euros)<br \/>\n<\/h3>\n<\/p>\n<p class=\"voc-paragraph\" data-mrf-recirculation=\"Link art\u00edculo\">Un dise\u00f1o tremendamente elegante, que podr\u00e1s llevar con tus looks m\u00e1s sofisticados de nueva temporada.\n<\/p>\n<div class=\"voc-detail-photo-zoom\"> <picture data-toggle=\"modal\" data-target=\"#photoZoomModal-933\" target=\"modal\">\n<div class=\"voc-img-icon-link\"> <img loading=\"lazy\" src=\"http:\/\/hoycordobaweb.com\/wp-content\/uploads\/2024\/09\/los-mas-vendidos-de-la-nueva-coleccion-de-otono-de-mango-que-tienes-que-comprar-antes-de-que-se-agoten-7.webp\" width=\"460\" height=\"637\" alt=\"Mono asim\u00e9trico de Mango (49,99 euros)\"> <noscript> <img src=\"http:\/\/hoycordobaweb.com\/wp-content\/uploads\/2024\/09\/los-mas-vendidos-de-la-nueva-coleccion-de-otono-de-mango-que-tienes-que-comprar-antes-de-que-se-agoten-7.webp\" alt=\"Mono asim\u00e9trico de Mango (49,99 euros)\"> <\/noscript> <i class=\"voc-icons zoom voc-multimedia-box voc-ico-l\"><\/i> <\/div><figcaption class=\"figure-caption\">Mono asim\u00e9trico de Mango (49,99 euros)<\/figcaption><\/picture>\n<\/div>\n<div id=\"photoZoomModal-933\" class=\"voc-lightbox modal fade voc-lightbox--photo-zoom\" role=\"dialog\" data-voc-photozoom-lightbox>\n<div class=\"voc-lightbox__dialog\" role=\"document\">\n<div class=\"voc-lightbox__content\"> <!-- Modal header --> <!-- Modal content --> <\/p>\n<div class=\"voc-lightbox__photo-container\"> <picture class> <img loading=\"lazy\" src=\"http:\/\/hoycordobaweb.com\/wp-content\/uploads\/2024\/09\/los-mas-vendidos-de-la-nueva-coleccion-de-otono-de-mango-que-tienes-que-comprar-antes-de-que-se-agoten-7.webp\" alt=\"Mono asim\u00e9trico de Mango (49,99 euros)\"> <noscript> <img src=\"http:\/\/hoycordobaweb.com\/wp-content\/uploads\/2024\/09\/los-mas-vendidos-de-la-nueva-coleccion-de-otono-de-mango-que-tienes-que-comprar-antes-de-que-se-agoten-7.webp\" alt=\"Mono asim\u00e9trico de Mango (49,99 euros)\"> <\/noscript> <\/picture> <\/div><\/div><\/div>\n<\/div>\n<p><h3 class=\"voc-detail__title\"> Mono asim\u00e9trico de Mango (49,99 euros)<br \/>\n<\/h3>\n<\/p>\n<p class=\"voc-paragraph\" data-mrf-recirculation=\"Link art\u00edculo\">Si tienes alg\u00fan evento especial las pr\u00f3ximas semanas apuesta por este tipo de elegantes prendas.\n<\/p>\n<div class=\"voc-detail-photo-zoom\"> <picture data-toggle=\"modal\" data-target=\"#photoZoomModal-666\" target=\"modal\">\n<div class=\"voc-img-icon-link\"> <img loading=\"lazy\" src=\"http:\/\/hoycordobaweb.com\/wp-content\/uploads\/2024\/09\/los-mas-vendidos-de-la-nueva-coleccion-de-otono-de-mango-que-tienes-que-comprar-antes-de-que-se-agoten-1.jpg\" width=\"460\" height=\"637\" alt=\"Chaqueta corta de tweed de Mango (59,99 euros)\"> <noscript> <img src=\"http:\/\/hoycordobaweb.com\/wp-content\/uploads\/2024\/09\/los-mas-vendidos-de-la-nueva-coleccion-de-otono-de-mango-que-tienes-que-comprar-antes-de-que-se-agoten-1.jpg\" alt=\"Chaqueta corta de tweed de Mango (59,99 euros)\"> <\/noscript> <i class=\"voc-icons zoom voc-multimedia-box voc-ico-l\"><\/i> <\/div><figcaption class=\"figure-caption\">Chaqueta corta de tweed de Mango (59,99 euros)<\/figcaption><\/picture>\n<\/div>\n<div id=\"photoZoomModal-666\" class=\"voc-lightbox modal fade voc-lightbox--photo-zoom\" role=\"dialog\" data-voc-photozoom-lightbox>\n<div class=\"voc-lightbox__dialog\" role=\"document\">\n<div class=\"voc-lightbox__content\"> <!-- Modal header --> <!-- Modal content --> <\/p>\n<div class=\"voc-lightbox__photo-container\"> <picture class> <img loading=\"lazy\" src=\"http:\/\/hoycordobaweb.com\/wp-content\/uploads\/2024\/09\/los-mas-vendidos-de-la-nueva-coleccion-de-otono-de-mango-que-tienes-que-comprar-antes-de-que-se-agoten-1.jpg\" alt=\"Chaqueta corta de tweed de Mango (59,99 euros)\"> <noscript> <img src=\"http:\/\/hoycordobaweb.com\/wp-content\/uploads\/2024\/09\/los-mas-vendidos-de-la-nueva-coleccion-de-otono-de-mango-que-tienes-que-comprar-antes-de-que-se-agoten-1.jpg\" alt=\"Chaqueta corta de tweed de Mango (59,99 euros)\"> <\/noscript> <\/picture> <\/div><\/div><\/div>\n<\/div>\n<p><h3 class=\"voc-detail__title\"> Chaqueta corta de tweed de Mango (59,99 euros)<br \/>\n<\/h3>\n<\/p>\n<p class=\"voc-paragraph\" data-mrf-recirculation=\"Link art\u00edculo\">Es hora de empezar a pensar en este tipo de elegantes prendas de entretiempo.\n<\/p>\n<div class=\"voc-detail-photo-zoom\"> <picture data-toggle=\"modal\" data-target=\"#photoZoomModal-497\" target=\"modal\">\n<div class=\"voc-img-icon-link\"> <img loading=\"lazy\" src=\"http:\/\/hoycordobaweb.com\/wp-content\/uploads\/2024\/09\/los-mas-vendidos-de-la-nueva-coleccion-de-otono-de-mango-que-tienes-que-comprar-antes-de-que-se-agoten-8.webp\" width=\"460\" height=\"637\" alt=\"Vestido midi de Mango (59,99 euros)\"> <noscript> <img src=\"http:\/\/hoycordobaweb.com\/wp-content\/uploads\/2024\/09\/los-mas-vendidos-de-la-nueva-coleccion-de-otono-de-mango-que-tienes-que-comprar-antes-de-que-se-agoten-8.webp\" alt=\"Vestido midi de Mango (59,99 euros)\"> <\/noscript> <i class=\"voc-icons zoom voc-multimedia-box voc-ico-l\"><\/i> <\/div><figcaption class=\"figure-caption\">Vestido midi de Mango (59,99 euros)<\/figcaption><\/picture>\n<\/div>\n<div id=\"photoZoomModal-497\" class=\"voc-lightbox modal fade voc-lightbox--photo-zoom\" role=\"dialog\" data-voc-photozoom-lightbox>\n<div class=\"voc-lightbox__dialog\" role=\"document\">\n<div class=\"voc-lightbox__content\"> <!-- Modal header --> <!-- Modal content --> <\/p>\n<div class=\"voc-lightbox__photo-container\"> <picture class> <img loading=\"lazy\" src=\"http:\/\/hoycordobaweb.com\/wp-content\/uploads\/2024\/09\/los-mas-vendidos-de-la-nueva-coleccion-de-otono-de-mango-que-tienes-que-comprar-antes-de-que-se-agoten-8.webp\" alt=\"Vestido midi de Mango (59,99 euros)\"> <noscript> <img src=\"http:\/\/hoycordobaweb.com\/wp-content\/uploads\/2024\/09\/los-mas-vendidos-de-la-nueva-coleccion-de-otono-de-mango-que-tienes-que-comprar-antes-de-que-se-agoten-8.webp\" alt=\"Vestido midi de Mango (59,99 euros)\"> <\/noscript> <\/picture> <\/div><\/div><\/div>\n<\/div>\n<p><h3 class=\"voc-detail__title\"> Vestido midi de Mango (59,99 euros)<br \/>\n<\/h3>\n<\/p>\n<p class=\"voc-paragraph\" data-mrf-recirculation=\"Link art\u00edculo\">Un dise\u00f1o tan elegante que te resolver\u00e1 todos los eventos de entretiempo. Imprescidinble.\n<\/p>\n<div class=\"voc-detail-photo-zoom\"> <picture data-toggle=\"modal\" data-target=\"#photoZoomModal-909\" target=\"modal\">\n<div class=\"voc-img-icon-link\"> <img loading=\"lazy\" src=\"http:\/\/hoycordobaweb.com\/wp-content\/uploads\/2024\/09\/los-mas-vendidos-de-la-nueva-coleccion-de-otono-de-mango-que-tienes-que-comprar-antes-de-que-se-agoten-9.webp\" width=\"460\" height=\"637\" alt=\"Zapatos rojos con pulsera de Mango (39,99 euros)\"> <noscript> <img src=\"http:\/\/hoycordobaweb.com\/wp-content\/uploads\/2024\/09\/los-mas-vendidos-de-la-nueva-coleccion-de-otono-de-mango-que-tienes-que-comprar-antes-de-que-se-agoten-9.webp\" alt=\"Zapatos rojos con pulsera de Mango (39,99 euros)\"> <\/noscript> <i class=\"voc-icons zoom voc-multimedia-box voc-ico-l\"><\/i> <\/div><figcaption class=\"figure-caption\">Zapatos rojos con pulsera de Mango (39,99 euros)<\/figcaption><\/picture>\n<\/div>\n<div id=\"photoZoomModal-909\" class=\"voc-lightbox modal fade voc-lightbox--photo-zoom\" role=\"dialog\" data-voc-photozoom-lightbox>\n<div class=\"voc-lightbox__dialog\" role=\"document\">\n<div class=\"voc-lightbox__content\"> <!-- Modal header --> <!-- Modal content --> <\/p>\n<div class=\"voc-lightbox__photo-container\"> <picture class> <img loading=\"lazy\" src=\"http:\/\/hoycordobaweb.com\/wp-content\/uploads\/2024\/09\/los-mas-vendidos-de-la-nueva-coleccion-de-otono-de-mango-que-tienes-que-comprar-antes-de-que-se-agoten-9.webp\" alt=\"Zapatos rojos con pulsera de Mango (39,99 euros)\"> <noscript> <img src=\"http:\/\/hoycordobaweb.com\/wp-content\/uploads\/2024\/09\/los-mas-vendidos-de-la-nueva-coleccion-de-otono-de-mango-que-tienes-que-comprar-antes-de-que-se-agoten-9.webp\" alt=\"Zapatos rojos con pulsera de Mango (39,99 euros)\"> <\/noscript> <\/picture> <\/div><\/div><\/div>\n<\/div>\n<p><h3 class=\"voc-detail__title\"> Zapatos rojos con pulsera de Mango (39,99 euros)<br \/>\n<\/h3>\n<\/p>\n<p class=\"voc-paragraph\" data-mrf-recirculation=\"Link art\u00edculo\">Un accesorio de estilo franc\u00e9s que elevar\u00e1 todos tus estilismos de entretiempo.\n<\/p>\n<p> <!-- TOPICS --> <\/p>\n","protected":false},"excerpt":{"rendered":"<p>Gemma Cano Publicado \u00b7 19 de septiembre de 2024, 08:11 h El mejor indicador de que una prenda o accesorio est\u00e1 triunfando, es echar un vistazo r\u00e1pido dentro de la secci\u00f3n best sellers de tus marcas favoritas. Si no sabes por d\u00f3nde empezar esta nueva temporada, Mango es siempre una buena idea . All\u00ed podr\u00e1s [&hellip;]<\/p>\n","protected":false},"author":1,"featured_media":83270,"comment_status":"closed","ping_status":"closed","sticky":false,"template":"","format":"standard","meta":[],"categories":[],"tags":[],"_links":{"self":[{"href":"http:\/\/hoycordobaweb.com\/index.php\/wp-json\/wp\/v2\/posts\/83269"}],"collection":[{"href":"http:\/\/hoycordobaweb.com\/index.php\/wp-json\/wp\/v2\/posts"}],"about":[{"href":"http:\/\/hoycordobaweb.com\/index.php\/wp-json\/wp\/v2\/types\/post"}],"author":[{"embeddable":true,"href":"http:\/\/hoycordobaweb.com\/index.php\/wp-json\/wp\/v2\/users\/1"}],"replies":[{"embeddable":true,"href":"http:\/\/hoycordobaweb.com\/index.php\/wp-json\/wp\/v2\/comments?post=83269"}],"version-history":[{"count":0,"href":"http:\/\/hoycordobaweb.com\/index.php\/wp-json\/wp\/v2\/posts\/83269\/revisions"}],"wp:featuredmedia":[{"embeddable":true,"href":"http:\/\/hoycordobaweb.com\/index.php\/wp-json\/wp\/v2\/media\/83270"}],"wp:attachment":[{"href":"http:\/\/hoycordobaweb.com\/index.php\/wp-json\/wp\/v2\/media?parent=83269"}],"wp:term":[{"taxonomy":"category","embeddable":true,"href":"http:\/\/hoycordobaweb.com\/index.php\/wp-json\/wp\/v2\/categories?post=83269"},{"taxonomy":"post_tag","embeddable":true,"href":"http:\/\/hoycordobaweb.com\/index.php\/wp-json\/wp\/v2\/tags?post=83269"}],"curies":[{"name":"wp","href":"https:\/\/api.w.org\/{rel}","templated":true}]}}