{"id":83263,"date":"2024-09-18T12:21:07","date_gmt":"2024-09-18T12:21:07","guid":{"rendered":"https:\/\/www.ole.com.ar\/informacion-general\/luto-mundial-fallecio-toto-schillaci-maximo-goleador-italia-90_0_XsVgP1RvMj.html"},"modified":"2024-09-18T12:21:07","modified_gmt":"2024-09-18T12:21:07","slug":"luto-mundial-fallecio-toto-schillaci-el-maximo-goleador-de-italia-90","status":"publish","type":"post","link":"http:\/\/hoycordobaweb.com\/index.php\/2024\/09\/18\/luto-mundial-fallecio-toto-schillaci-el-maximo-goleador-de-italia-90\/","title":{"rendered":"Luto mundial: falleci\u00f3 Toto Schillaci, el m\u00e1ximo goleador de Italia 90"},"content":{"rendered":"<p><img src=\"http:\/\/hoycordobaweb.com\/wp-content\/uploads\/2024\/09\/luto-mundial-fallecio-toto-schillaci-el-maximo-goleador-de-italia-90.jpg\"><\/p>\n<p><time class=\"createDate\" datetime=\"2024-09-18T09:21:07-03:00\">18\/09\/2024 09:21hs.<\/time><\/p>\n<div id=\"storyBody\">\n<div class=\"custom-text \" readability=\"36.458100558659\">\n<p>El mundo del f\u00fatbol y todo el pueblo italiano amaneci\u00f3 este mi\u00e9rcoles con la triste noticia del fallecimiento de una de una de las grandes joyas de su historia. <strong>Salvatore Schillaci<\/strong>, m\u00e1ximo goleador del <strong><a href=\"https:\/\/www.ole.com.ar\/tema\/mundial-italia-90.html\" title=\"Mundial Italia 90\" alt=\"Mundial Italia 90\" class=\"slug\">Mundial de Italia 1990<\/a>, muri\u00f3 a los 59 a\u00f1os, luego de una larga lucha contra un c\u00e1ncer de colon. <\/strong>El ex delantero del <strong><a href=\"https:\/\/www.ole.com.ar\/tema\/inter.html\" title=\"Inter\" alt=\"Inter\" class=\"slug\">Inter <\/a><\/strong>y <strong><a href=\"https:\/\/www.ole.com.ar\/tema\/juventus.html\" title=\"Juventus\" alt=\"Juventus\" class=\"slug\">Juventus <\/a><\/strong>permanec\u00eda internado en el Hospital C\u00edvico de Palermo (Sicilia) desde el pasado 9 de septiembre, cuando hab\u00eda sido ingresado de urgencia con un cuadro delicado por el avance de la enfermedad.<\/p>\n<\/div>\n<div class=\"custom-text \" readability=\"36\">\n<p>En los \u00faltimos a\u00f1os, Schillaci<strong> se hab\u00eda sometido a dos intervenciones en su lucha contra el c\u00e1ncer y estaba en remisi\u00f3n hace un a\u00f1o.<\/strong> Sin embargo, en el \u00faltimo tiempo la enfermedad reapareci\u00f3 y de una manera m\u00e1s agresiva. <\/p>\n<\/div>\n<div class=\"custom-text \" readability=\"40\">\n<p>La dolorosa noticia fue confirmada por la selecci\u00f3n italiana, que despidi\u00f3 al hist\u00f3rico futbolista con un profundo mensaje: <strong>\u00abAdi\u00f3s, &#8216;Tot\u00f2&#8217;. H\u00e9roe de las Noches M\u00e1gicas\u00bb. <\/strong>Inter, uno de los clubes que m\u00e1s disfrut\u00f3 de la calidad del atacante, tambi\u00e9n eligi\u00f3 recordar la actuaci\u00f3n de Schillaci en ese Mundial, <strong>que lo tuvo como goleador con 6 tantos: \u00abHizo so\u00f1ar a toda una naci\u00f3n durante las Noches M\u00e1gicas de Italia &#8217;90. <\/strong>El FC Internazionale Milano apoya a la familia Schillaci tras el fallecimiento de Tot\u00f2\u00bb. <\/p>\n<\/div>\n<div class=\"custom-embedhtml\" readability=\"6.0810810810811\">\n<blockquote class=\"twitter-tweet\" readability=\"6.4864864864865\">\n<p lang=\"it\" dir=\"ltr\">Ha fatto sognare una nazione intera durante le Notti Magiche di Italia \u201890 \ud83c\uddee\ud83c\uddf9\ud83d\udc99<\/p>\n<p>FC Internazionale Milano si stringe intorno alla famiglia Schillaci per la scomparsa di Tot\u00f2.<a href=\"https:\/\/twitter.com\/hashtag\/FCIM?src=hash&amp;ref_src=twsrc%5Etfw\">#FCIM<\/a> <a href=\"https:\/\/t.co\/PtxE7zWHod\">pic.twitter.com\/PtxE7zWHod<\/a><\/p>\n<p>\u2014 Inter \u2b50\u2b50 (@Inter) <a href=\"https:\/\/twitter.com\/Inter\/status\/1836326396328587280?ref_src=twsrc%5Etfw\">September 18, 2024<\/a><\/p><\/blockquote><\/div>\n<div class=\"custom-text \" readability=\"40\">\n<p>\u00abFue el h\u00e9roe de Italia &#8217;90, el s\u00edmbolo de aquellas &#8216;Noches M\u00e1gicas&#8217; que quedaron en el coraz\u00f3n y en la memoria de millones de fans azzurri. El mundo del f\u00fatbol est\u00e1 de luto por Salvatore &#8216;Tot\u00f2&#8217; Schillaci, que falleci\u00f3 prematuramente hoy a la edad de 59 a\u00f1os. Alcanz\u00f3 la cima de su carrera durante el Mundial de 1990, convirti\u00e9ndose en el m\u00e1ximo goleador y llevando a Italia a la semifinal, que perdi\u00f3 en los penales ante Argentina\u00bb, lo despidi\u00f3 la Federaci\u00f3n Italiana de F\u00fatbol.<\/p>\n<\/div>\n<div class=\"custom-text \" readability=\"34\">\n<p>Adem\u00e1s, la entidad anunci\u00f3: \u00abEn su memoria se guardar\u00e1 un minuto de silencio antes de los partidos de todos los campeonatos programados desde hoy hasta el fin de semana\u00bb. <\/p>\n<\/div>\n<p><h2>La brillante carrera de Toto Schillaci <\/h2>\n<\/p>\n<div class=\"custom-text \" readability=\"43\">\n<p>Su carrera comenz\u00f3 en el <strong>Messina<\/strong>, club en el que debut\u00f3 y donde disput\u00f3 <strong>122 partidos entre la Serie C y la Serie B de Italia. <\/strong>Por su gran rendimiento, lleg\u00f3 a <strong>Juventus <\/strong>en 1989, y en su primera temporada marc\u00f3 15 goles, gan\u00f3 la Copa de Italia y la Copa de la UEFA. Este destacado paso por el equipo de Tur\u00edn le abri\u00f3 las puertas de la selecci\u00f3n y le dio la tan so\u00f1ada posibilidad de disputar el Mundial de Italia 90. Aunque claro, en un equipo plagado de delanteros de renombre como <strong>Gianluca Vialli, Roberto Baggio, Andrea Carnevale y Roberto Mancini,<\/strong> Toto lleg\u00f3 considerablemente relegado en la lucha por un lugar en en el equipo. <\/p>\n<\/div>\n<div class=\"sc-e7b891c4-0 ifHnQL\"><img alt=\"Salvatore Tot\u00f2 Schillaci en Juventus. \" loading=\"lazy\" width=\"720\" height=\"100\" decoding=\"async\" data-nimg=\"1\" src=\"http:\/\/hoycordobaweb.com\/wp-content\/uploads\/2024\/09\/luto-mundial-fallecio-toto-schillaci-el-maximo-goleador-de-italia-90-2.jpg\"><span class=\"epigraphe\">Salvatore Tot\u00f2 Schillaci en Juventus. <\/span><\/div>\n<div class=\"custom-text \" readability=\"38\">\n<p>Encima, en la previa del Mundial, el DT <strong>Azeglio Vicini<\/strong> lo mand\u00f3 como titular en un amistoso frente a Grecia y, <strong>no s\u00f3lo no convirti\u00f3, sino que adem\u00e1s su nivel gener\u00f3 un gran revuelo en Italia<\/strong> y hubo quienes consideraron que no estaba a la altura para representar a la selecci\u00f3n.<\/p>\n<\/div>\n<div class=\"custom-text \" readability=\"41\">\n<p>Sin embargo, todo cambi\u00f3 cuando Vicini volvi\u00f3 a darle una oportunidad en el segundo tiempo del partido frente a Austria, en el debut de Italia. <strong>Toto entr\u00f3 y a los cuatro minutos convirti\u00f3 el gol de la victoria en el Estadio Ol\u00edmpico de Roma.<\/strong> As\u00ed, de suplente pas\u00f3 a compartir la dupla de ataque con Roberto Baggio y se convirti\u00f3 en una pieza fundamental del equipo. <strong>Con sus goles ante Checoslovaquia, Uruguay e Irlanda, Italia se meti\u00f3 en la semifinales del torneo, donde se encontr\u00f3 con Argentina. <\/strong><\/p>\n<\/div>\n<div class=\"sc-e7b891c4-0 ifHnQL\"><img alt=\"Toto Schillaci en el Mundial 1990. (EFE)\" loading=\"lazy\" width=\"720\" height=\"100\" decoding=\"async\" data-nimg=\"1\" src=\"http:\/\/hoycordobaweb.com\/wp-content\/uploads\/2024\/09\/luto-mundial-fallecio-toto-schillaci-el-maximo-goleador-de-italia-90-3.jpg\"><span class=\"epigraphe\">Toto Schillaci en el Mundial 1990. (EFE)<\/span><\/div>\n<div class=\"custom-text \" readability=\"35.391044776119\">\n<p>Y, en este punto, tambi\u00e9n hay que recordar que el gol de <strong>Claudio Paul Caniggia fue el empate de la Selecci\u00f3n en un partido que Italia ganaba desde los 18 minutos por un tanto de Schillaci.<\/strong> Lo que pas\u00f3 despu\u00e9s, lo recordamos todos: <strong>el equipo de <a href=\"https:\/\/www.ole.com.ar\/tema\/carlos-salvador-bilardo.html\" title=\"Carlos Salvador Bilardo\" alt=\"Carlos Salvador Bilardo\" class=\"slug\">Carlos Salvador Bilardo<\/a> se impuso en los penales y elimin\u00f3 a Italia en su propia casa.<\/strong><\/p>\n<\/div>\n<div class=\"custom-text \" readability=\"40\">\n<p>Despu\u00e9s del golpe, <strong>Toto volvi\u00f3 a convertir en el 2-1 frente a Inglaterra que le dio el tercer puesto a la Azzurri en el Mundial. <\/strong>Por su actuaci\u00f3n, recibi\u00f3 el premio a Mejor Jugador de Italia 90 y qued\u00f3 segundo en la lucha por el Bal\u00f3n de Oro, detr\u00e1s de Lothar Matthaus. En total, fueron 16 los partidos que jug\u00f3 con la selecci\u00f3n italiana y convirti\u00f3 siete goles, seis de ellos en ese Mundial. <\/p>\n<\/div>\n<div class=\"sc-e7b891c4-0 ifHnQL\"><img alt=\"Salvatore Tot\u00f2 Schillaci, en el partido contra Argentina en Italia 1990. \" loading=\"lazy\" width=\"720\" height=\"100\" decoding=\"async\" data-nimg=\"1\" src=\"http:\/\/hoycordobaweb.com\/wp-content\/uploads\/2024\/09\/luto-mundial-fallecio-toto-schillaci-el-maximo-goleador-de-italia-90-4.jpg\"><span class=\"epigraphe\">Salvatore Tot\u00f2 Schillaci, en el partido contra Argentina en Italia 1990. <\/span><\/div>\n<div class=\"custom-text \" readability=\"40\">\n<p>Luego de tres temporadas en la Juve (1989-1992),<strong> en las que disput\u00f3 132 encuentros y marc\u00f3 36 tantos,<\/strong> lleg\u00f3 al <strong>Inter<\/strong>, donde sum\u00f3<strong> 11 goles en 30 partidos<\/strong> y se consagr\u00f3 tambi\u00e9n en la <strong>Copa de la UEFA 1993\u201394.<\/strong> En el final de su carrera, desembarc\u00f3 en el <strong>Jubilo Iwata <\/strong>y se convirti\u00f3 en el primer futbolista italiano en disputar un certamen japon\u00e9s. Luego de cuatro a\u00f1os en el equipo,<strong> se retir\u00f3 con 93 encuentros disputados y 65 goles. <\/strong><\/p>\n<\/div>\n<div class=\"sc-e7b891c4-0 ifHnQL\"><img alt=\"Salvatore 'Tot\u00f3' Schillaci. Foto: AFP\" loading=\"lazy\" width=\"720\" height=\"100\" decoding=\"async\" data-nimg=\"1\" src=\"http:\/\/hoycordobaweb.com\/wp-content\/uploads\/2024\/09\/luto-mundial-fallecio-toto-schillaci-el-maximo-goleador-de-italia-90-5.jpg\"><span class=\"epigraphe\">Salvatore &#8216;Tot\u00f3&#8217; Schillaci. Foto: AFP<\/span><\/div>\n<div class=\"sc-a7166897-0 eoLsBE\" readability=\"7\">\n<section readability=\"4\"><picture><img alt=\"Qu\u00e9 dice el nuevo parte m\u00e9dico de Toto Schillaci, el m\u00e1ximo goleador de Italia 90 que est\u00e1 grave\" loading=\"lazy\" width=\"290\" height=\"290\" decoding=\"async\" data-nimg=\"1\" src=\"http:\/\/hoycordobaweb.com\/wp-content\/uploads\/2024\/09\/luto-mundial-fallecio-toto-schillaci-el-maximo-goleador-de-italia-90-6.jpg\"><\/picture>\n<p><span>Mir\u00e1 tambi\u00e9n<\/span><\/p>\n<hr>\n<h3>Qu\u00e9 dice el nuevo parte m\u00e9dico de Toto Schillaci, el m\u00e1ximo goleador de Italia 90 que est\u00e1 grave<\/h3>\n<\/p>\n<\/section>\n<\/div>\n<div class=\"sc-a7166897-0 eoLsBE\" readability=\"6\">\n<section readability=\"2\"><picture><img alt=\"Muri\u00f3 Salvatore Toto Schillaci: el hist\u00f3rico goleador del Mundial Italia 90 \" loading=\"lazy\" width=\"290\" height=\"290\" decoding=\"async\" data-nimg=\"1\" src=\"http:\/\/hoycordobaweb.com\/wp-content\/uploads\/2024\/09\/luto-mundial-fallecio-toto-schillaci-el-maximo-goleador-de-italia-90-7.jpg\"><\/picture>\n<p><span>Mir\u00e1 tambi\u00e9n<\/span><\/p>\n<hr>\n<h3>Muri\u00f3 Salvatore Toto Schillaci: el hist\u00f3rico goleador del Mundial Italia 90 <\/h3>\n<\/p>\n<\/section>\n<\/div>\n<div class=\"sc-a7166897-0 eoLsBE\" readability=\"6\">\n<section readability=\"2\"><picture><img alt=\"El m\u00e1ximo goleador de Italia 90 est\u00e1 grave: qu\u00e9 dice el \u00faltimo parte m\u00e9dico\" loading=\"lazy\" width=\"290\" height=\"290\" decoding=\"async\" data-nimg=\"1\" src=\"http:\/\/hoycordobaweb.com\/wp-content\/uploads\/2024\/09\/luto-mundial-fallecio-toto-schillaci-el-maximo-goleador-de-italia-90-7.jpg\"><\/picture>\n<p><span>Mir\u00e1 tambi\u00e9n<\/span><\/p>\n<hr>\n<h3>El m\u00e1ximo goleador de Italia 90 est\u00e1 grave: qu\u00e9 dice el \u00faltimo parte m\u00e9dico<\/h3>\n<\/p>\n<\/section>\n<\/div>\n<\/div>\n","protected":false},"excerpt":{"rendered":"<p>18\/09\/2024 09:21hs. El mundo del f\u00fatbol y todo el pueblo italiano amaneci\u00f3 este mi\u00e9rcoles con la triste noticia del fallecimiento de una de una de las grandes joyas de su historia. Salvatore Schillaci, m\u00e1ximo goleador del Mundial de Italia 1990, muri\u00f3 a los 59 a\u00f1os, luego de una larga lucha contra un c\u00e1ncer de colon. [&hellip;]<\/p>\n","protected":false},"author":1,"featured_media":83264,"comment_status":"open","ping_status":"closed","sticky":false,"template":"","format":"standard","meta":[],"categories":[16],"tags":[],"_links":{"self":[{"href":"http:\/\/hoycordobaweb.com\/index.php\/wp-json\/wp\/v2\/posts\/83263"}],"collection":[{"href":"http:\/\/hoycordobaweb.com\/index.php\/wp-json\/wp\/v2\/posts"}],"about":[{"href":"http:\/\/hoycordobaweb.com\/index.php\/wp-json\/wp\/v2\/types\/post"}],"author":[{"embeddable":true,"href":"http:\/\/hoycordobaweb.com\/index.php\/wp-json\/wp\/v2\/users\/1"}],"replies":[{"embeddable":true,"href":"http:\/\/hoycordobaweb.com\/index.php\/wp-json\/wp\/v2\/comments?post=83263"}],"version-history":[{"count":0,"href":"http:\/\/hoycordobaweb.com\/index.php\/wp-json\/wp\/v2\/posts\/83263\/revisions"}],"wp:featuredmedia":[{"embeddable":true,"href":"http:\/\/hoycordobaweb.com\/index.php\/wp-json\/wp\/v2\/media\/83264"}],"wp:attachment":[{"href":"http:\/\/hoycordobaweb.com\/index.php\/wp-json\/wp\/v2\/media?parent=83263"}],"wp:term":[{"taxonomy":"category","embeddable":true,"href":"http:\/\/hoycordobaweb.com\/index.php\/wp-json\/wp\/v2\/categories?post=83263"},{"taxonomy":"post_tag","embeddable":true,"href":"http:\/\/hoycordobaweb.com\/index.php\/wp-json\/wp\/v2\/tags?post=83263"}],"curies":[{"name":"wp","href":"https:\/\/api.w.org\/{rel}","templated":true}]}}