{"id":83232,"date":"2024-09-14T17:45:00","date_gmt":"2024-09-14T17:45:00","guid":{"rendered":"https:\/\/cordobaturismo.gov.ar\/?p=893714"},"modified":"2024-09-14T17:45:00","modified_gmt":"2024-09-14T17:45:00","slug":"se-lanzo-el-mes-del-senderismo-en-santa-rosa-de-calamuchita","status":"publish","type":"post","link":"http:\/\/hoycordobaweb.com\/index.php\/2024\/09\/14\/se-lanzo-el-mes-del-senderismo-en-santa-rosa-de-calamuchita\/","title":{"rendered":"Se lanz\u00f3 el Mes del Senderismo en Santa Rosa de Calamuchita"},"content":{"rendered":"<p>El Mes del Senderismo en C\u00f3rdoba ya est\u00e1 en marcha, ofreciendo a locales y turistas la posibilidad de descubrir las maravillas naturales de las sierras a trav\u00e9s de recorridos guiados y gratuitos. La iniciativa fue presentada en Santa Rosa de Calamuchita con la presencia del presidente de la Agencia C\u00f3rdoba Turismo, Dar\u00edo Capitani, el intendente de Santa Rosa, Eduardo Mart\u00edn y el intendente de Villa General Belgrano, Oscar Santarelli, entre otras autoridades.<\/p>\n<figure class=\"wp-block-image size-large\"><img loading=\"lazy\" fetchpriority=\"high\" decoding=\"async\" width=\"1024\" height=\"768\" src=\"http:\/\/hoycordobaweb.com\/wp-content\/uploads\/2024\/09\/se-lanzo-el-mes-del-senderismo-en-santa-rosa-de-calamuchita.jpg\" alt class=\"wp-image-893727\" srcset=\"http:\/\/hoycordobaweb.com\/wp-content\/uploads\/2024\/09\/se-lanzo-el-mes-del-senderismo-en-santa-rosa-de-calamuchita.jpg 1024w, http:\/\/hoycordobaweb.com\/wp-content\/uploads\/2024\/09\/se-lanzo-el-mes-del-senderismo-en-santa-rosa-de-calamuchita-13.jpg 300w, http:\/\/hoycordobaweb.com\/wp-content\/uploads\/2024\/09\/se-lanzo-el-mes-del-senderismo-en-santa-rosa-de-calamuchita-14.jpg 768w, http:\/\/hoycordobaweb.com\/wp-content\/uploads\/2024\/09\/se-lanzo-el-mes-del-senderismo-en-santa-rosa-de-calamuchita-15.jpg 1536w, http:\/\/hoycordobaweb.com\/wp-content\/uploads\/2024\/09\/se-lanzo-el-mes-del-senderismo-en-santa-rosa-de-calamuchita-16.jpg 1600w\" sizes=\"(max-width: 1024px) 100vw, 1024px\"><\/figure>\n<p>Durante el evento, Capitani destac\u00f3 la importancia de esta propuesta para C\u00f3rdoba, resaltando que \u201cm\u00e1s de 120 circuitos distribuidos por toda la provincia permiten a los participantes recorrer m\u00e1s de 1.000 kil\u00f3metros, disfrutando de los rincones m\u00e1s bellos de C\u00f3rdoba a trav\u00e9s de una actividad saludable como el senderismo\u00bb.<\/p>\n<figure class=\"wp-block-image size-large\"><img loading=\"lazy\" decoding=\"async\" width=\"1024\" height=\"768\" src=\"http:\/\/hoycordobaweb.com\/wp-content\/uploads\/2024\/09\/se-lanzo-el-mes-del-senderismo-en-santa-rosa-de-calamuchita-10.jpg\" alt class=\"wp-image-893728\" srcset=\"http:\/\/hoycordobaweb.com\/wp-content\/uploads\/2024\/09\/se-lanzo-el-mes-del-senderismo-en-santa-rosa-de-calamuchita-10.jpg 1024w, http:\/\/hoycordobaweb.com\/wp-content\/uploads\/2024\/09\/se-lanzo-el-mes-del-senderismo-en-santa-rosa-de-calamuchita-17.jpg 300w, http:\/\/hoycordobaweb.com\/wp-content\/uploads\/2024\/09\/se-lanzo-el-mes-del-senderismo-en-santa-rosa-de-calamuchita-18.jpg 768w, http:\/\/hoycordobaweb.com\/wp-content\/uploads\/2024\/09\/se-lanzo-el-mes-del-senderismo-en-santa-rosa-de-calamuchita-19.jpg 1536w, http:\/\/hoycordobaweb.com\/wp-content\/uploads\/2024\/09\/se-lanzo-el-mes-del-senderismo-en-santa-rosa-de-calamuchita-20.jpg 1600w\" sizes=\"(max-width: 1024px) 100vw, 1024px\"><\/figure>\n<p>El Mes del Senderismo se extiende durante todo septiembre, ofreciendo una amplia gama de actividades al aire libre, adaptadas a todas las edades y niveles de condici\u00f3n f\u00edsica. Adem\u00e1s de las rutas de trekking, los participantes podr\u00e1n disfrutar de avistaje de aves, observaci\u00f3n de mariposas, charlas de astronom\u00eda, entre otras propuestas. Cada actividad est\u00e1 dise\u00f1ada para conectar a los asistentes con la naturaleza, ofreciendo una experiencia enriquecedora y completa.<\/p>\n<p>Las caminatas se desarrollan en diferentes localidades serranas, con salidas programadas en distintos horarios y rutas que var\u00edan en intensidad y extensi\u00f3n, permitiendo que todos, desde principiantes hasta senderistas experimentados, puedan participar.<\/p>\n<figure class=\"wp-block-image size-large\"><img loading=\"lazy\" decoding=\"async\" width=\"1024\" height=\"576\" src=\"http:\/\/hoycordobaweb.com\/wp-content\/uploads\/2024\/09\/se-lanzo-el-mes-del-senderismo-en-santa-rosa-de-calamuchita-11.jpg\" alt class=\"wp-image-893729\" srcset=\"http:\/\/hoycordobaweb.com\/wp-content\/uploads\/2024\/09\/se-lanzo-el-mes-del-senderismo-en-santa-rosa-de-calamuchita-11.jpg 1024w, http:\/\/hoycordobaweb.com\/wp-content\/uploads\/2024\/09\/se-lanzo-el-mes-del-senderismo-en-santa-rosa-de-calamuchita-21.jpg 300w, http:\/\/hoycordobaweb.com\/wp-content\/uploads\/2024\/09\/se-lanzo-el-mes-del-senderismo-en-santa-rosa-de-calamuchita-22.jpg 768w, http:\/\/hoycordobaweb.com\/wp-content\/uploads\/2024\/09\/se-lanzo-el-mes-del-senderismo-en-santa-rosa-de-calamuchita-23.jpg 1536w, http:\/\/hoycordobaweb.com\/wp-content\/uploads\/2024\/09\/se-lanzo-el-mes-del-senderismo-en-santa-rosa-de-calamuchita-24.jpg 2000w\" sizes=\"(max-width: 1024px) 100vw, 1024px\"><\/figure>\n<p>Para conocer m\u00e1s detalles sobre los senderos disponibles, pod\u00e9s ingresar a: <a href=\"https:\/\/cordobaturismo.gov.ar\/cosas_para_hacer\/senderos-de-cordoba\/\"><em>cordobaturismo.gov.ar<\/em><\/a>.<\/p>\n<p>No te pierdas la oportunidad de ser parte de esta experiencia \u00fanica y saludable que nos invita a redescubrir C\u00f3rdoba. \u00a1El Mes del Senderismo ya est\u00e1 en marcha!<\/p>\n<p>Con la participaci\u00f3n de distintos municipios de la provincia, el presidente de la Agencia C\u00f3rdoba Turismo, Dar\u00edo Capitani, encabez\u00f3 la presentaci\u00f3n del Mes del Senderismo: \u201cInvitamos a todos los cordobeses y turistas del resto del pa\u00eds a que caminen y conozcan las distintos paisajes y bellezas naturales que tiene nuestra C\u00f3rdoba\u201d, asegur\u00f3.<\/p>\n<div class=\"row\" id=\"row-1109943894\">\n<div id=\"col-1411615450\" class=\"col small-12 large-12\">\n<div class=\"col-inner text-center\">\n<div class=\"img has-hover x md-x lg-x y md-y lg-y\" id=\"image_1899351800\">\n<div class=\"img-inner dark\"> <img loading=\"lazy\" decoding=\"async\" width=\"1600\" height=\"1200\" src=\"http:\/\/hoycordobaweb.com\/wp-content\/uploads\/2024\/09\/se-lanzo-el-mes-del-senderismo-en-santa-rosa-de-calamuchita-12.jpg\" class=\"attachment-original size-original\" alt srcset=\"http:\/\/hoycordobaweb.com\/wp-content\/uploads\/2024\/09\/se-lanzo-el-mes-del-senderismo-en-santa-rosa-de-calamuchita-12.jpg 1600w, http:\/\/hoycordobaweb.com\/wp-content\/uploads\/2024\/09\/se-lanzo-el-mes-del-senderismo-en-santa-rosa-de-calamuchita-25.jpg 300w, http:\/\/hoycordobaweb.com\/wp-content\/uploads\/2024\/09\/se-lanzo-el-mes-del-senderismo-en-santa-rosa-de-calamuchita-26.jpg 1024w, http:\/\/hoycordobaweb.com\/wp-content\/uploads\/2024\/09\/se-lanzo-el-mes-del-senderismo-en-santa-rosa-de-calamuchita-27.jpg 768w, http:\/\/hoycordobaweb.com\/wp-content\/uploads\/2024\/09\/se-lanzo-el-mes-del-senderismo-en-santa-rosa-de-calamuchita-28.jpg 1536w\" sizes=\"(max-width: 1600px) 100vw, 1600px\"> <\/div>\n<style>\n#image_1899351800 { width: 74%;\n}\n<\/style>\n<\/p><\/div><\/div><\/div><\/div>\n<h3>Mira el video!<\/h3>\n<div class=\"video video-fit mb\"><iframe loading=\"lazy\" title=\"Lanzamiento Mes del Senderismo\" width=\"1020\" height=\"765\" src=\"https:\/\/www.youtube.com\/embed\/h7U0NtdgXhA?feature=oembed\" frameborder=\"0\" allow=\"accelerometer; autoplay; clipboard-write; encrypted-media; gyroscope; picture-in-picture; web-share\" referrerpolicy=\"strict-origin-when-cross-origin\" allowfullscreen>[embedded content]<\/iframe><\/div>\n","protected":false},"excerpt":{"rendered":"<p>El Mes del Senderismo en C\u00f3rdoba ya est\u00e1 en marcha, ofreciendo a locales y turistas la posibilidad de descubrir las maravillas naturales de las sierras a trav\u00e9s de recorridos guiados y gratuitos. La iniciativa fue presentada en Santa Rosa de Calamuchita con la presencia del presidente de la Agencia C\u00f3rdoba Turismo, Dar\u00edo Capitani, el intendente [&hellip;]<\/p>\n","protected":false},"author":1,"featured_media":83233,"comment_status":"closed","ping_status":"closed","sticky":false,"template":"","format":"standard","meta":[],"categories":[19],"tags":[],"_links":{"self":[{"href":"http:\/\/hoycordobaweb.com\/index.php\/wp-json\/wp\/v2\/posts\/83232"}],"collection":[{"href":"http:\/\/hoycordobaweb.com\/index.php\/wp-json\/wp\/v2\/posts"}],"about":[{"href":"http:\/\/hoycordobaweb.com\/index.php\/wp-json\/wp\/v2\/types\/post"}],"author":[{"embeddable":true,"href":"http:\/\/hoycordobaweb.com\/index.php\/wp-json\/wp\/v2\/users\/1"}],"replies":[{"embeddable":true,"href":"http:\/\/hoycordobaweb.com\/index.php\/wp-json\/wp\/v2\/comments?post=83232"}],"version-history":[{"count":0,"href":"http:\/\/hoycordobaweb.com\/index.php\/wp-json\/wp\/v2\/posts\/83232\/revisions"}],"wp:featuredmedia":[{"embeddable":true,"href":"http:\/\/hoycordobaweb.com\/index.php\/wp-json\/wp\/v2\/media\/83233"}],"wp:attachment":[{"href":"http:\/\/hoycordobaweb.com\/index.php\/wp-json\/wp\/v2\/media?parent=83232"}],"wp:term":[{"taxonomy":"category","embeddable":true,"href":"http:\/\/hoycordobaweb.com\/index.php\/wp-json\/wp\/v2\/categories?post=83232"},{"taxonomy":"post_tag","embeddable":true,"href":"http:\/\/hoycordobaweb.com\/index.php\/wp-json\/wp\/v2\/tags?post=83232"}],"curies":[{"name":"wp","href":"https:\/\/api.w.org\/{rel}","templated":true}]}}