{"id":83222,"date":"2024-09-17T11:38:49","date_gmt":"2024-09-17T11:38:49","guid":{"rendered":"https:\/\/www.ole.com.ar\/futbol-internacional\/champions\/kylian-mbappe-real-madrid-champions-league-real-madrid-paris-saint-germain_0_ZN4AoVI4va.html"},"modified":"2024-09-17T11:38:49","modified_gmt":"2024-09-17T11:38:49","slug":"noveno-intento-con-su-tercera-camiseta-mbappe-va-por-la-champions-postergada","status":"publish","type":"post","link":"http:\/\/hoycordobaweb.com\/index.php\/2024\/09\/17\/noveno-intento-con-su-tercera-camiseta-mbappe-va-por-la-champions-postergada\/","title":{"rendered":"Noveno intento con su tercera camiseta: Mbapp\u00e9 va por la Champions postergada"},"content":{"rendered":"<p><img src=\"http:\/\/hoycordobaweb.com\/wp-content\/uploads\/2024\/09\/noveno-intento-con-su-tercera-camiseta-mbappe-va-por-la-champions-postergada.jpg\"><\/p>\n<p><time class=\"createDate\" datetime=\"2024-09-17T08:38:49-03:00\">17\/09\/2024 08:38hs.<\/time><\/p>\n<div id=\"storyBody\">\n<div class=\"custom-text \" readability=\"37.299242424242\">\n<p>El <strong><a href=\"https:\/\/www.ole.com.ar\/tema\/real-madrid.html\" title=\"Real Madrid\" alt=\"Real Madrid\" class=\"slug\">Real Madrid<\/a><\/strong> se prepara para debutar en la nueva <strong><a href=\"https:\/\/www.ole.com.ar\/tema\/champions-league.html\" title=\"Champions League\" alt=\"Champions League\" class=\"slug\">Champions League<\/a><\/strong> con su flamante estrella, <strong><a href=\"https:\/\/www.ole.com.ar\/tema\/kylian-mbappe.html\" title=\"Kylian Mbapp\u00e9\" alt=\"Kylian Mbapp\u00e9\" class=\"slug\">Kylian Mbapp\u00e9<\/a><\/strong>. El astro franc\u00e9s tiene como gran objetivo<strong> levantar su primera Orejona<\/strong> y, con el equipo Merengue, parece estar m\u00e1s cerca que nunca de conseguirlo. El actual campe\u00f3n del torneo <strong>y m\u00e1ximo ganador con 15 t\u00edtulos<\/strong> se perfila nuevamente como el principal candidato a repetir la haza\u00f1a. No solo por la llegada de Kiki, sino tambi\u00e9n por su plantel repleto de figuras como <strong><a href=\"https:\/\/www.ole.com.ar\/tema\/vinicius.html\" title=\"Vinicius\" alt=\"Vinicius\" class=\"slug\">Vinicius<\/a><\/strong>, <strong><a href=\"https:\/\/www.ole.com.ar\/tema\/rodrygo.html\" title=\"Rodrygo\" alt=\"Rodrygo\" class=\"slug\">Rodrygo<\/a><\/strong>, <strong><a href=\"https:\/\/www.ole.com.ar\/tema\/federico-valverde.html\" title=\"Federico Valverde\" alt=\"Federico Valverde\" class=\"slug\">Valverde<\/a><\/strong>, <strong><a href=\"https:\/\/www.ole.com.ar\/tema\/luka-modric.html\" title=\"Luka Modric\" alt=\"Luka Modric\" class=\"slug\">Modric<\/a><\/strong>, entre otros.<\/p>\n<\/div>\n<div class=\"custom-text \" readability=\"36.82119205298\">\n<p>La Tortuga, a sus 25 a\u00f1os,<strong> ya jug\u00f3 78 partidos<\/strong> <strong>y convirti\u00f3 48 goles <\/strong>en la competici\u00f3n desde que se dio a conocer al mundo con el <strong>M\u00f3naco, <\/strong>en la temporada 2016\/17. Con una carrera corta, Mbapp\u00e9 ya goza de algunos records en la m\u00e1xima competici\u00f3n europea: <strong>ocupa el puesto 9\u00ba en la lista de goleadores hist\u00f3ricos de la Champions League<\/strong> (excluyendo la fase de clasificaci\u00f3n), empatado con <strong><a href=\"https:\/\/www.ole.com.ar\/tema\/zlatan-ibrahimovic.html\" title=\"Zlatan Ibrahimovic\" alt=\"Zlatan Ibrahimovic\" class=\"slug\">Zlatan Ibrahimovi\u0107<\/a><\/strong> y <strong><a href=\"https:\/\/www.ole.com.ar\/tema\/andriy-shevchenko.html\" title=\"Andriy Shevchenko\" alt=\"Andriy Shevchenko\" class=\"slug\">Andriy Shevchenko<\/a><\/strong> dentro el top ten.<\/p>\n<\/div>\n<p><h2><strong>Sus n\u00fameros en la Champions<\/strong><\/h2>\n<\/p>\n<div class=\"custom-text \" readability=\"39\">\n<p>Kylian debut\u00f3 a lo grande en la Orejona con <strong>los seis goles hechos con el M\u00f3naco, en su primera temporada en la Champions<\/strong>. Adem\u00e1s, tiene la grandiosa estad\u00edstica de convertir al menos cuatro tantos en cada campa\u00f1a desde entonces. Su d\u00e9cimo gol en Champions, en la derrota por 3-1 ante el Bayern en diciembre de 2017, <strong>lo convirti\u00f3 en el jugador m\u00e1s joven en alcanzar esa cifra (18 a\u00f1os y 350 d\u00edas)<\/strong>.<\/p>\n<\/div>\n<div class=\"sc-e7b891c4-0 ifHnQL\"><img alt=\"Mbapp\u00e9 cuando se dio a conocer al mundo.(EFE)\" loading=\"lazy\" width=\"720\" height=\"100\" decoding=\"async\" data-nimg=\"1\" src=\"http:\/\/hoycordobaweb.com\/wp-content\/uploads\/2024\/09\/noveno-intento-con-su-tercera-camiseta-mbappe-va-por-la-champions-postergada-2.jpg\"><span class=\"epigraphe\">Mbapp\u00e9 cuando se dio a conocer al mundo.(EFE)<\/span><\/div>\n<div class=\"custom-text \" readability=\"30.380733944954\">\n<p>Es recordada su campa\u00f1a con el M\u00f3naco, donde lleg\u00f3 a semifinales, eliminando a dos grandes clubes europeos como el <strong><a href=\"https:\/\/www.ole.com.ar\/tema\/borussia-dortmund.html\" title=\"Borussia Dortmund\" alt=\"Borussia Dortmund\" class=\"slug\">Borussia Dortmund<\/a><\/strong> y el <strong><a href=\"https:\/\/www.ole.com.ar\/tema\/manchester-city.html\" title=\"Manchester City\" alt=\"Manchester City\" class=\"slug\">Manchester City<\/a><\/strong> de <strong><a href=\"https:\/\/www.ole.com.ar\/tema\/sergio-aguero.html\" title=\"Sergio Ag\u00fcero\" alt=\"Sergio Ag\u00fcero\" class=\"slug\">Ag\u00fcero<\/a><\/strong>, jugando nueve partidos y convirtiendo seis goles.<\/p>\n<\/div>\n<div class=\"custom-text \" readability=\"31.353413654618\">\n<p>Con su llegada al <strong><a href=\"https:\/\/www.ole.com.ar\/tema\/paris-saint-germain.html\" title=\"Paris Saint Germain\" alt=\"Paris Saint Germain\" class=\"slug\">PSG<\/a><\/strong>, los goles aumentaron. <strong>Disput\u00f3 64 partidos y convirti\u00f3 42 veces con el club<\/strong> <strong>parisino<\/strong>. All\u00ed destaca su temporada 2019\/20, en la que lleg\u00f3 a la final junto a <strong><a href=\"https:\/\/www.ole.com.ar\/tema\/neymar.html\" title=\"Neymar\" alt=\"Neymar\" class=\"slug\">Neymar<\/a><\/strong>, <strong><a href=\"https:\/\/www.ole.com.ar\/tema\/angel-di-maria.html\" title=\"Angel DI Mar\u00eda\" alt=\"Angel DI Mar\u00eda\" class=\"slug\">\u00c1ngel Di Mar\u00eda<\/a><\/strong> y <strong><a href=\"https:\/\/www.ole.com.ar\/tema\/leandro-paredes.html\" title=\"Leandro Paredes\" alt=\"Leandro Paredes\" class=\"slug\">Paredes<\/a> (<\/strong>perdi\u00f3 ante el <a href=\"https:\/\/www.ole.com.ar\/tema\/bayern-munich.html\" title=\"Bayern Munich\" alt=\"Bayern Munich\" class=\"slug\">Bayern<\/a> Munich).<\/p>\n<\/div>\n<div class=\"sc-e7b891c4-0 ifHnQL\"><img alt=\"La Champions se le es esquiva a Kiki(AFP)\" loading=\"lazy\" width=\"720\" height=\"100\" decoding=\"async\" data-nimg=\"1\" src=\"http:\/\/hoycordobaweb.com\/wp-content\/uploads\/2024\/09\/noveno-intento-con-su-tercera-camiseta-mbappe-va-por-la-champions-postergada-3.jpg\"><span class=\"epigraphe\">La Champions se le es esquiva a Kiki(AFP)<\/span><\/div>\n<div class=\"custom-text \" readability=\"39.904231625835\">\n<p><strong>Mbapp\u00e9 solo hizo dos hat-tricks en la Champions<\/strong>, ambos de visitante. Uno en un triunfo por 5-0 del Par\u00eds contra el Brujas, en octubre de 2019, y otro en el 4-1 logrado ante el Barcelona en los octavos de final de 2020\/21. En la vuelta de esta \u00faltima eliminatoria, convirti\u00f3 un penal para superar a <strong><a href=\"https:\/\/www.ole.com.ar\/tema\/lionel-messi.html\" title=\"Lionel Messi\" alt=\"Lionel Messi\" class=\"slug\">Messi <\/a><\/strong>como <strong>el jugador m\u00e1s joven en alcanzar los 25 goles en la Orejona<\/strong>, con 22 a\u00f1os y 80 d\u00edas, aunque <strong><a href=\"https:\/\/www.ole.com.ar\/tema\/haaland.html\" title=\"Haaland\" alt=\"Haaland\" class=\"slug\">Haaland <\/a><\/strong>bati\u00f3 posteriormente ese r\u00e9cord.<\/p>\n<\/div>\n<p><h2><strong>\u00bfA qui\u00e9n le hizo m\u00e1s goles?<\/strong><\/h2>\n<\/p>\n<div class=\"custom-text \" readability=\"37\">\n<p>El rival preferido de Mbapp\u00e9 en la competici\u00f3n es el <strong>Brujas<\/strong>. Le marc\u00f3 cinco goles, con un promedio de un gol cada 51 minutos ante los belgas. No logr\u00f3 convertir ante cuatro de los 23 equipos a los que se enfrent\u00f3: <strong>Atalanta, CSKA de Mosc\u00fa, Leverkusen y Napoli<\/strong>.<\/p>\n<\/div>\n<div class=\"sc-e7b891c4-0 ifHnQL\"><img alt=\"Mbapp\u00e9 va en b\u00fasqueda de su primera Champions. (EFE)\" loading=\"lazy\" width=\"720\" height=\"100\" decoding=\"async\" data-nimg=\"1\" src=\"http:\/\/hoycordobaweb.com\/wp-content\/uploads\/2024\/09\/noveno-intento-con-su-tercera-camiseta-mbappe-va-por-la-champions-postergada-4.jpg\"><span class=\"epigraphe\">Mbapp\u00e9 va en b\u00fasqueda de su primera Champions. (EFE)<\/span><\/div>\n<p><h2><strong>Los records de Mbapp\u00e9 en la Champions League<\/strong><\/h2>\n<\/p>\n<div class=\"custom-text \">\n<ul>\n<li>Jugador m\u00e1s joven en hacer 10 goles \u2013 18 a\u00f1os y 350 d\u00edas<\/li>\n<li>Jugador franc\u00e9s m\u00e1s joven en convertir en un partido de eliminatorias de la Champions League &#8211; 18 a\u00f1os y 63 d\u00edas (Manchester City &#8211; M\u00f3naco 5-3, 21\/02\/17, ida de octavos de final)<\/li>\n<li>Jugador m\u00e1s joven en hacer m\u00e1s de un gol en un partido de eliminatorias de la Champions League: dos goles: 18 a\u00f1os y 113 d\u00edas (Dortmund &#8211; M\u00f3naco 2-3, 12\/04\/17, ida de cuartos de final)<\/li>\n<li>Jugador m\u00e1s joven en convertir en dos partidos consecutivos de las rondas eliminatorias de la Champions League: 18 a\u00f1os y 85 d\u00edas (M\u00f3naco &#8211; Manchester City 3-1, 15\/03\/17, vuelta de octavos de final)<\/li>\n<li>Jugador m\u00e1s joven en convertir en tres partidos consecutivos de la fase de eliminatorias de la Champions League &#8211; 18 a\u00f1os y 113 d\u00edas (Dortmund &#8211; M\u00f3naco 2-3, 12\/04\/17, ida de cuartos de final)<\/li>\n<li>Jugador m\u00e1s joven en convertir en cuatro partidos consecutivos de la fase de eliminatorias de la Champions League: 18 a\u00f1os y 120 d\u00edas (M\u00f3naco &#8211; Dortmund 3-1, 19\/04\/17, vuelta de cuartos de final)<\/li>\n<li>Mayor n\u00famero de goles en la fase de eliminatorias de la Champions League hechos por un jugador menor de 19 a\u00f1os: seis tantos, el \u00faltimo de ellos a los 18 a\u00f1os y 140 d\u00edas (Juventus &#8211; M\u00f3naco 2-1, 09\/05\/17, partido de vuelta de semifinales)<\/li>\n<li>Mayor n\u00famero de goles en la fase eliminatoria de la Champions League marcados con menos de 21 a\u00f1os: siete goles, el \u00faltimo de ellos con 20 a\u00f1os y 54 d\u00edas (Manchester United &#8211; Paris 0-2, 12\/02\/19, ida de octavos de final)<\/li>\n<li>Goleador m\u00e1s joven en un partido de semifinales de la Champions League: 18 a\u00f1os y 140 d\u00edas (Juventus &#8211; M\u00f3naco 2-1, 09\/05\/17, partido de vuelta de semifinales)<\/li>\n<li>Mayor n\u00famero de goles en la Champions League con menos de 19 a\u00f1os: 13 goles en 23 partidos; el siguiente mejor es Haaland, con diez goles en ocho partidos<\/li>\n<li>Jugador franc\u00e9s m\u00e1s joven en hacer un hat-trick en la Champions League &#8211; 20 a\u00f1os y 306 d\u00edas (Brujas &#8211; Paris 0-5, 22\/10\/19, fase de grupos)<\/li>\n<li>Jugador m\u00e1s joven en marcar un hat-trick de visitante en un partido de la fase eliminatoria de la Champions League &#8211; 22 a\u00f1os y 58 d\u00edas (Barcelona &#8211; Paris 1-4, 16\/02\/21, ida de octavos de final)<\/li>\n<\/ul>\n<\/div>\n<p><h2><strong>\u00bfQu\u00e9 records le puede arrebatar a Messi?<\/strong><\/h2>\n<\/p>\n<div class=\"custom-text \">\n<ul>\n<li>Jugador en necesitar menos partidos para marcar 60 goles \u2013 (Messi necesit\u00f3 80 partidos)<\/li>\n<\/ul>\n<\/div>\n<p><h2><strong>\u00bfA qu\u00e9 hora juegan Real Madrid vs. Stuttgart?<\/strong><\/h2>\n<\/p>\n<div class=\"custom-text \" readability=\"33\">\n<p>El partido <strong>se disputar\u00e1 el martes 17 de septiembre de 2024 a las 16:00 (hora argentina)<\/strong> en el Estadio Santiago Bernab\u00e9u.<\/p>\n<\/div>\n<div class=\"sc-e7b891c4-0 ifHnQL\"><img alt=\"Las estrellas del Madrid en acci\u00f3n. (AP)\" loading=\"lazy\" width=\"720\" height=\"100\" decoding=\"async\" data-nimg=\"1\" src=\"http:\/\/hoycordobaweb.com\/wp-content\/uploads\/2024\/09\/noveno-intento-con-su-tercera-camiseta-mbappe-va-por-la-champions-postergada-5.jpg\"><span class=\"epigraphe\">Las estrellas del Madrid en acci\u00f3n. (AP)<\/span><\/div>\n<p><h2><strong>\u00bfPor d\u00f3nde ver en vivo Real Madrid vs. Stuttgart?<\/strong><\/h2>\n<\/p>\n<div class=\"custom-text \" readability=\"34\">\n<p>El partido ser\u00e1 transmitido por la se\u00f1al de <strong>Fox Sports<\/strong> y v\u00eda streaming a trav\u00e9s de <strong>Disney+<\/strong>. Tambi\u00e9n vas a poder seguir el minuto a minuto por la web de <strong>Ol\u00e9<\/strong>, como siempre.<\/p>\n<\/div>\n<div class=\"sc-a7166897-0 eoLsBE\" readability=\"6.5\">\n<section readability=\"3\"><picture><img alt=\"Las duras lesiones del Barcelona y Real Madrid de cara a sus estrenos en la Champions League \" loading=\"lazy\" width=\"290\" height=\"290\" decoding=\"async\" data-nimg=\"1\" src=\"http:\/\/hoycordobaweb.com\/wp-content\/uploads\/2024\/09\/noveno-intento-con-su-tercera-camiseta-mbappe-va-por-la-champions-postergada-6.jpg\"><\/picture>\n<p><span>Mir\u00e1 tambi\u00e9n<\/span><\/p>\n<hr>\n<h3>Las duras lesiones del Barcelona y Real Madrid de cara a sus estrenos en la Champions League <\/h3>\n<\/p>\n<\/section>\n<\/div>\n<div class=\"sc-a7166897-0 eoLsBE\" readability=\"7\">\n<section readability=\"4\"><picture><img alt=\"C\u00f3mo ver la Champions League desde USA: TV, d\u00edas, partidos y m\u00e1s\" loading=\"lazy\" width=\"290\" height=\"290\" decoding=\"async\" data-nimg=\"1\" src=\"http:\/\/hoycordobaweb.com\/wp-content\/uploads\/2024\/09\/noveno-intento-con-su-tercera-camiseta-mbappe-va-por-la-champions-postergada-7.jpg\"><\/picture>\n<p><span>Mir\u00e1 tambi\u00e9n<\/span><\/p>\n<hr>\n<h3>C\u00f3mo ver la Champions League desde USA: TV, d\u00edas, partidos y m\u00e1s<\/h3>\n<\/p>\n<\/section>\n<\/div>\n<div class=\"sc-a7166897-0 eoLsBE\" readability=\"6\">\n<section readability=\"2\"><picture><img alt=\"La cifra de goles de Mbapp\u00e9 en Champions League: \u00bfcu\u00e1ntos anot\u00f3 vs. Real Madrid?\" loading=\"lazy\" width=\"290\" height=\"290\" decoding=\"async\" data-nimg=\"1\" src=\"http:\/\/hoycordobaweb.com\/wp-content\/uploads\/2024\/09\/noveno-intento-con-su-tercera-camiseta-mbappe-va-por-la-champions-postergada-8.jpg\"><\/picture>\n<p><span>Mir\u00e1 tambi\u00e9n<\/span><\/p>\n<hr>\n<h3>La cifra de goles de Mbapp\u00e9 en Champions League: \u00bfcu\u00e1ntos anot\u00f3 vs. Real Madrid?<\/h3>\n<\/p>\n<\/section>\n<\/div>\n<\/div>\n","protected":false},"excerpt":{"rendered":"<p>17\/09\/2024 08:38hs. El Real Madrid se prepara para debutar en la nueva Champions League con su flamante estrella, Kylian Mbapp\u00e9. El astro franc\u00e9s tiene como gran objetivo levantar su primera Orejona y, con el equipo Merengue, parece estar m\u00e1s cerca que nunca de conseguirlo. El actual campe\u00f3n del torneo y m\u00e1ximo ganador con 15 t\u00edtulos [&hellip;]<\/p>\n","protected":false},"author":1,"featured_media":83223,"comment_status":"open","ping_status":"closed","sticky":false,"template":"","format":"standard","meta":[],"categories":[16],"tags":[],"_links":{"self":[{"href":"http:\/\/hoycordobaweb.com\/index.php\/wp-json\/wp\/v2\/posts\/83222"}],"collection":[{"href":"http:\/\/hoycordobaweb.com\/index.php\/wp-json\/wp\/v2\/posts"}],"about":[{"href":"http:\/\/hoycordobaweb.com\/index.php\/wp-json\/wp\/v2\/types\/post"}],"author":[{"embeddable":true,"href":"http:\/\/hoycordobaweb.com\/index.php\/wp-json\/wp\/v2\/users\/1"}],"replies":[{"embeddable":true,"href":"http:\/\/hoycordobaweb.com\/index.php\/wp-json\/wp\/v2\/comments?post=83222"}],"version-history":[{"count":0,"href":"http:\/\/hoycordobaweb.com\/index.php\/wp-json\/wp\/v2\/posts\/83222\/revisions"}],"wp:featuredmedia":[{"embeddable":true,"href":"http:\/\/hoycordobaweb.com\/index.php\/wp-json\/wp\/v2\/media\/83223"}],"wp:attachment":[{"href":"http:\/\/hoycordobaweb.com\/index.php\/wp-json\/wp\/v2\/media?parent=83222"}],"wp:term":[{"taxonomy":"category","embeddable":true,"href":"http:\/\/hoycordobaweb.com\/index.php\/wp-json\/wp\/v2\/categories?post=83222"},{"taxonomy":"post_tag","embeddable":true,"href":"http:\/\/hoycordobaweb.com\/index.php\/wp-json\/wp\/v2\/tags?post=83222"}],"curies":[{"name":"wp","href":"https:\/\/api.w.org\/{rel}","templated":true}]}}