{"id":83168,"date":"2024-09-16T12:20:00","date_gmt":"2024-09-16T12:20:00","guid":{"rendered":"https:\/\/www.ole.com.ar\/futbol-internacional\/robin-van-persie-heerenveen-goleada_0_rhMgsCtJGw.html"},"modified":"2024-09-16T12:20:00","modified_gmt":"2024-09-16T12:20:00","slug":"ex-goleador-de-la-premier-asumio-como-dt-y-perdio-9-a-1-seguiremos-jugando-igual","status":"publish","type":"post","link":"http:\/\/hoycordobaweb.com\/index.php\/2024\/09\/16\/ex-goleador-de-la-premier-asumio-como-dt-y-perdio-9-a-1-seguiremos-jugando-igual\/","title":{"rendered":"Ex goleador de la Premier, asumi\u00f3 como DT y perdi\u00f3 9 a 1: \u00abSeguiremos jugando igual\u00bb"},"content":{"rendered":"<p><img src=\"http:\/\/hoycordobaweb.com\/wp-content\/uploads\/2024\/09\/ex-goleador-de-la-premier-asumio-como-dt-y-perdio-9-a-1-seguiremos-jugando-igual.jpg\"><\/p>\n<p><time class=\"createDate\" datetime=\"2024-09-16T09:20:00-03:00\">16\/09\/2024 09:20hs.<\/time><\/p>\n<div id=\"storyBody\">\n<div class=\"custom-text \" readability=\"35.801619433198\">\n<p>El nombre <strong><a href=\"https:\/\/www.ole.com.ar\/futbol-internacional\/van-persie-retiro-homenaje-feyenoord_0_TFrme6hX9.html\" target=\"_self\" title=\"Robin Van Persie\" alt=\"Robin Van Persie\" rel=\"noopener noreferrer\">Robin Van Persie<\/a><\/strong> remite a goles. Resulta inevitable. <strong>Dos veces goleador en la Premier League con la camiseta del Arsenal, es adem\u00e1s el m\u00e1ximo anotador de la historia de la selecci\u00f3n de Pa\u00edses Bajos (50 goles en 100 partidos)<\/strong>. Todav\u00eda se recuerda su golazo de palomita a Espa\u00f1a en el Mundial de Brasil 2014. En su carrera convirti\u00f3 356 en 711 partidos. Pero hoy le toca sufrirlos en vez de festejarlos&#8230; En su cuarto partido como entrenador del Heerenveen, su equipo cay\u00f3 9-1.<\/p>\n<\/div>\n<div class=\"custom-text \" readability=\"43\">\n<p>Por la cuarta fecha de la Eredivisie, la liga neerlandesa, el Heerenveen perdi\u00f3 de manera estrepitosa con el AZ Alkmaar. <strong>Ese 9-1 significa la peor derrota en la historia del club<\/strong>, fundado en 1920. Sin embargo, m\u00e1s all\u00e1 del dolor por el resultado abultado, Van Persie sorprendi\u00f3 en la conferencia de prensa por su postura ante la ca\u00edda. <strong>\u00abSeguiremos jugando igual, no estamos traumatizados por lo que ocurri\u00f3. Es lo que creo, en lo que creemos. <\/strong>El martes tenemos revancha ante el Twente\u00bb, afirm\u00f3 el ex delantero.<\/p>\n<\/div>\n<div class=\"custom-text \" readability=\"41\">\n<p>Pese a la goleada en contra, el equipo lider\u00f3 la estad\u00edstica en cuanto a la posesi\u00f3n del bal\u00f3n. <strong>Un 53% de tenencia<\/strong> que va de la mano con la idea de juego de Van Persie. Aunque el equipo pag\u00f3 muy caro los errores defensivos que llevaron al AZ Alkmaar, segundo detr\u00e1s del PSV Eindhoven en la tabla, a una goleada impensada. Troy Parrot, ex jugador del Tottenham, meti\u00f3 cuatro tantos. A los 19 minutos de juego, el partido estaba 1 a 1 pero todo se desmoron\u00f3 despu\u00e9s.<\/p>\n<\/div>\n<div class=\"custom-text \" readability=\"35\">\n<p>En su corta experiencia al frente del Heerenveen, Van Persie acumula un triunfo (4-0 al Nac Breda), un empate y dos derrotas. <\/p>\n<\/div>\n<p><h2><strong>Un delantero con historia<\/strong><\/h2>\n<\/p>\n<div class=\"custom-text \" readability=\"37\">\n<p>Luego de debutar en su pa\u00eds en el Feyenoord en la temporada 2001\/02 y permanecer all\u00ed durante tres a\u00f1os (gan\u00f3 una Europa League), Van Persie peg\u00f3 el salto al Arsenal de Inglaterra dirigido por Arsene Wenger. <strong>All\u00ed sac\u00f3 chapa de goleador y sigui\u00f3 la l\u00ednea de sus antecesores en la delantera, Dennis Bergkamp y Thierry Henry.<\/strong><\/p>\n<\/div>\n<div class=\"custom-text \" readability=\"34\">\n<p>En el club londinense estuvo durante ocho temporadas, del 2004 al 2012. Conquist\u00f3 dos t\u00edtulos (la Copa de la Liga y la FA Cup) y en dos ocasiones termin\u00f3 como el m\u00e1ximo goleador de la Premier.<\/p>\n<\/div>\n<div class=\"sc-e7b891c4-0 ifHnQL\"><img alt=\"Van Persie brill\u00f3 en el Arsenal.\" loading=\"lazy\" width=\"720\" height=\"100\" decoding=\"async\" data-nimg=\"1\" src=\"http:\/\/hoycordobaweb.com\/wp-content\/uploads\/2024\/09\/ex-goleador-de-la-premier-asumio-como-dt-y-perdio-9-a-1-seguiremos-jugando-igual-2.jpg\"><span class=\"epigraphe\">Van Persie brill\u00f3 en el Arsenal.<\/span><\/div>\n<div class=\"custom-text \" readability=\"33\">\n<p>A mediados del 2012 fue transferido al Manchester United. Con los Red Devils conquist\u00f3 la Premier League adem\u00e1s de una Copa de la Liga.<\/p>\n<\/div>\n<div class=\"sc-e7b891c4-0 ifHnQL\"><img alt=\"Van Persie en el United, en un cl\u00e1sico con el City. En la acci\u00f3n, ante Zabaleta.\" loading=\"lazy\" width=\"720\" height=\"100\" decoding=\"async\" data-nimg=\"1\" src=\"http:\/\/hoycordobaweb.com\/wp-content\/uploads\/2024\/09\/ex-goleador-de-la-premier-asumio-como-dt-y-perdio-9-a-1-seguiremos-jugando-igual-3.jpg\"><span class=\"epigraphe\">Van Persie en el United, en un cl\u00e1sico con el City. En la acci\u00f3n, ante Zabaleta.<\/span><\/div>\n<div class=\"custom-text \" readability=\"35\">\n<p>En junio del 2015 pas\u00f3 al Fenerbahce de Turqu\u00eda y en el enero del 2018 regres\u00f3 al Feyenoord, donde comenz\u00f3 su carrera. En el club neerland\u00e9s lleg\u00f3 al gol 300 en su carrera y se retir\u00f3 ganando un t\u00edtulo. A mediados del 2019 colg\u00f3 los botines. <\/p>\n<\/div>\n<div class=\"sc-e7b891c4-0 ifHnQL\"><img alt=\"Van Persie en el Feyenoord, el d\u00eda de su retiro definitivo del f\u00fatbol.\" loading=\"lazy\" width=\"720\" height=\"100\" decoding=\"async\" data-nimg=\"1\" src=\"http:\/\/hoycordobaweb.com\/wp-content\/uploads\/2024\/09\/ex-goleador-de-la-premier-asumio-como-dt-y-perdio-9-a-1-seguiremos-jugando-igual-4.jpg\"><span class=\"epigraphe\">Van Persie en el Feyenoord, el d\u00eda de su retiro definitivo del f\u00fatbol.<\/span><\/div>\n<div class=\"custom-text \" readability=\"35\">\n<p>En su selecci\u00f3n tuvo una destacada participaci\u00f3n. <strong>Se convirti\u00f3 en el m\u00e1ximo goleador de la historia de la Orange y disput\u00f3 tres Mundiales<\/strong> (octavos de final en el 2006, subcampe\u00f3n en el 2010 y tercero en el 2014). Por Copas del Mundo sum\u00f3 6 goles en 18 encuentros.<\/p>\n<\/div>\n<div class=\"sc-a7166897-0 eoLsBE\" readability=\"6\">\n<section readability=\"2\"><picture><img alt=\"El incre\u00edble parecido entre Van Persie y su &quot;hijo&quot; Riqui Puig\" loading=\"lazy\" width=\"290\" height=\"290\" decoding=\"async\" data-nimg=\"1\" src=\"http:\/\/hoycordobaweb.com\/wp-content\/uploads\/2024\/09\/ex-goleador-de-la-premier-asumio-como-dt-y-perdio-9-a-1-seguiremos-jugando-igual-5.jpg\"><\/picture>\n<p><span>Mir\u00e1 tambi\u00e9n<\/span><\/p>\n<hr>\n<h3>El incre\u00edble parecido entre Van Persie y su \u00abhijo\u00bb Riqui Puig<\/h3>\n<\/p>\n<\/section>\n<\/div>\n<div class=\"sc-a7166897-0 eoLsBE\" readability=\"6\">\n<section readability=\"2\"><picture><img alt=\"Pratto y una foto con la estrella al que encandil\u00f3 en Madrid\" loading=\"lazy\" width=\"290\" height=\"290\" decoding=\"async\" data-nimg=\"1\" src=\"http:\/\/hoycordobaweb.com\/wp-content\/uploads\/2024\/09\/ex-goleador-de-la-premier-asumio-como-dt-y-perdio-9-a-1-seguiremos-jugando-igual-6.jpg\"><\/picture>\n<p><span>Mir\u00e1 tambi\u00e9n<\/span><\/p>\n<hr>\n<h3>Pratto y una foto con la estrella al que encandil\u00f3 en Madrid<\/h3>\n<\/p>\n<\/section>\n<\/div>\n<div class=\"sc-a7166897-0 eoLsBE\" readability=\"6\">\n<section readability=\"2\"><picture><img alt=\"Golazo del hijo de un crack\" loading=\"lazy\" width=\"290\" height=\"290\" decoding=\"async\" data-nimg=\"1\" src=\"http:\/\/hoycordobaweb.com\/wp-content\/uploads\/2024\/09\/ex-goleador-de-la-premier-asumio-como-dt-y-perdio-9-a-1-seguiremos-jugando-igual-7.jpg\"><\/picture>\n<p><span>Mir\u00e1 tambi\u00e9n<\/span><\/p>\n<hr>\n<h3>Golazo del hijo de un crack<\/h3>\n<\/p>\n<\/section>\n<\/div>\n<div class=\"sc-a7166897-0 eoLsBE\" readability=\"6\">\n<section readability=\"2\"><picture><img alt=\"El d\u00eda que Van Gaal le peg\u00f3 a Van Persie\" loading=\"lazy\" width=\"290\" height=\"290\" decoding=\"async\" data-nimg=\"1\" src=\"http:\/\/hoycordobaweb.com\/wp-content\/uploads\/2024\/09\/ex-goleador-de-la-premier-asumio-como-dt-y-perdio-9-a-1-seguiremos-jugando-igual-8.jpg\"><\/picture>\n<p><span>Mir\u00e1 tambi\u00e9n<\/span><\/p>\n<hr>\n<h3>El d\u00eda que Van Gaal le peg\u00f3 a Van Persie<\/h3>\n<\/p>\n<\/section>\n<\/div>\n<\/div>\n","protected":false},"excerpt":{"rendered":"<p>16\/09\/2024 09:20hs. El nombre Robin Van Persie remite a goles. Resulta inevitable. Dos veces goleador en la Premier League con la camiseta del Arsenal, es adem\u00e1s el m\u00e1ximo anotador de la historia de la selecci\u00f3n de Pa\u00edses Bajos (50 goles en 100 partidos). Todav\u00eda se recuerda su golazo de palomita a Espa\u00f1a en el Mundial [&hellip;]<\/p>\n","protected":false},"author":1,"featured_media":83169,"comment_status":"open","ping_status":"closed","sticky":false,"template":"","format":"standard","meta":[],"categories":[16],"tags":[],"_links":{"self":[{"href":"http:\/\/hoycordobaweb.com\/index.php\/wp-json\/wp\/v2\/posts\/83168"}],"collection":[{"href":"http:\/\/hoycordobaweb.com\/index.php\/wp-json\/wp\/v2\/posts"}],"about":[{"href":"http:\/\/hoycordobaweb.com\/index.php\/wp-json\/wp\/v2\/types\/post"}],"author":[{"embeddable":true,"href":"http:\/\/hoycordobaweb.com\/index.php\/wp-json\/wp\/v2\/users\/1"}],"replies":[{"embeddable":true,"href":"http:\/\/hoycordobaweb.com\/index.php\/wp-json\/wp\/v2\/comments?post=83168"}],"version-history":[{"count":0,"href":"http:\/\/hoycordobaweb.com\/index.php\/wp-json\/wp\/v2\/posts\/83168\/revisions"}],"wp:featuredmedia":[{"embeddable":true,"href":"http:\/\/hoycordobaweb.com\/index.php\/wp-json\/wp\/v2\/media\/83169"}],"wp:attachment":[{"href":"http:\/\/hoycordobaweb.com\/index.php\/wp-json\/wp\/v2\/media?parent=83168"}],"wp:term":[{"taxonomy":"category","embeddable":true,"href":"http:\/\/hoycordobaweb.com\/index.php\/wp-json\/wp\/v2\/categories?post=83168"},{"taxonomy":"post_tag","embeddable":true,"href":"http:\/\/hoycordobaweb.com\/index.php\/wp-json\/wp\/v2\/tags?post=83168"}],"curies":[{"name":"wp","href":"https:\/\/api.w.org\/{rel}","templated":true}]}}